{"id":18344,"date":"2025-11-17T11:26:05","date_gmt":"2025-11-17T16:26:05","guid":{"rendered":"https:\/\/economiaconedmer.com\/economiaenserio\/?p=18344"},"modified":"2025-11-18T19:23:08","modified_gmt":"2025-11-19T00:23:08","slug":"trump-echo-reversa-en-alza-de-aranceles-para-evitar-inflacion","status":"publish","type":"post","link":"https:\/\/economiaconedmer.com\/economiaenserio\/11\/17\/trump-echo-reversa-en-alza-de-aranceles-para-evitar-inflacion\/el_resto\/2025\/","title":{"rendered":"Donald Trump ech\u00f3 reversa en alza de aranceles para evitar inflaci\u00f3n"},"content":{"rendered":"\n<p>La tendencia inflacionaria de los Estados Unidos llev\u00f3 al presidente Donald Trump a reversar parte de su pol\u00edtica de aumento de aranceles. Esta decisi\u00f3n tendr\u00e1 un impacto positivo para Colombia, ya que varios de sus productos de exportaci\u00f3n, hab\u00edan perdido competitividad en ese mercado, debido al arancel del 10%, y que ahora regresa a cero. La medida indica que la proporci\u00f3n de la canasta de productos colombianos enviados a Estados Unidos con arancel cero, aumenta del 51% al 72%. <\/p>\n\n\n\n<p>La C\u00e1mara de Comercio Colombo Americana (AmCham, Colombia), hizo el siguiente an\u00e1lisis sobre el impacto de la reducci\u00f3n arancelaria para los productos colombianos que ingresan al mercado estadounidense.  <\/p>\n\n\n\n<p>Por AmCham Colombia:<\/p>\n\n\n\n<p><strong>EXENCION DE LA TARIFA RECIPROCA PARA CIERTOS PRODUCTOS Y EVALUACION PARA COLOMBIA<\/strong><\/p>\n\n\n\n<p><strong>\u00bfQu\u00e9 dice la orden y desde cu\u00e1ndo aplica?<\/strong><\/p>\n\n\n\n<ul class=\"wp-block-list\">\n<li>El presidente de los Estados Unidos&nbsp;actualiz\u00f3 el Anexo II&nbsp;del HTSUS para excluir de la \u201ctarifa rec\u00edproca\u201d&nbsp;una lista ampliada de productos \u2014con&nbsp;\u00e9nfasis en productos agr\u00edcolas\u2014 y&nbsp;cre\u00f3\/ajust\u00f3&nbsp;la figura para pa\u00edses \u201csocios alineados\u201d (aligned partners) mediante la&nbsp;nueva partida 9903.02.78.<\/li>\n\n\n\n<li>La orden&nbsp;rige para mercanc\u00edas \u201cingresadas para consumo\u201d o \u201cretiradas de dep\u00f3sito para consumo\u201d a partir de las 12:01 a.\u202fm. (hora del Este) del 13 de noviembre de 2025. Si hubo cobros indebidos,&nbsp;los reembolsos se tramitan por los procedimientos est\u00e1ndar de CBP&nbsp;(correcci\u00f3n posterior al resumen, protesta, etc.).&nbsp;<\/li>\n\n\n\n<li>En concreto, el texto legal&nbsp;inserta 9903.02.78&nbsp;y&nbsp;precisa&nbsp;que los art\u00edculos listados en&nbsp;(v)(iii)(a)&nbsp;del&nbsp;U.S. note 2(Anexo II)&nbsp;no est\u00e1n sujetos&nbsp;a la sobretasa; los de&nbsp;(v)(iii)(b)&nbsp;pueden&nbsp;quedar en 0%&nbsp;para&nbsp;socios alineados&nbsp;(cuando USTR y el secretario de Comercio as\u00ed lo determinen por pa\u00eds).&nbsp;<\/li>\n\n\n\n<li>El&nbsp;Anexo II&nbsp;deja claro que&nbsp;s\u00f3lo los \u00edtems correctamente clasificados en las subpartidas listadas&nbsp;est\u00e1n&nbsp;fuera&nbsp;de la tarifa rec\u00edproca y que cualquier duda de alcance&nbsp;debe consultarse con CBP.&nbsp;<\/li>\n<\/ul>\n\n\n\n<p>Sobre la \u201ctarifa rec\u00edproca\u201d (piso del 10\u202f%): documentos de pol\u00edtica y comunicados p\u00fablicos confirman que,&nbsp;en ausencia de trato especial, la tarifa rec\u00edproca se aplica&nbsp;al 10\u202f%&nbsp;como piso para la mayor\u00eda de los pa\u00edses, con variaciones por pa\u00eds \/ sector; de all\u00ed que la exenci\u00f3n pr\u00e1ctica&nbsp;sea pasar del 10\u202f% a 0\u202f%&nbsp;cuando el producto est\u00e1 en el Anexo II o cuando un pa\u00eds obtiene estatus de&nbsp;socio alineado&nbsp;para la lista respectiva.<\/p>\n\n\n\n<p><strong>\u00bfQu\u00e9 pa\u00edses pueden tener 0\u202f% y c\u00f3mo se obtiene?<\/strong><\/p>\n\n\n\n<ul class=\"wp-block-list\">\n<li>Exenci\u00f3n \u201cglobal\u201d (autom\u00e1tica por producto):&nbsp;Todos los pa\u00edses (incluida Colombia)&nbsp;no pagan la tarifa rec\u00edproca&nbsp;si el producto&nbsp;est\u00e1 en el Anexo II&nbsp;(subdivisi\u00f3n&nbsp;(v)(iii)(a)).&nbsp;No se requiere acuerdo; basta la&nbsp;clasificaci\u00f3n correcta&nbsp;en HTSUS.&nbsp;<\/li>\n\n\n\n<li>Exenci\u00f3n \u201csocio alineado\u201d (country\u2011by\u2011country):&nbsp;Para la lista&nbsp;\u201cPotential Tariff Adjustments for Aligned Partners\u201d&nbsp;(subdivisi\u00f3n&nbsp;(v)(iii)(b)),&nbsp;s\u00f3lo aplica 0\u202f%&nbsp;a los&nbsp;pa\u00edses que firmen y entren en vigor&nbsp;un&nbsp;acuerdo de comercio y seguridad con EE.\u202fUU., conforme a los procedimientos de&nbsp;USTR\/Departamento de Comercio&nbsp;(la nueva cabecera&nbsp;9903.02.78&nbsp;habilita esto).&nbsp;La Uni\u00f3n Europea&nbsp;ya se benefici\u00f3 v\u00eda aviso en&nbsp;<em>Federal Register<\/em>&nbsp;del 25 de septiembre de 2025.&nbsp;<\/li>\n\n\n\n<li>Situaci\u00f3n de Colombia hoy:&nbsp;al&nbsp;14 de noviembre de 2025&nbsp;no hay anuncio oficial&nbsp;que ubique a&nbsp;Colombia&nbsp;como&nbsp;socio alineado; en Am\u00e9rica Latina se han comunicado avances con&nbsp;Argentina, Guatemala, El Salvador y Ecuador&nbsp;en materia de alivio arancelario sectorial,&nbsp;no as\u00ed con Colombia. Por lo tanto,&nbsp;Colombia hoy se beneficia s\u00f3lo de la exenci\u00f3n \u201cglobal\u201d del Anexo II; para beneficiarse del&nbsp;listado de \u201csocios alineados\u201d&nbsp;tendr\u00eda que concluir un&nbsp;acuerdo&nbsp;y la&nbsp;designaci\u00f3n oficial.<\/li>\n<\/ul>\n\n\n\n<p><strong>Socios con progreso p\u00fablico hacia 0\u202f% en partidas PTAAP (a modo ilustrativo):<\/strong><\/p>\n\n\n\n<ul class=\"wp-block-list\">\n<li>Uni\u00f3n Europea (UE):&nbsp;aviso de implementaci\u00f3n (Federal Register) de ajustes arancelarios para partidas PTAAP.&nbsp;<\/li>\n\n\n\n<li>Malasia y Camboya:&nbsp;acuerdos&nbsp;de comercio rec\u00edproco firmados;<\/li>\n\n\n\n<li>Tailandia y Vietnam:&nbsp;marcos&nbsp;de comercio rec\u00edproco alcanzados; en el caso de Vietnam, USTR se\u00f1ala una&nbsp;tasa del 20\u202f%&nbsp;de referencia y la identificaci\u00f3n de partidas PTAAP a&nbsp;0\u202f%. (La aplicaci\u00f3n exacta se detalla pa\u00eds por pa\u00eds v\u00eda avisos oficiales).&nbsp;<\/li>\n\n\n\n<li>Prensa report\u00f3 anuncios de&nbsp;nuevos marcos&nbsp;con&nbsp;Argentina, Ecuador, Guatemala y El Salvador; a la fecha, debe esperarse la implementaci\u00f3n formal (avisos USTR\/Comercio) para conocer qu\u00e9 partidas PTAAP quedar\u00edan en 0\u202f% en cada caso.&nbsp;<\/li>\n<\/ul>\n\n\n\n<p>A continuaci\u00f3n se detallan los productos excluidos de la \u201ctarifa rec\u00edproca\u201d por la nueva orden ejecutiva que son relevantes para la canasta exportadora de Colombia.<\/p>\n\n\n\n<p>El an\u00e1lisis se elabor\u00f3 a partir del cruce entre:<\/p>\n\n\n\n<ul class=\"wp-block-list\">\n<li>Las estad\u00edsticas oficiales de exportaciones de Colombia para el per\u00edodo enero\u2013septiembre de 2025, publicadas por el DANE.<\/li>\n\n\n\n<li>El listado de subpartidas del Anexo II del HTSUS (exenci\u00f3n global), as\u00ed como el anexo de \u201cPotential Tariff Adjustments for Aligned Partners\u201d (PTAAP).<\/li>\n\n\n\n<li>Con esta metodolog\u00eda se identifican los productos para los cuales la exclusi\u00f3n de la tarifa rec\u00edproca tiene un mayor impacto potencial en el comercio bilateral con Estados Unidos.<\/li>\n<\/ul>\n\n\n\n<ol class=\"wp-block-list\">\n<li><strong>Listado de productos colombianos incluidos en Anexo II<\/strong><\/li>\n<\/ol>\n\n\n\n<p><strong>Partidas del&nbsp;Anexo II (exenci\u00f3n global) relevantes a la canasta exportadora de Colombia<\/strong><\/p>\n\n\n\n<ol class=\"wp-block-list\">\n<li>Agro \u2013&nbsp;Aplican a Colombia (exenci\u00f3n global; 0\u202f% sobre la tarifa rec\u00edproca)<\/li>\n<\/ol>\n\n\n\n<ol class=\"wp-block-list\">\n<li>Caf\u00e9 y preparaciones<\/li>\n<\/ol>\n\n\n\n<ul class=\"wp-block-list\">\n<li>0901.11.00, 0901.12.00, 0901.21.00, 0901.22.00&nbsp;\u2013 Caf\u00e9 (verde\/tostado; con\/sin descafeinar).&nbsp;<\/li>\n\n\n\n<li>2101.11.29, 2101.12.90, 2101.20.20&nbsp;\u2013 Extractos\/concentrados de caf\u00e9 y suced\u00e1neos de caf\u00e9.&nbsp;<\/li>\n<\/ul>\n\n\n\n<ol class=\"wp-block-list\">\n<li>Cacao y derivados<\/li>\n<\/ol>\n\n\n\n<ul class=\"wp-block-list\">\n<li>1801.00.00, 1802.00.00, 1803.10.00, 1803.20.00, 1804.00.00, 1805.00.00&nbsp;\u2013 Cacao en grano, c\u00e1scaras, pasta, manteca y polvo.&nbsp;<\/li>\n<\/ul>\n\n\n\n<ol class=\"wp-block-list\">\n<li>Frutas tropicales frescas o preparadas<\/li>\n<\/ol>\n\n\n\n<ul class=\"wp-block-list\">\n<li>0803.10.10, 0803.10.20, 0803.90.00&nbsp;\u2013 Bananos\/Pl\u00e1tanos (frescos o secos).&nbsp;<\/li>\n\n\n\n<li>0804.40.00&nbsp;\u2013 Aguacate (palta).&nbsp;<\/li>\n\n\n\n<li>0804.50.40, 0804.50.60, 0804.50.80&nbsp;\u2013 Mango y mangost\u00e1n (variantes fresco\/seco).&nbsp;<\/li>\n\n\n\n<li>0807.20.00&nbsp;\u2013 Papaya.&nbsp;<\/li>\n\n\n\n<li>0805.10.00&nbsp;\u2013 Naranjas (Colombia exporta poco, pero aplicable).&nbsp;<\/li>\n\n\n\n<li>0805.50.30, 0805.50.40&nbsp;\u2013 Limones\/limas (Tahit\u00ed\/Persian y&nbsp;<em>Citrus aurantifolia<\/em>).&nbsp;<\/li>\n<\/ul>\n\n\n\n<ol class=\"wp-block-list\">\n<li>Hortalizas\/ra\u00edces relevantes<\/li>\n<\/ol>\n\n\n\n<ul class=\"wp-block-list\">\n<li>0714.10.10, 0714.10.20, 0714.40.10, 0714.40.20, 0714.40.50, 0714.40.60, 0714.50.10, 0714.50.20, 0714.50.60, 0714.90.42, 0714.90.44, 0714.90.46, 0714.90.48, 0714.90.61&nbsp;\u2013 Yuca, arracacha, otros tub\u00e9rculos (frescos, secos, congelados, harinas,&nbsp;<em>chips<\/em>).&nbsp;<\/li>\n<\/ul>\n\n\n\n<ol class=\"wp-block-list\">\n<li>Frutas\/jugos y preparaciones<\/li>\n<\/ol>\n\n\n\n<ul class=\"wp-block-list\">\n<li>0811.90.10, 0811.90.25, 0811.90.30, 0811.90.40, 0811.90.50, 0811.90.52&nbsp;\u2013 Frutas tropicales congeladas (mezclas y partidas varias).&nbsp;<\/li>\n\n\n\n<li>2008.20.00, 2008.91.00, 2008.99.13, 2008.99.15, 2008.99.40, 2008.99.45, 2008.99.91&nbsp;\u2013 Frutas preparadas (incluye mezclas; importante para pulpas).&nbsp;<\/li>\n\n\n\n<li>2009.11.00, 2009.12.25, 2009.12.45, 2009.19.00, 2009.39.20, 2009.49.40&nbsp;\u2013 Jugos (naranja, otros c\u00edtricos y no c\u00edtricos; concentrados).&nbsp;<\/li>\n\n\n\n<li>2009.89.70, 2009.90.40&nbsp;\u2013 Agua de coco (pura y \u201cjuice blends\u201d no concentrados).&nbsp;<\/li>\n<\/ul>\n\n\n\n<ol class=\"wp-block-list\">\n<li><strong>Minero\u2011energ\u00e9ticos \u2013&nbsp;Aplican a Colombia (exenci\u00f3n global; 0\u202f% sobre la tarifa rec\u00edproca)<\/strong><\/li>\n<\/ol>\n\n\n\n<ol class=\"wp-block-list\">\n<li>Carbones y petr\u00f3leos<\/li>\n<\/ol>\n\n\n\n<ul class=\"wp-block-list\">\n<li>2701. (carbones; diversas subpartidas),&nbsp;2709.&nbsp;(petr\u00f3leo crudo), 2710 (aceites de petr\u00f3leo),&nbsp;2711.&nbsp;(gases de petr\u00f3leo, propano\/butano, etc.). Estas familias aparecen ampliamente listadas en el Anexo (m\u00faltiples subpartidas).&nbsp;<\/li>\n<\/ul>\n\n\n\n<ol class=\"wp-block-list\">\n<li>Metales preciosos (oro y otros)<\/li>\n<\/ol>\n\n\n\n<ul class=\"wp-block-list\">\n<li>7108.&nbsp;(oro, formas en bruto o semiacabadas) y&nbsp;7110.&nbsp;(platino: semielaborados, polvo, etc.) \u2014 partidas listadas con notas de alcance (varias l\u00edneas).&nbsp;Colombia&nbsp;exporta&nbsp;oro&nbsp;a EE.\u202fUU.; estas posiciones constan en los listados anexos.&nbsp;<\/li>\n<\/ul>\n\n\n\n<ol class=\"wp-block-list\">\n<li>N\u00edquel y aleaciones\/compuestos relacionados<\/li>\n<\/ol>\n\n\n\n<ul class=\"wp-block-list\">\n<li>7501.10.00 (matas de n\u00edquel), 7502.&nbsp;(n\u00edquel en bruto y aleado), 7503.00.00&nbsp;(desperdicios),&nbsp;7504.00.00(barras\/varillas),&nbsp;7508.90.50&nbsp;(art\u00edculos de n\u00edquel, nesoi).&nbsp;<strong>Nota<\/strong>: el&nbsp;ferron\u00edquel&nbsp;(muy relevante para Colombia) suele clasificarse en&nbsp;7202.60.00;&nbsp;esa subpartida no aparece&nbsp;en el extracto del Anexo II global, por lo cual&nbsp;no podemos afirmar su exenci\u00f3n&nbsp;bajo Anexo II; se sugiere revisar caso a caso con CBP.&nbsp;<\/li>\n<\/ul>\n\n\n\n<ul class=\"wp-block-list\">\n<li><strong>Listado de productos colombianos&nbsp;\u2014 \u00cdtems&nbsp;que quedar\u00edan en 0\u202f% s\u00f3lo si Colombia fuese designada \u201csocio alineado\u201d&nbsp;o acuerdo concluido<\/strong><\/li>\n<\/ul>\n\n\n\n<p><a>Estos c\u00f3digos est\u00e1n en el&nbsp;Anexo \u201cPotential Tariff Adjustments for Aligned Partners\u201d.&nbsp;S\u00f3lo se activan (0\u202f%)&nbsp;si USTR\/Comercio designan a Colombia&nbsp;bajo la nueva&nbsp;9903.02.78. <strong>Hoy&nbsp;no aplica&nbsp;reducci\u00f3n a Colombia<\/strong>.&nbsp;<\/a><\/p>\n\n\n\n<ul class=\"wp-block-list\">\n<li>Agro\u2011alimentos adicionales&nbsp;(no todos est\u00e1n en el Anexo II global):<\/li>\n\n\n\n<li>Flores cortadas y follajes: estas partidas aparecen dentro del bloque de listas con notas de \u201calcance\u201d 0603.11.00, 0603.12.10, 0603.12.30, 0603.12.40, 0603.12.70, 0603.19.00, 0603.90.00, 0604.20.00, 0604.90.30, 0604.90.50&nbsp;<\/li>\n\n\n\n<li>1511.&nbsp;(aceite de palma, crudo y fracciones) y&nbsp;1513.&nbsp;(aceite de palmiste \/ babass\u00fa), adem\u00e1s de&nbsp;castor, jojoba, arg\u00e1n; el documento lista varias l\u00edneas bajo grasas\/aceites vegetales.&nbsp;<\/li>\n\n\n\n<li>1604.14.40&nbsp;\u2013 At\u00fan y&nbsp;<em>skipjack<\/em>&nbsp;a granel (&gt;6,8\u202fkg), no en aceite.&nbsp;<\/li>\n<\/ul>\n\n\n\n<ul class=\"wp-block-list\">\n<li>Maderas y manufacturas de madera&nbsp;(selecci\u00f3n t\u00edpica exportable desde Colombia):<\/li>\n\n\n\n<li>4407.&nbsp;(maderas asserradas), 4408 (chapas \/ contrachapados), 4409.22. (molduras de maderas tropicales), entre otras variantes listadas.&nbsp;<\/li>\n<\/ul>\n\n\n\n<ul class=\"wp-block-list\">\n<li>Manufacturas \u201cel\u00e9ctricos\/electr\u00f3nicos\u201d (referenciales del anexo de alineados):<\/li>\n<\/ul>\n\n\n\n<ul class=\"wp-block-list\">\n<li>8471.&nbsp;y&nbsp;8473.30&nbsp;(equipos y partes de procesamiento autom\u00e1tico de datos),&nbsp;8486.&nbsp;(equipos para fabricar semiconductores), 8505.11.0070 (imanes permanentes), 8517.13.00 (smartphones), 8517.62.00 (ruteadores \/ conmutadores),&nbsp;8523.51.00&nbsp;(SSD),&nbsp;8524.&nbsp;(m\u00f3dulos de visualizaci\u00f3n), 8528.52 (monitores) y&nbsp;8541\/8542. (semiconductores e integrados)<\/li>\n\n\n\n<li><strong>Colombia no exporta vol\u00famenes significativos<\/strong>&nbsp;en estos rubros; de existir reexportaciones puntuales, el 0\u202f% depender\u00eda de que Colombia sea \u201csocio alineado\u201d.&nbsp;<\/li>\n<\/ul>\n\n\n\n<ul class=\"wp-block-list\">\n<li>Muebles<\/li>\n\n\n\n<li>En el anexo de \u201calineados\u201d&nbsp;aparecen c\u00f3digos 9403.&nbsp;con limitaci\u00f3n de \u201cAircraft\u201d&nbsp;(s\u00f3lo art\u00edculos de aeronaves civiles).&nbsp;No cubren&nbsp;el grueso de&nbsp;muebles de madera&nbsp;que Colombia exporta (9403.60, 9403.50, etc.), por lo que&nbsp;incluso como \u201csocio alineado\u201d&nbsp;esa familia&nbsp;no gozar\u00eda autom\u00e1ticamente del 0\u202f% salvo que exista una l\u00ednea espec\u00edfica&nbsp;sin&nbsp;la nota \u201cAircraft\u201d.<\/li>\n<\/ul>\n\n\n\n<p><strong>Resumen de orden ejecutiva<\/strong><\/p>\n\n\n\n<p>La nueva orden ejecutiva de los EEUU actualiza el Anexo II del Arancel Armonizado de los Estados Unidos (HTSUS) para excluir de la llamada \u201ctarifa rec\u00edproca\u201d una lista ampliada de productos, con \u00e9nfasis, en bienes agr\u00edcolas, y crea un esquema adicional para pa\u00edses \u201csocios alineados\u201d a trav\u00e9s de la nueva partida 9903.02.78. La medida aplica a partir de las 12:01 a. m. (hora del Este) del 13 de noviembre de 2025. En la pr\u00e1ctica, para los productos cubiertos, la sobretasa rec\u00edproca, que en t\u00e9rminos generales se hab\u00eda fijado en un piso del 10 %, puede pasar de 10 % a 0 %.<\/p>\n\n\n\n<p>La orden establece dos v\u00edas de alivio: (i) una&nbsp;exenci\u00f3n global por producto, que se aplica a todos los pa\u00edses cuando la mercanc\u00eda est\u00e1 correctamente clasificada en las subpartidas listadas en el Anexo II, y (ii) una&nbsp;exenci\u00f3n para \u201csocios alineados\u201d, que solo se activa para los pa\u00edses que concluyan un acuerdo de comercio rec\u00edproco con Estados Unidos y sean expresamente designados para las partidas del listado PTAAP. A la fecha de referencia de este an\u00e1lisis, Colombia no ha sido anunciada como \u201csocio alineado\u201d, por lo que se beneficia \u00fanicamente de la exenci\u00f3n global del Anexo II.<\/p>\n\n\n\n<p>Con base en el cruce entre las exportaciones de Colombia del per\u00edodo enero\u2013septiembre de 2025 (seg\u00fan cifras oficiales del DANE) y las subpartidas del Anexo II y del anexo PTAAP, se identifican como beneficiarios directos de la exenci\u00f3n global varios productos clave de la canasta exportadora colombiana: caf\u00e9 y sus preparaciones, cacao y derivados, frutas tropicales frescas y preparadas (banano, aguacate, mango, papaya, c\u00edtricos), jugos, yuca y derivados, as\u00ed como una parte importante de los combustibles y productos minero-energ\u00e9ticos (carbones, petr\u00f3leos, algunos metales preciosos y ciertos productos de n\u00edquel). En contraste, productos como las flores cortadas y follajes, aceites de palma y palmiste, ciertos productos del mar, algunas maderas, manufacturas el\u00e9ctricas\/electr\u00f3nicas y algunos muebles aparecen en el anexo de \u201csocios alineados\u201d y solo podr\u00edan bajar de 10 % a 0 % si Colombia llegara a ser formalmente designada bajo la figura de socio alineado.<\/p>\n\n\n\n<p>En s\u00edntesis, la orden ejecutiva representa un alivio inmediato para una parte significativa de las exportaciones agr\u00edcolas y minero-energ\u00e9ticas colombianas ya cubiertas por el Anexo II, mientras deja abierta una segunda v\u00eda de potencial reducci\u00f3n arancelaria \u2014a\u00fan no disponible para Colombia\u2014 ligada a la negociaci\u00f3n de un acuerdo de comercio rec\u00edproco y a la inclusi\u00f3n expl\u00edcita del pa\u00eds en el esquema PTAAP.<\/p>\n\n\n\n<hr class=\"wp-block-separator has-alpha-channel-opacity\"\/>\n\n\n\n<p><a href=\"#_ftnref1\" id=\"_ftn1\">[1]<\/a> El presente documento tiene un car\u00e1cter exclusivamente informativo y consultivo sobre la nueva orden ejecutiva. No constituye un documento oficial de ninguna autoridad estadounidense o colombiana, ni debe interpretarse como asesor\u00eda legal, t\u00e9cnica, tributaria o comercial, ni como una recomendaci\u00f3n para la toma de decisiones. Se recomienda a cada empresa realizar sus propios an\u00e1lisis, con el apoyo de sus asesores y de sus agentes de aduana, para determinar con precisi\u00f3n el alcance, efectos e implicaciones de la orden ejecutiva en sus operaciones espec\u00edficas. Orden ejecutiva oficial de la Casa Blanca en el siguiente enlace: <a href=\"https:\/\/www.whitehouse.gov\/presidential-actions\/2025\/11\/modifying-the-scope-of-the-reciprocal-tariff-with-respect-to-certain-agricultural-products\/\">https:\/\/www.whitehouse.gov\/presidential-actions\/2025\/11\/modifying-the-scope-of-the-reciprocal-tariff-with-respect-to-certain-agricultural-products\/<\/a><\/p>\n\n\n\n<p><\/p>\n","protected":false},"excerpt":{"rendered":"<p>La tendencia inflacionaria de los Estados Unidos llev\u00f3 al presidente Donald Trump a reversar parte de su pol\u00edtica de aumento de aranceles. Esta decisi\u00f3n tendr\u00e1 un impacto positivo para Colombia, ya que varios de sus productos de exportaci\u00f3n, hab\u00edan perdido competitividad en ese mercado, debido al arancel del 10%, y que ahora regresa a cero&#8230;.<\/p>\n","protected":false},"author":5,"featured_media":18346,"comment_status":"closed","ping_status":"closed","sticky":false,"template":"","format":"standard","meta":{"_FSMCFIC_featured_image_caption":"","_FSMCFIC_featured_image_nocaption":"","_FSMCFIC_featured_image_hide":"","footnotes":""},"categories":[22],"tags":[],"class_list":["post-18344","post","type-post","status-publish","format-standard","has-post-thumbnail","hentry","category-el_resto"],"_links":{"self":[{"href":"https:\/\/economiaconedmer.com\/economiaenserio\/wp-json\/wp\/v2\/posts\/18344","targetHints":{"allow":["GET"]}}],"collection":[{"href":"https:\/\/economiaconedmer.com\/economiaenserio\/wp-json\/wp\/v2\/posts"}],"about":[{"href":"https:\/\/economiaconedmer.com\/economiaenserio\/wp-json\/wp\/v2\/types\/post"}],"author":[{"embeddable":true,"href":"https:\/\/economiaconedmer.com\/economiaenserio\/wp-json\/wp\/v2\/users\/5"}],"replies":[{"embeddable":true,"href":"https:\/\/economiaconedmer.com\/economiaenserio\/wp-json\/wp\/v2\/comments?post=18344"}],"version-history":[{"count":3,"href":"https:\/\/economiaconedmer.com\/economiaenserio\/wp-json\/wp\/v2\/posts\/18344\/revisions"}],"predecessor-version":[{"id":18356,"href":"https:\/\/economiaconedmer.com\/economiaenserio\/wp-json\/wp\/v2\/posts\/18344\/revisions\/18356"}],"wp:featuredmedia":[{"embeddable":true,"href":"https:\/\/economiaconedmer.com\/economiaenserio\/wp-json\/wp\/v2\/media\/18346"}],"wp:attachment":[{"href":"https:\/\/economiaconedmer.com\/economiaenserio\/wp-json\/wp\/v2\/media?parent=18344"}],"wp:term":[{"taxonomy":"category","embeddable":true,"href":"https:\/\/economiaconedmer.com\/economiaenserio\/wp-json\/wp\/v2\/categories?post=18344"},{"taxonomy":"post_tag","embeddable":true,"href":"https:\/\/economiaconedmer.com\/economiaenserio\/wp-json\/wp\/v2\/tags?post=18344"}],"curies":[{"name":"wp","href":"https:\/\/api.w.org\/{rel}","templated":true}]}}