{"id":18340,"date":"2025-11-14T17:28:26","date_gmt":"2025-11-14T22:28:26","guid":{"rendered":"https:\/\/economiaconedmer.com\/economiaenserio\/?p=18340"},"modified":"2025-11-14T17:28:26","modified_gmt":"2025-11-14T22:28:26","slug":"colombia-actualiza-manual-de-compensaciones-del-componente-biotico","status":"publish","type":"post","link":"https:\/\/economiaconedmer.com\/economiaenserio\/11\/14\/colombia-actualiza-manual-de-compensaciones-del-componente-biotico\/muy_sano\/2025\/","title":{"rendered":"Colombia actualiza Manual de Compensaciones del componente bi\u00f3tico"},"content":{"rendered":"\n<p><strong>Bogot\u00e1, 14 de noviembre de 2025<\/strong>. Entre expertos en medio ambiente y tomadores de decisi\u00f3n en pol\u00edtica ambiental colombiana, transcurri\u00f3 el\u00a0\u00abForo Internacional: Compensaciones Ambientales: Innovaci\u00f3n y Oportunidades para la Transformaci\u00f3n\u00bb, que se enfoc\u00f3 en plantear y trabajar colectivamente en la modernizaci\u00f3n del sistema de compensaciones ambientales del pa\u00eds. El evento, organizado por la Universidad Externado de Colombia y Terrasos, marc\u00f3 un punto de inflexi\u00f3n en la gesti\u00f3n ambiental nacional.<\/p>\n\n\n\n<p>Durante el foro, el Ministerio de Ambiente y Desarrollo Sostenible (MADS) hizo anuncios significativos sobre la actualizaci\u00f3n del\u00a0\u00abManual de compensaciones del componente bi\u00f3tico\u00bb, cuya versi\u00f3n final estar\u00eda lista para diciembre de 2025.\u00a0\u00abEstamos trabajando en una transformaci\u00f3n profunda que permita dinamizar las compensaciones, con una visi\u00f3n m\u00e1s integral que incorpore el cambio clim\u00e1tico y ampl\u00ede las oportunidades de \u00e1reas para compensar mediante metodolog\u00edas m\u00e1s flexibles\u00bb,\u00a0asegur\u00f3\u00a0Natalia Mar\u00eda Ram\u00edrez Mart\u00ednez, directora de Bosques, Biodiversidad y Servicios Ecosist\u00e9micos del Ministerio.<\/p>\n\n\n\n<p>Por su parte, la Autoridad Nacional de Licencias Ambientales (ANLA) y la Corporaci\u00f3n Aut\u00f3noma Regional de Cundinamarca (CAR), presentaron sus avances en la implementaci\u00f3n de manuales operativos que agilizan los procesos de compensaci\u00f3n en sus jurisdicciones.\u00a0Yoagen Germaine Diaz Fontecha, director de Gesti\u00f3n del Ordenamiento Ambiental y Territorial de la CAR Cundinamarca, destac\u00f3 que\u00a0\u00abla experiencia regional ha demostrado la necesidad de ajustar los marcos normativos a las realidades territoriales espec\u00edficas\u00bb.<\/p>\n\n\n\n<p><strong>El futuro de las compensaciones<\/strong><\/p>\n\n\n\n<p>El componente internacional del foro permiti\u00f3 comparar el modelo colombiano con experiencias exitosas de Am\u00e9rica Latina. Lina Mar\u00eda Aristiz\u00e1bal Montero, especialista en pol\u00edtica p\u00fablica de Terrasos, present\u00f3 un an\u00e1lisis comparativo de la evoluci\u00f3n jur\u00eddica en Brasil, Colombia y M\u00e9xico, se\u00f1al\u00f3 que \u00abColombia tiene la oportunidad de tomar lo mejor de cada modelo para construir un sistema de vanguardia\u00bb.<\/p>\n\n\n\n<p>Por su parte, F\u00e1tima Contreras T\u00e9llez, coordinadora de gesti\u00f3n de proyectos de la Sociedad Peruana de Derecho Ambiental, comparti\u00f3 los avances de Per\u00fa en el desarrollo de compensaciones ambientales, mientras que Ot\u00e1vio Gadiani Ferrarini, coordinador del Servicio Forestal Brasile\u00f1o, explic\u00f3 las pol\u00edticas de su pa\u00eds para impulsar instrumentos de mercado en el \u00e1mbito ambiental. Las presentaciones coincidieron en la necesidad de articular las compensaciones con mecanismos de financiamiento innovadores y est\u00e1ndares de integridad ecol\u00f3gica.<\/p>\n\n\n\n<p><strong>Obst\u00e1culos y soluciones<\/strong><\/p>\n\n\n\n<p>Uno de los valores agregados del foro fue la identificaci\u00f3n colectiva de los principales cuellos de botella que enfrenta el sistema actual. Representantes de empresas como\u00a0Ecopetrol, ISA, GeoPark y Gramalote Colombia\u00a0se\u00f1alaron la necesidad de fortalecer la institucionalidad, as\u00ed como mejorar la informaci\u00f3n sobre \u00e1reas disponibles para compensaci\u00f3n y agilizar los tr\u00e1mites administrativos.<\/p>\n\n\n\n<p>En respuesta, las autoridades ambientales presentaron estrategias para superar estos desaf\u00edos, incluyendo la creaci\u00f3n de bancos de informaci\u00f3n georreferenciada, la simplificaci\u00f3n de procedimientos y el fortalecimiento de la capacidad t\u00e9cnica en las corporaciones aut\u00f3nomas regionales.<\/p>\n\n\n\n<p>Los paneles de alto nivel sobre financiaci\u00f3n revelaron oportunidades concretas para movilizar recursos privados hacia la conservaci\u00f3n, siempre que se establezcan reglas claras y mecanismos de monitoreo robustos.\u00a0\u00abLas compensaciones basadas en resultados, con est\u00e1ndares de integridad y permanencia, pueden atraer inversi\u00f3n significativa si existe seguridad jur\u00eddica y transparencia\u00bb, se\u00f1al\u00f3, Lina Vanessa Barbosa del Banco Interamericano de Desarrollo (BID).<\/p>\n\n\n\n<p><strong>Consenso hacia la transformaci\u00f3n<\/strong><\/p>\n\n\n\n<p>Los organizadores destacaron el nivel del di\u00e1logo alcanzado,\u00a0Carolina Montes Cort\u00e9s, directora del Departamento de Derecho del Medio Ambiente de la Universidad Externado de Colombia, afirm\u00f3 que\u00a0\u00abeste foro ha demostrado que existe un consenso nacional sobre la urgencia de transformar las compensaciones ambientales en una herramienta efectiva de conservaci\u00f3n. Es una oportunidad hist\u00f3rica para construir un modelo que sea referente en la regi\u00f3n\u00bb.<\/p>\n\n\n\n<p>Por su parte, Mariana Sarmiento Aparicio, gerente general de Terrasos, a\u00f1adi\u00f3 que\u00a0\u00abel sector privado est\u00e1 listo para invertir en conservaci\u00f3n, pero requiere certidumbre y eficiencia en los procesos. Los avances anunciados aqu\u00ed nos permiten ser optimistas sobre el futuro de las compensaciones en Colombia\u00bb.<\/p>\n\n\n\n<p>Los participantes coincidieron en que Colombia est\u00e1 en una posici\u00f3n inmejorable para alinear su sistema de compensaciones con los m\u00e1s altos est\u00e1ndares internacionales, particularmente con la Meta 19 del Marco Global de Kunming-Montreal sobre financiamiento para la biodiversidad. El evento no solo identific\u00f3 los desaf\u00edos, sino que propuso soluciones concretas.<\/p>\n\n\n\n<p><\/p>\n","protected":false},"excerpt":{"rendered":"<p>Bogot\u00e1, 14 de noviembre de 2025. Entre expertos en medio ambiente y tomadores de decisi\u00f3n en pol\u00edtica ambiental colombiana, transcurri\u00f3 el\u00a0\u00abForo Internacional: Compensaciones Ambientales: Innovaci\u00f3n y Oportunidades para la Transformaci\u00f3n\u00bb, que se enfoc\u00f3 en plantear y trabajar colectivamente en la modernizaci\u00f3n del sistema de compensaciones ambientales del pa\u00eds. El evento, organizado por la Universidad Externado&#8230;<\/p>\n","protected":false},"author":5,"featured_media":18341,"comment_status":"closed","ping_status":"closed","sticky":false,"template":"","format":"standard","meta":{"_FSMCFIC_featured_image_caption":"","_FSMCFIC_featured_image_nocaption":"","_FSMCFIC_featured_image_hide":"","footnotes":""},"categories":[17],"tags":[],"class_list":["post-18340","post","type-post","status-publish","format-standard","has-post-thumbnail","hentry","category-muy_sano"],"_links":{"self":[{"href":"https:\/\/economiaconedmer.com\/economiaenserio\/wp-json\/wp\/v2\/posts\/18340","targetHints":{"allow":["GET"]}}],"collection":[{"href":"https:\/\/economiaconedmer.com\/economiaenserio\/wp-json\/wp\/v2\/posts"}],"about":[{"href":"https:\/\/economiaconedmer.com\/economiaenserio\/wp-json\/wp\/v2\/types\/post"}],"author":[{"embeddable":true,"href":"https:\/\/economiaconedmer.com\/economiaenserio\/wp-json\/wp\/v2\/users\/5"}],"replies":[{"embeddable":true,"href":"https:\/\/economiaconedmer.com\/economiaenserio\/wp-json\/wp\/v2\/comments?post=18340"}],"version-history":[{"count":1,"href":"https:\/\/economiaconedmer.com\/economiaenserio\/wp-json\/wp\/v2\/posts\/18340\/revisions"}],"predecessor-version":[{"id":18342,"href":"https:\/\/economiaconedmer.com\/economiaenserio\/wp-json\/wp\/v2\/posts\/18340\/revisions\/18342"}],"wp:featuredmedia":[{"embeddable":true,"href":"https:\/\/economiaconedmer.com\/economiaenserio\/wp-json\/wp\/v2\/media\/18341"}],"wp:attachment":[{"href":"https:\/\/economiaconedmer.com\/economiaenserio\/wp-json\/wp\/v2\/media?parent=18340"}],"wp:term":[{"taxonomy":"category","embeddable":true,"href":"https:\/\/economiaconedmer.com\/economiaenserio\/wp-json\/wp\/v2\/categories?post=18340"},{"taxonomy":"post_tag","embeddable":true,"href":"https:\/\/economiaconedmer.com\/economiaenserio\/wp-json\/wp\/v2\/tags?post=18340"}],"curies":[{"name":"wp","href":"https:\/\/api.w.org\/{rel}","templated":true}]}}