{"id":18331,"date":"2025-11-14T17:13:01","date_gmt":"2025-11-14T22:13:01","guid":{"rendered":"https:\/\/economiaconedmer.com\/economiaenserio\/?p=18331"},"modified":"2025-11-14T17:18:15","modified_gmt":"2025-11-14T22:18:15","slug":"cumbre-y-feria-tecnologica-arrocera-en-bogota","status":"publish","type":"post","link":"https:\/\/economiaconedmer.com\/economiaenserio\/11\/14\/cumbre-y-feria-tecnologica-arrocera-en-bogota\/el_resto\/2025\/","title":{"rendered":"Fedearroz realizar\u00e1 Cumbre y Feria Tecnol\u00f3gica arrocera en Bogot\u00e1"},"content":{"rendered":"\n<p>La Federaci\u00f3n Nacional de Arroceros (Fedearroz), realizar\u00e1 el pr\u00f3ximo jueves 20 de noviembre el Encuentro Nacional de Presidente de Comit\u00e9s y la Reuni\u00f3n T\u00e9cnica Nacional 2025, donde se dar\u00e1n cita en el Hotel Grand Hyatt de Bogot\u00e1 a partir de las 08:00 am, los presidentes de los Comit\u00e9s de Arroceros a nivel nacional, la Junta Directiva del gremio y el equipo de investigadores y t\u00e9cnicos que tiene a su cargo la ejecuci\u00f3n de los programas de investigaci\u00f3n y transferencia de tecnolog\u00eda en las diversas regiones productoras del grano.<\/p>\n\n\n\n<p>El evento ser\u00e1 instalado por el Milc\u00edades Naim Pizarro Marrugo, Presidente de la Junta Directiva de Fedearroz y Rafael Hern\u00e1ndez Lozano, Gerente General Fedearroz. Ha confirmado su asistencia la Ministra de Agricultura y Desarrollo Rural, Martha Carvajalino Villegas.<\/p>\n\n\n\n<p>De manera simult\u00e1nea al Encuentro Nacional de Presidentes de Comit\u00e9 de Arroceros, se llevar\u00e1 a cabo la versi\u00f3n 17 de la Feria Tecnol\u00f3gica del Sector Arrocero \u2013 Expoarroz 2025, donde se har\u00e1n presentes empresas proveedoras de servicios, productos y maquinaria, con las ofertas tecnol\u00f3gicas que tienen disponible para toda la cadena productiva del arroz.<\/p>\n\n\n\n<p>En desarrollo de la agenda acad\u00e9mica de la ma\u00f1ana, se llevar\u00e1 a cabo la conferencia \u201cPol\u00edtica de subsidios al sector arrocero en EE. UU.\u201d, a cargo de Jairo Andr\u00e9s Rend\u00f3n, PhD. Director del Observatorio Financiero Rural de la Pontificia Universidad Javeriana.<\/p>\n","protected":false},"excerpt":{"rendered":"<p>La Federaci\u00f3n Nacional de Arroceros (Fedearroz), realizar\u00e1 el pr\u00f3ximo jueves 20 de noviembre el Encuentro Nacional de Presidente de Comit\u00e9s y la Reuni\u00f3n T\u00e9cnica Nacional 2025, donde se dar\u00e1n cita en el Hotel Grand Hyatt de Bogot\u00e1 a partir de las 08:00 am, los presidentes de los Comit\u00e9s de Arroceros a nivel nacional, la Junta&#8230;<\/p>\n","protected":false},"author":5,"featured_media":18335,"comment_status":"closed","ping_status":"closed","sticky":false,"template":"","format":"standard","meta":{"_FSMCFIC_featured_image_caption":"","_FSMCFIC_featured_image_nocaption":"","_FSMCFIC_featured_image_hide":"","footnotes":""},"categories":[22],"tags":[],"class_list":["post-18331","post","type-post","status-publish","format-standard","has-post-thumbnail","hentry","category-el_resto"],"_links":{"self":[{"href":"https:\/\/economiaconedmer.com\/economiaenserio\/wp-json\/wp\/v2\/posts\/18331","targetHints":{"allow":["GET"]}}],"collection":[{"href":"https:\/\/economiaconedmer.com\/economiaenserio\/wp-json\/wp\/v2\/posts"}],"about":[{"href":"https:\/\/economiaconedmer.com\/economiaenserio\/wp-json\/wp\/v2\/types\/post"}],"author":[{"embeddable":true,"href":"https:\/\/economiaconedmer.com\/economiaenserio\/wp-json\/wp\/v2\/users\/5"}],"replies":[{"embeddable":true,"href":"https:\/\/economiaconedmer.com\/economiaenserio\/wp-json\/wp\/v2\/comments?post=18331"}],"version-history":[{"count":2,"href":"https:\/\/economiaconedmer.com\/economiaenserio\/wp-json\/wp\/v2\/posts\/18331\/revisions"}],"predecessor-version":[{"id":18336,"href":"https:\/\/economiaconedmer.com\/economiaenserio\/wp-json\/wp\/v2\/posts\/18331\/revisions\/18336"}],"wp:featuredmedia":[{"embeddable":true,"href":"https:\/\/economiaconedmer.com\/economiaenserio\/wp-json\/wp\/v2\/media\/18335"}],"wp:attachment":[{"href":"https:\/\/economiaconedmer.com\/economiaenserio\/wp-json\/wp\/v2\/media?parent=18331"}],"wp:term":[{"taxonomy":"category","embeddable":true,"href":"https:\/\/economiaconedmer.com\/economiaenserio\/wp-json\/wp\/v2\/categories?post=18331"},{"taxonomy":"post_tag","embeddable":true,"href":"https:\/\/economiaconedmer.com\/economiaenserio\/wp-json\/wp\/v2\/tags?post=18331"}],"curies":[{"name":"wp","href":"https:\/\/api.w.org\/{rel}","templated":true}]}}