{"id":18308,"date":"2025-11-13T18:48:51","date_gmt":"2025-11-13T23:48:51","guid":{"rendered":"https:\/\/economiaconedmer.com\/economiaenserio\/?p=18308"},"modified":"2025-11-13T18:48:52","modified_gmt":"2025-11-13T23:48:52","slug":"bogota-la-gente-del-sur-es-joven-y-la-del-norte-vieja","status":"publish","type":"post","link":"https:\/\/economiaconedmer.com\/economiaenserio\/11\/13\/bogota-la-gente-del-sur-es-joven-y-la-del-norte-vieja\/el_bolsillo\/2025\/","title":{"rendered":"Bogot\u00e1: la gente del sur es &#8216;joven&#8217; y la del norte &#8216;vieja&#8217;"},"content":{"rendered":"\n<p>Se estima que para 2035 Bogot\u00e1 tendr\u00e1 casi un adulto mayor por cada persona menor de 17 a\u00f1os. Esto equivale a un profundo cambio demogr\u00e1fico impulsado por factores como tasas de nacimientos m\u00e1s bajas, hogares m\u00e1s peque\u00f1os y una expectativa de vida m\u00e1s larga en la ciudad. <\/p>\n\n\n\n<p>En ese nuevo mapa urbano, los ni\u00f1os y j\u00f3venes se concentran en el sur, en donde persisten la pobreza y la falta de servicios, mientras que los adultos mayores predominan en el norte y el centro, en barrios con mejores condiciones de vida. Adem\u00e1s de la desigualdad econ\u00f3mica, la edad empieza a marcar una nueva frontera urbana en una ciudad que crece sin mezclarse.<\/p>\n\n\n\n<p><strong>En 2051 el pa\u00eds llegar\u00e1 al punto m\u00e1ximo de poblaci\u00f3n envejecida<\/strong><\/p>\n\n\n\n<p>El envejecimiento poblacional avanza m\u00e1s r\u00e1pido de lo que la ciudad est\u00e1 preparada para asumir. Seg\u00fan el DANE, el porcentaje de personas mayores de 60 a\u00f1os en Colombia pas\u00f3 del 9,2\u00a0% en 2005, al 15,9\u00a0% en 2024. As\u00ed mismo, en 2023 el Fondo de Poblaci\u00f3n de las Naciones Unidas estim\u00f3 que para 2051 el pa\u00eds alcanzar\u00e1 su punto m\u00e1ximo de poblaci\u00f3n con una estructura marcadamente envejecida. En Bogot\u00e1, el \u00edndice de envejecimiento ya lleg\u00f3 a 72 personas mayores por cada 100 menores de 15 a\u00f1os, frente al promedio nacional, que es de 60.<\/p>\n\n\n\n<p>Julieth Andrea Parra Hincapi\u00e9, especialista en An\u00e1lisis Espacial de la Universidad Nacional de Colombia (UNAL), explica que este cambio afecta no solo la forma en que se planifica la ciudad, sino tambi\u00e9n c\u00f3mo se organiza la vida cotidiana, por ejemplo los servicios, la movilidad, los espacios p\u00fablicos y la vivienda.<\/p>\n\n\n\n<p>\u201cM\u00e1s all\u00e1 de que seamos m\u00e1s adultos mayores, el problema es c\u00f3mo respondemos como sociedad y como ciudad. Si no hay entornos asequibles, seguros y pensados para distintas edades, se profundiza la segregaci\u00f3n etaria y aumentan los riesgos de aislamiento, especialmente en una etapa de la vida en la que el apoyo social es esencial\u201d, se\u00f1ala.<\/p>\n\n\n\n<h3 class=\"wp-block-heading\"><strong>C\u00f3mo se hizo el mapa de la edad<\/strong><\/h3>\n\n\n\n<p>Para comprender c\u00f3mo se distribuyen las generaciones en la capital, la investigadora analiz\u00f3 m\u00e1s de 2.700 secciones censales del Censo Nacional de Poblaci\u00f3n y Vivienda 2018 del DANE, las cuales agrupan varias manzanas con caracter\u00edsticas similares de tama\u00f1o, densidad y nivel socioecon\u00f3mico. Este grado de detalle permiti\u00f3 observar d\u00f3nde se concentran los diferentes grupos de edad \u2014ni\u00f1os, j\u00f3venes, adultos y adultos mayores\u2014 y c\u00f3mo se relaciona esa distribuci\u00f3n con la pobreza y la disponibilidad de servicios urbanos.<\/p>\n\n\n\n<p>El estudio tambi\u00e9n incluy\u00f3 una medici\u00f3n de accesibilidad y co-accesibilidad, es decir, cu\u00e1nto pueden coincidir distintas generaciones en los mismos espacios urbanos. A partir de la distancia que una persona puede recorrer caminando en 10 minutos, la investigadora Parra calcul\u00f3 qu\u00e9 tan cerca est\u00e1n los habitantes de cada grupo etario de los principales servicios y espacios p\u00fablicos, y en qu\u00e9 sectores hay m\u00e1s posibilidades de encuentro entre edades.<\/p>\n\n\n\n<p>Adem\u00e1s, con apoyo de herramientas de an\u00e1lisis espacial y sistemas de informaci\u00f3n geogr\u00e1fica (SIG), elabor\u00f3 una serie de mapas que muestran los contrastes por edad, nivel de pobreza y acceso a equipamientos urbanos. Para ello cruz\u00f3 la informaci\u00f3n poblacional con datos sobre parques, centros culturales, bibliotecas y polideportivos, identificados a partir de registros abiertos de la ciudad.<\/p>\n\n\n\n<p>As\u00ed, evidenci\u00f3 que los ni\u00f1os y adolescentes se concentran en el sur y suroccidente \u2014Bosa, Usme, Ciudad Bol\u00edvar y San Crist\u00f3bal\u2014, en donde persisten altos niveles de pobreza multidimensional, es decir carencias que van m\u00e1s all\u00e1 del ingreso y que incluyen limitaciones en educaci\u00f3n, salud, vivienda, empleo y acceso a servicios b\u00e1sicos. Estas zonas tambi\u00e9n presentan menor disponibilidad de equipamientos urbanos como parques, centros culturales o centros asistenciales, lo que restringe las oportunidades de desarrollo y bienestar para las nuevas generaciones.<\/p>\n\n\n\n<p>En contraste, el norte y el centro \u2014Chapinero, Teusaquillo, Barrios Unidos, Chic\u00f3 y Usaqu\u00e9n\u2014 concentran m\u00e1s adultos mayores (personas de 60 a\u00f1os o m\u00e1s), en su mayor\u00eda propietarios que han permanecido por d\u00e9cadas en barrios consolidados, con mejores condiciones de infraestructura, servicios p\u00fablicos y espacio p\u00fablico de calidad.<\/p>\n\n\n\n<p>All\u00ed tambi\u00e9n hay m\u00e1s parques y centros culturales o comunitarios, lo que refleja una ciudad envejecida en sectores con m\u00e1s estabilidad econ\u00f3mica y mayor acumulaci\u00f3n de patrimonio, pero tambi\u00e9n con riesgo de aislamiento social, pues las din\u00e1micas barriales cambian y cada vez hay menos presencia de familias j\u00f3venes.<\/p>\n\n\n\n<p>La segregaci\u00f3n por edad no es un fen\u00f3meno aislado, se relaciona con el encarecimiento del suelo, el tipo de vivienda disponible y la capacidad de los hogares para permanecer en ciertos sectores. \u201cLos adultos mayores permanecen en barrios tradicionales, con viviendas grandes y consolidadas, mientras que los hogares j\u00f3venes, m\u00e1s numerosos y con menores ingresos, se desplazan hacia zonas perif\u00e9ricas en donde los costos son m\u00e1s bajos, pero tambi\u00e9n hay menos servicios\u201d, ampl\u00eda la especialista Parra.<\/p>\n\n\n\n<p>Adem\u00e1s, el estudio se\u00f1ala que la configuraci\u00f3n f\u00edsica de las viviendas influye en esta brecha. Muchas casas en sectores antiguos \u2014como Teusaquillo, Barrios Unidos o el nororiente capitalino\u2014 no se adaptan f\u00e1cilmente a nuevas din\u00e1micas familiares, lo que limita la movilidad residencial y refuerza la permanencia de los adultos mayores en barrios envejecidos.<\/p>\n\n\n\n<h3 class=\"wp-block-heading\"><strong>Espacios sin mezcla generacional<\/strong><\/h3>\n\n\n\n<p>Con respecto a la co-accesibilidad, la investigaci\u00f3n mostr\u00f3 que las zonas con mayor presencia de adultos mayores son las que presentan menos mezcla generacional alrededor de parques, bibliotecas y centros culturales, especialmente en el centro y nororiente de Bogot\u00e1, en donde predominan los valores m\u00e1s bajos de co-accesibilidad.<\/p>\n\n\n\n<p>\u201cNo se trata de que falten equipamientos, sino de que estos no propician el encuentro. Hay parques y bibliotecas, pero no necesariamente son espacios en los que coincidan distintas generaciones\u201d, se\u00f1ala. En cambio, en el sur y suroccidente, donde vive la poblaci\u00f3n m\u00e1s joven, la co-accesibilidad es mayor y hay m\u00e1s posibilidades de intercambio entre edades, lo que puede fortalecer el capital social y el sentido de comunidad.<\/p>\n\n\n\n<p>\u201cEl mercado de vivienda agrava la segregaci\u00f3n por edad. En los barrios en donde predomina la propiedad, como Chapinero o Teusaquillo, hay m\u00e1s adultos mayores y menos arriendo, lo que dificulta la llegada de nuevos hogares j\u00f3venes. Reducir los tama\u00f1os de vivienda o promover proyectos que combinen distintos grupos etarios ayudar\u00eda a equilibrar esa composici\u00f3n\u201d, advierte la especialista Parra .<\/p>\n\n\n\n<p>Considera adem\u00e1s que \u201cel debate no pasa por eliminar la concentraci\u00f3n etaria, sino por evitar que esta se traduzca en aislamiento. Tener grupos concentrados facilita planificar servicios, pero cuando las generaciones viven completamente separadas se rompe el tejido social. El intercambio entre edades es fundamental para fortalecer la empat\u00eda, el aprendizaje mutuo y el sentido de comunidad, aspectos que no se logran si cada grupo habita su propio fragmento de ciudad\u201d.<\/p>\n\n\n\n<h3 class=\"wp-block-heading\"><strong>De la planificaci\u00f3n a la vida cotidiana<\/strong><\/h3>\n\n\n\n<p>Entre las recomendaciones del estudio est\u00e1 incorporar en la planeaci\u00f3n urbana criterios intergeneracionales: redes peatonales seguras, vivienda flexible y equipamientos que favorezcan el encuentro.<\/p>\n\n\n\n<p>\u201cUna ciudad amigable con las personas mayores tambi\u00e9n es una ciudad mejor para todos. Necesitamos barrios en donde los mayores puedan permanecer, pero en donde tambi\u00e9n se reciban nuevas generaciones; m\u00e1s parques, bibliotecas y redes peatonales que faciliten el movimiento y la interacci\u00f3n cotidiana\u201d.<\/p>\n\n\n\n<p>\u201cEs urgente fortalecer el sistema de cuidado con una visi\u00f3n territorial. Durante una d\u00e9cada invertimos en la primera infancia, ahora debemos pensar en el cuidado de la vejez, en c\u00f3mo acompa\u00f1ar a quienes ser\u00e1n mayor\u00eda en pocos a\u00f1os\u201d, menciona.<\/p>\n\n\n\n<p>El estudio de la especialista Parra no solo revela una geograf\u00eda invisible de la edad, sino que adem\u00e1s pone sobre la mesa el desaf\u00edo de dise\u00f1ar ciudades que no a\u00edslen por generaciones.<\/p>\n\n\n\n<p>Con m\u00e1s de un mill\u00f3n de bogotanos que superan los 60 a\u00f1os y una expectativa de vida en aumento, pensar una ciudad intergeneracional deja de ser una opci\u00f3n y se convierte en una urgencia. \u201cSi las generaciones no se encuentran, no se reconocen. Y una ciudad que no se reconoce a s\u00ed misma termina fragmentada\u201d, concluye.<\/p>\n","protected":false},"excerpt":{"rendered":"<p>Se estima que para 2035 Bogot\u00e1 tendr\u00e1 casi un adulto mayor por cada persona menor de 17 a\u00f1os. Esto equivale a un profundo cambio demogr\u00e1fico impulsado por factores como tasas de nacimientos m\u00e1s bajas, hogares m\u00e1s peque\u00f1os y una expectativa de vida m\u00e1s larga en la ciudad. En ese nuevo mapa urbano, los ni\u00f1os y&#8230;<\/p>\n","protected":false},"author":5,"featured_media":18309,"comment_status":"closed","ping_status":"closed","sticky":false,"template":"","format":"standard","meta":{"_FSMCFIC_featured_image_caption":"","_FSMCFIC_featured_image_nocaption":"","_FSMCFIC_featured_image_hide":"","footnotes":""},"categories":[2],"tags":[],"class_list":["post-18308","post","type-post","status-publish","format-standard","has-post-thumbnail","hentry","category-el_bolsillo"],"_links":{"self":[{"href":"https:\/\/economiaconedmer.com\/economiaenserio\/wp-json\/wp\/v2\/posts\/18308","targetHints":{"allow":["GET"]}}],"collection":[{"href":"https:\/\/economiaconedmer.com\/economiaenserio\/wp-json\/wp\/v2\/posts"}],"about":[{"href":"https:\/\/economiaconedmer.com\/economiaenserio\/wp-json\/wp\/v2\/types\/post"}],"author":[{"embeddable":true,"href":"https:\/\/economiaconedmer.com\/economiaenserio\/wp-json\/wp\/v2\/users\/5"}],"replies":[{"embeddable":true,"href":"https:\/\/economiaconedmer.com\/economiaenserio\/wp-json\/wp\/v2\/comments?post=18308"}],"version-history":[{"count":1,"href":"https:\/\/economiaconedmer.com\/economiaenserio\/wp-json\/wp\/v2\/posts\/18308\/revisions"}],"predecessor-version":[{"id":18310,"href":"https:\/\/economiaconedmer.com\/economiaenserio\/wp-json\/wp\/v2\/posts\/18308\/revisions\/18310"}],"wp:featuredmedia":[{"embeddable":true,"href":"https:\/\/economiaconedmer.com\/economiaenserio\/wp-json\/wp\/v2\/media\/18309"}],"wp:attachment":[{"href":"https:\/\/economiaconedmer.com\/economiaenserio\/wp-json\/wp\/v2\/media?parent=18308"}],"wp:term":[{"taxonomy":"category","embeddable":true,"href":"https:\/\/economiaconedmer.com\/economiaenserio\/wp-json\/wp\/v2\/categories?post=18308"},{"taxonomy":"post_tag","embeddable":true,"href":"https:\/\/economiaconedmer.com\/economiaenserio\/wp-json\/wp\/v2\/tags?post=18308"}],"curies":[{"name":"wp","href":"https:\/\/api.w.org\/{rel}","templated":true}]}}