{"id":18302,"date":"2025-11-12T21:21:31","date_gmt":"2025-11-13T02:21:31","guid":{"rendered":"https:\/\/economiaconedmer.com\/economiaenserio\/?p=18302"},"modified":"2025-11-12T21:21:32","modified_gmt":"2025-11-13T02:21:32","slug":"la-amazonia-nos-convoca","status":"publish","type":"post","link":"https:\/\/economiaconedmer.com\/economiaenserio\/11\/12\/la-amazonia-nos-convoca\/el_resto\/2025\/","title":{"rendered":"La Amazon\u00eda nos convoca"},"content":{"rendered":"\n<p><em>Por: Felipe Olaya Arias<\/em>. @olayafelipe<\/p>\n\n\n\n<p>En noviembre, todas las miradas del mundo estar\u00e1n puestas sobre Bel\u00e9m, en el coraz\u00f3n de la Amazon\u00eda brasile\u00f1a, sede de la COP30. No es un lugar cualquiera. Es el pulm\u00f3n del planeta, el hogar de m\u00e1s de 400 pueblos ind\u00edgenas, el ecosistema m\u00e1s biodiverso del mundo y, hoy m\u00e1s que nunca, el epicentro de la esperanza clim\u00e1tica global.<\/p>\n\n\n\n<p>Desde Colombia, no podemos ver esta cumbre como una m\u00e1s. Es la primera vez que la COP se realiza en la selva tropical. Es tambi\u00e9n la primera vez que nuestra regi\u00f3n,&nbsp;Am\u00e9rica Latina y el Caribe,&nbsp;lidera desde el territorio la conversaci\u00f3n clim\u00e1tica m\u00e1s importante del planeta. Y es la oportunidad m\u00e1s clara que tenemos para decir, con una sola voz,&nbsp;el cambio clim\u00e1tico no es solo una crisis ambiental, es una crisis de equidad, de justicia y de modelos de desarrollo.<\/p>\n\n\n\n<p>Colombia llega a esta cita con una posici\u00f3n firme y valiente: biodiversidad como soluci\u00f3n clim\u00e1tica, eliminaci\u00f3n progresiva de los combustibles f\u00f3siles y reforma al sistema financiero internacional. Tres apuestas que reflejan nuestra convicci\u00f3n de que no se trata solo de reducir emisiones, sino de repensar el desarrollo desde una \u00e9tica del cuidado, la sostenibilidad y la inclusi\u00f3n.<\/p>\n\n\n\n<p>Pero no podemos hacerlo solos. Necesitamos que el mundo entienda que cuidar la Amazon\u00eda es un deber compartido. Que proteger nuestros bosques no puede ser un sacrificio sin compensaci\u00f3n. Que las transiciones energ\u00e9ticas deben ser justas, con financiaci\u00f3n real, sin aumentar la deuda de los pa\u00edses del Sur. Y que el conocimiento ind\u00edgena, ancestral y comunitario no es un complemento: es el coraz\u00f3n de la soluci\u00f3n.<\/p>\n\n\n\n<p>En un momento donde la ciencia advierte que estamos peligrosamente cerca de superar el l\u00edmite de +1.5\u202f\u00b0C, la COP30 no puede ser un evento de discursos. Debe ser un punto de inflexi\u00f3n. Un espacio donde los compromisos se traduzcan en recursos, donde las decisiones reflejen la urgencia de quienes ya viven las consecuencias de la crisis clim\u00e1tica: las comunidades rurales, las mujeres campesinas, los j\u00f3venes sin oportunidades, los pueblos ind\u00edgenas desplazados por incendios o sequ\u00edas.<\/p>\n\n\n\n<p>Desde mi trabajo en educaci\u00f3n, innovaci\u00f3n y pol\u00edticas p\u00fablicas, s\u00e9 que la transformaci\u00f3n es posible cuando conectamos el conocimiento con la&nbsp;acci\u00f3n. Lo mismo debe ocurrir ahora con la pol\u00edtica clim\u00e1tica global. No bastan los acuerdos, necesitamos implementaci\u00f3n, coherencia y participaci\u00f3n. Que la justicia clim\u00e1tica deje de ser un discurso aspiracional y se convierta en realidad medible.<\/p>\n\n\n\n<p>Bel\u00e9m nos recuerda que no hay futuro posible sin la Amazon\u00eda. Que el destino del planeta se juega tambi\u00e9n en nuestras selvas, r\u00edos y territorios. Y que Am\u00e9rica Latina, hist\u00f3ricamente marginada en las decisiones globales, hoy tiene una oportunidad \u00fanica para liderar desde la experiencia, desde la resistencia y desde la esperanza.<\/p>\n\n\n\n<p>Ojal\u00e1 la COP30 no pase a la historia como una cumbre m\u00e1s, sino como el momento en que el Sur Global se puso de pie, habl\u00f3 claro y cambi\u00f3 el rumbo del mundo.<\/p>\n","protected":false},"excerpt":{"rendered":"<p>Por: Felipe Olaya Arias. @olayafelipe En noviembre, todas las miradas del mundo estar\u00e1n puestas sobre Bel\u00e9m, en el coraz\u00f3n de la Amazon\u00eda brasile\u00f1a, sede de la COP30. No es un lugar cualquiera. Es el pulm\u00f3n del planeta, el hogar de m\u00e1s de 400 pueblos ind\u00edgenas, el ecosistema m\u00e1s biodiverso del mundo y, hoy m\u00e1s que&#8230;<\/p>\n","protected":false},"author":5,"featured_media":18303,"comment_status":"closed","ping_status":"closed","sticky":false,"template":"","format":"standard","meta":{"_FSMCFIC_featured_image_caption":"","_FSMCFIC_featured_image_nocaption":"","_FSMCFIC_featured_image_hide":"","footnotes":""},"categories":[22],"tags":[],"class_list":["post-18302","post","type-post","status-publish","format-standard","has-post-thumbnail","hentry","category-el_resto"],"_links":{"self":[{"href":"https:\/\/economiaconedmer.com\/economiaenserio\/wp-json\/wp\/v2\/posts\/18302","targetHints":{"allow":["GET"]}}],"collection":[{"href":"https:\/\/economiaconedmer.com\/economiaenserio\/wp-json\/wp\/v2\/posts"}],"about":[{"href":"https:\/\/economiaconedmer.com\/economiaenserio\/wp-json\/wp\/v2\/types\/post"}],"author":[{"embeddable":true,"href":"https:\/\/economiaconedmer.com\/economiaenserio\/wp-json\/wp\/v2\/users\/5"}],"replies":[{"embeddable":true,"href":"https:\/\/economiaconedmer.com\/economiaenserio\/wp-json\/wp\/v2\/comments?post=18302"}],"version-history":[{"count":1,"href":"https:\/\/economiaconedmer.com\/economiaenserio\/wp-json\/wp\/v2\/posts\/18302\/revisions"}],"predecessor-version":[{"id":18304,"href":"https:\/\/economiaconedmer.com\/economiaenserio\/wp-json\/wp\/v2\/posts\/18302\/revisions\/18304"}],"wp:featuredmedia":[{"embeddable":true,"href":"https:\/\/economiaconedmer.com\/economiaenserio\/wp-json\/wp\/v2\/media\/18303"}],"wp:attachment":[{"href":"https:\/\/economiaconedmer.com\/economiaenserio\/wp-json\/wp\/v2\/media?parent=18302"}],"wp:term":[{"taxonomy":"category","embeddable":true,"href":"https:\/\/economiaconedmer.com\/economiaenserio\/wp-json\/wp\/v2\/categories?post=18302"},{"taxonomy":"post_tag","embeddable":true,"href":"https:\/\/economiaconedmer.com\/economiaenserio\/wp-json\/wp\/v2\/tags?post=18302"}],"curies":[{"name":"wp","href":"https:\/\/api.w.org\/{rel}","templated":true}]}}