{"id":18299,"date":"2025-11-12T21:18:49","date_gmt":"2025-11-13T02:18:49","guid":{"rendered":"https:\/\/economiaconedmer.com\/economiaenserio\/?p=18299"},"modified":"2025-11-12T21:19:33","modified_gmt":"2025-11-13T02:19:33","slug":"viene-nuevo-encuentro-de-glamping-y-alojamientos-no-tradicionales","status":"publish","type":"post","link":"https:\/\/economiaconedmer.com\/economiaenserio\/11\/12\/viene-nuevo-encuentro-de-glamping-y-alojamientos-no-tradicionales\/turismo\/2025\/","title":{"rendered":"Viene nuevo encuentro de glamping y alojamientos no tradicionales"},"content":{"rendered":"\n<p>El pr\u00f3ximo 25 y 26 de noviembre, en el hotel Sonesta, Cotelco Cap\u00edtulo Bogot\u00e1 \u2013 Cundinamarca realizar\u00e1 el \u201c<strong>V Encuentro de Glamping y Alojamientos no Tradicionales<\/strong>\u201d, un espacio acad\u00e9mico y empresarial creado para fortalecer el desarrollo competitivo de uno de los segmentos de mayor crecimiento en la regi\u00f3n.<\/p>\n\n\n\n<p>De acuerdo con cifras suministradas por el \u00e1rea de estudios e investigaciones de Cotelco nacional, basadas en el RUES \u2013 RNT, el n\u00famero de establecimientos ha presentado un crecimiento sostenido pasando de 137 alojamientos en 2022 a 466 en 2024, conservando una cifra de 463 registros a marzo de 2025. Este panorama refleja el auge de propuestas de alojamiento en entornos naturales, en su mayor\u00eda iniciativas familiares o comunitarias, que buscan responder a una demanda creciente pero que enfrentan retos ligados al acompa\u00f1amiento t\u00e9cnico, la formalizaci\u00f3n y la sostenibilidad para consolidarse en un mercado competitivo.<\/p>\n\n\n\n<p>En esta quinta edici\u00f3n, el Encuentro pone en el centro la importancia de la transformaci\u00f3n estrat\u00e9gica, la formalizaci\u00f3n y la internacionalizaci\u00f3n de los alojamientos no tradicionales, con una agenda enfocada en el fortalecimiento empresarial, las nuevas tendencias y los modelos de experiencias memorables en la industria tur\u00edstica.&nbsp;Se espera la asistencia de cerca de 200 participantes presenciales, adem\u00e1s de p\u00fablico remoto, dada la naturaleza h\u00edbrida del evento.<\/p>\n\n\n\n<p>La agenda incluir\u00e1 espacios acad\u00e9micos, conversatorios, casos inspiradores, y cerrar\u00e1 con una rueda de negocios destinada a promover conexiones estrat\u00e9gicas entre alojamientos no tradicionales, agencias de viaje y actores clave de la cadena tur\u00edstica. En esta edici\u00f3n tambi\u00e9n se tendr\u00e1 una muestra comercial de formato reducido, que permitir\u00e1 a los asistentes conocer productos y soluciones innovadoras para fortalecer la operaci\u00f3n del sector.<\/p>\n\n\n\n<p>Agenda Acad\u00e9mica<\/p>\n\n\n\n<p>25 de noviembre \u2013 Bienestar, identidad y dise\u00f1o en la ruralidad<\/p>\n\n\n\n<p>La jornada abrir\u00e1 con la conferencia internacional \u201cNuevas modalidades de alojamiento: desarrollo de territorio y construcci\u00f3n de destino\u201d, a cargo de Cristina&nbsp;Sua\u00f1a, presidenta de la Asociaci\u00f3n de Turismo Vivencial \u201cUros&nbsp;Khantati\u201d (Per\u00fa), quien compartir\u00e1 su experiencia integrando pr\u00e1cticas comunitarias, ancestralidad y turismo vivencial como motores de desarrollo local. Posteriormente, se presentar\u00e1 la sesi\u00f3n \u201cArquitectura bioclim\u00e1tica y materiales sostenibles en alojamientos rurales\u201d, dirigida a comprender la importancia del dise\u00f1o sustentable y el uso de materiales adecuados para la construcci\u00f3n responsable en entornos naturales.<\/p>\n\n\n\n<p>Tambi\u00e9n tendr\u00e1 lugar el taller experiencial \u201cEl viaje no solo es f\u00edsico: el equilibrio entre la est\u00e9tica y la autenticidad\u201d, con el director de UR Visual, David Uribe, quien explorar\u00e1&nbsp;elementos sensoriales, emocionales y creativos para generar experiencias memorables sin perder la esencia del territorio. El panel \u201cEl poder del nicho: el auge del turismo consciente y personalizado. Generaciones y expectativas\u201d, permitir\u00e1 a los asistentes escuchar a representantes de&nbsp;Neusa&nbsp;Hills&nbsp;de Cundinamarca; La Manigua&nbsp;Lodge&nbsp;de la Macarena, Meta;&nbsp;Savanna&nbsp;Lodge&nbsp;de Yopal, Casanare&nbsp;y &nbsp;SummerC&nbsp;de&nbsp;Macanal, Boyac\u00e1.<\/p>\n\n\n\n<p>El primer d\u00eda cerrar\u00e1 con la intervenci\u00f3n \u201cAlojamientos inteligentes en la ruralidad\u201d, a cargo del Cl\u00faster de Turismo de la C\u00e1mara de Comercio de Bogot\u00e1, presentando herramientas tecnol\u00f3gicas y modelos operativos que optimizan la gesti\u00f3n y elevan la competitividad del sector.<\/p>\n\n\n\n<p>26 de noviembre &#8211; Tecnolog\u00eda e inteligencia artificial en el glamping y alojamientos no tradicionales&nbsp;<\/p>\n\n\n\n<p>Iniciar\u00e1 con el experto en marketing digital Ramiro Parias, director de Rampa, quien presentar\u00e1 la conferencia \u201cInteligencia artificial y personalizaci\u00f3n de experiencias en glamping y alojamientos no tradicionales: \u00bfhacia d\u00f3nde vamos?\u201d, explorando oportunidades para potenciar el relacionamiento con el hu\u00e9sped y mejorar los procesos de comunicaci\u00f3n y servicio. Continuar\u00e1 la charla de&nbsp;Cloudbeds, \u201cLa IA en la gesti\u00f3n operativa del glamping y nuevas modalidades de alojamiento: reducci\u00f3n de costos\u201d, haciendo \u00e9nfasis en la automatizaci\u00f3n, la optimizaci\u00f3n de recursos y la eficiencia en la administraci\u00f3n. &nbsp;Posteriormente, Constanza Olaya presentar\u00e1 \u201cTurismo regenerativo: m\u00e1s all\u00e1 de la sostenibilidad en el glamping, el legado del turista\u201d, enfocada en la importancia de generar impactos positivos duraderos en los ecosistemas y comunidades anfitrionas.<\/p>\n\n\n\n<p>Para el cierre, se realizar\u00e1 la Rueda de Negocios organizada en alianza con ANATO Cap\u00edtulo Central, un espacio dise\u00f1ado para conectar a proveedores, operadores, agencias de viaje y propietarios de alojamientos no tradicionales, facilitando el intercambio comercial y la creaci\u00f3n de alianzas estrat\u00e9gicas.<\/p>\n\n\n\n<p><\/p>\n","protected":false},"excerpt":{"rendered":"<p>El pr\u00f3ximo 25 y 26 de noviembre, en el hotel Sonesta, Cotelco Cap\u00edtulo Bogot\u00e1 \u2013 Cundinamarca realizar\u00e1 el \u201cV Encuentro de Glamping y Alojamientos no Tradicionales\u201d, un espacio acad\u00e9mico y empresarial creado para fortalecer el desarrollo competitivo de uno de los segmentos de mayor crecimiento en la regi\u00f3n. De acuerdo con cifras suministradas por el&#8230;<\/p>\n","protected":false},"author":5,"featured_media":18300,"comment_status":"closed","ping_status":"closed","sticky":false,"template":"","format":"standard","meta":{"_FSMCFIC_featured_image_caption":"","_FSMCFIC_featured_image_nocaption":"","_FSMCFIC_featured_image_hide":"","footnotes":""},"categories":[28],"tags":[],"class_list":["post-18299","post","type-post","status-publish","format-standard","has-post-thumbnail","hentry","category-turismo"],"_links":{"self":[{"href":"https:\/\/economiaconedmer.com\/economiaenserio\/wp-json\/wp\/v2\/posts\/18299","targetHints":{"allow":["GET"]}}],"collection":[{"href":"https:\/\/economiaconedmer.com\/economiaenserio\/wp-json\/wp\/v2\/posts"}],"about":[{"href":"https:\/\/economiaconedmer.com\/economiaenserio\/wp-json\/wp\/v2\/types\/post"}],"author":[{"embeddable":true,"href":"https:\/\/economiaconedmer.com\/economiaenserio\/wp-json\/wp\/v2\/users\/5"}],"replies":[{"embeddable":true,"href":"https:\/\/economiaconedmer.com\/economiaenserio\/wp-json\/wp\/v2\/comments?post=18299"}],"version-history":[{"count":1,"href":"https:\/\/economiaconedmer.com\/economiaenserio\/wp-json\/wp\/v2\/posts\/18299\/revisions"}],"predecessor-version":[{"id":18301,"href":"https:\/\/economiaconedmer.com\/economiaenserio\/wp-json\/wp\/v2\/posts\/18299\/revisions\/18301"}],"wp:featuredmedia":[{"embeddable":true,"href":"https:\/\/economiaconedmer.com\/economiaenserio\/wp-json\/wp\/v2\/media\/18300"}],"wp:attachment":[{"href":"https:\/\/economiaconedmer.com\/economiaenserio\/wp-json\/wp\/v2\/media?parent=18299"}],"wp:term":[{"taxonomy":"category","embeddable":true,"href":"https:\/\/economiaconedmer.com\/economiaenserio\/wp-json\/wp\/v2\/categories?post=18299"},{"taxonomy":"post_tag","embeddable":true,"href":"https:\/\/economiaconedmer.com\/economiaenserio\/wp-json\/wp\/v2\/tags?post=18299"}],"curies":[{"name":"wp","href":"https:\/\/api.w.org\/{rel}","templated":true}]}}