{"id":18296,"date":"2025-11-12T21:12:05","date_gmt":"2025-11-13T02:12:05","guid":{"rendered":"https:\/\/economiaconedmer.com\/economiaenserio\/?p=18296"},"modified":"2025-11-12T21:12:05","modified_gmt":"2025-11-13T02:12:05","slug":"she-is-global-forum-liderazgos-globales-se-reunen-en-bogota","status":"publish","type":"post","link":"https:\/\/economiaconedmer.com\/economiaenserio\/11\/12\/she-is-global-forum-liderazgos-globales-se-reunen-en-bogota\/destacados\/2025\/","title":{"rendered":"She Is Global Forum: liderazgos globales se re\u00fanen en Bogot\u00e1"},"content":{"rendered":"\n<p>El conocimiento, la innovaci\u00f3n y la esperanza se unen para transformar el futuro de la equidad de g\u00e9nero en Latinoam\u00e9rica. La&nbsp;Fundaci\u00f3n She Isanunci\u00f3 la vinculaci\u00f3n de siete de las universidades m\u00e1s destacadas del pa\u00eds, junto a la Co-organizaci\u00f3n de la&nbsp;Gobernaci\u00f3n de Cundinamarca&nbsp;y aliados estrat\u00e9gicos del&nbsp;She Is Global Forum 2025, consolidando a Colombia como un referente de liderazgo, investigaci\u00f3n y acci\u00f3n con prop\u00f3sito.<\/p>\n\n\n\n<p>Durante los d\u00edas&nbsp;<strong>19 y 20 de noviembre<\/strong>, el&nbsp;<strong>Centro de Convenciones del Hotel Cosmos 100 &#8211; DoubleTree by Hilton Bogot\u00e1<\/strong>&nbsp;ser\u00e1 el escenario donde l\u00edderes y lideresas nacionales e internacionales, instituciones acad\u00e9micas, empresas, organismos multilaterales y sociedad civil se re\u00fanan para construir&nbsp;puentes entre el conocimiento y la transformaci\u00f3n social con enfoque de g\u00e9nero.<\/p>\n\n\n\n<p><strong>Entrada libre previa inscripci\u00f3n en:<\/strong><a rel=\"noreferrer noopener\" target=\"_blank\" href=\"https:\/\/www.sheisforum.com\/entradas2025\">www.sheisforum.com\/entradas2025<\/a><\/p>\n\n\n\n<p>Este a\u00f1o, el She Is Global Forum refuerza su ecosistema de colaboraci\u00f3n con el respaldo acad\u00e9mico de&nbsp;<strong>siete universidades l\u00edderes del pa\u00eds<\/strong>\u2014la&nbsp;<strong>Universidad Militar Nueva Granada<\/strong>, la&nbsp;<strong>Universidad de La Salle<\/strong>, la&nbsp;<strong>Pontificia Universidad Javeriana<\/strong>,&nbsp;el<strong>&nbsp;Polit\u00e9cnico Grancolombiano,&nbsp;<\/strong>la&nbsp;<strong>Universidad Am\u00e9rica<\/strong>&nbsp;y la&nbsp;<strong>Universidad de los Andes<\/strong>\u2014 la alianza institucional de la&nbsp;<strong>Gobernaci\u00f3n de Cundinamarca<\/strong>, que se suma al movimiento como Co-organizaci\u00f3n para fortalecer el impacto y ampliar las oportunidades de desarrollo para las mujeres de Latinoam\u00e9rica. Y aliados nacionales e internacionales que movilizan la conversaci\u00f3n en temas de g\u00e9nero, innovaci\u00f3n y sostenibilidad como: One Young World, Werfen, &nbsp;WEDO (Women&#8217;s Entrepreneurship Day Organization), El Congreso de la Rep\u00fablica de Colombia, a trav\u00e9s de la Comisi\u00f3n de la Mujer, Servinanas, Ursula, Con Vania, entre otras organizaciones que se suman en esta conversaci\u00f3n y cambio de paradigmas.&nbsp;<\/p>\n\n\n\n<p>Estas alianzas representan un compromiso tangible entre la&nbsp;<strong>academia, el gobierno y el sector privado<\/strong>, pilares esenciales para avanzar hacia una sociedad m\u00e1s equitativa. Juntas, estas instituciones impulsar\u00e1n el intercambio de conocimiento y la implementaci\u00f3n de proyectos que promuevan la educaci\u00f3n, el emprendimiento y el liderazgo femenino. Uno de los espacios para ello ser\u00e1 el Innovation Tank, con talleres gratuitos y certificados por algunas de las universidades mencionadas.&nbsp;<\/p>\n\n\n\n<p><em>\u201cLa uni\u00f3n entre academia, sector p\u00fablico y privado es esencial para construir una sociedad m\u00e1s equitativa., con conversaciones que construyen, cuestionan e inspiran. Desde la&nbsp;<\/em><strong><em>Fundaci\u00f3n She Is<\/em><\/strong><em>creemos en el conocimiento como herramienta de libertad y transformaci\u00f3n social\u201d<\/em>, afirm\u00f3&nbsp;<strong>Leidy Mart\u00ednez<\/strong>, directora ejecutiva de la Fundaci\u00f3n She Is.<\/p>\n\n\n\n<p>La&nbsp;<strong>s\u00e9ptima edici\u00f3n del She Is Global Forum<\/strong>propone una agenda ambiciosa y multidisciplinaria que busca inspirar acci\u00f3n y promover soluciones reales. Bajo el lema&nbsp;<strong>\u201cde la esperanza &nbsp;al cambio, juntas\u201d<\/strong>, el foro abordar\u00e1&nbsp;<strong>cinco ejes tem\u00e1ticos<\/strong>&nbsp;que servir\u00e1n como marco para las conferencias magistrales, paneles y talleres certificados.<\/p>\n\n\n\n<p><a><\/a><strong>1. Interseccionalidades y Diversidades Culturales<\/strong><\/p>\n\n\n\n<p>Una conversaci\u00f3n que celebra la riqueza de identidades, territorios y saberes de las mujeres latinoamericanas. Este eje abordar\u00e1 c\u00f3mo las pol\u00edticas p\u00fablicas, el arte, la educaci\u00f3n y la cultura pueden ser motores de inclusi\u00f3n.<\/p>\n\n\n\n<p><a><\/a><strong>2. Masculinidades Transformadoras y Prevenci\u00f3n de Violencias<\/strong><\/p>\n\n\n\n<p>Un espacio para repensar el rol de los hombres en la construcci\u00f3n de una sociedad libre de violencias. Expertos nacionales e internacionales presentar\u00e1n estrategias, investigaciones y programas de corresponsabilidad y nuevas masculinidades.<\/p>\n\n\n\n<p><a><\/a><strong>3. Econom\u00eda con Enfoque de G\u00e9nero y Transformaci\u00f3n de los Cuidados<\/strong><\/p>\n\n\n\n<p>Este eje analizar\u00e1 c\u00f3mo revalorizar el trabajo de cuidado y fomentar econom\u00edas m\u00e1s justas, sostenibles e inclusivas. Se compartir\u00e1n modelos de \u00e9xito empresarial, emprendimientos liderados por mujeres y pol\u00edticas p\u00fablicas innovadoras, enmarcadas tambi\u00e9n bajo la tem\u00e1tica de econom\u00eda del cuidado.&nbsp;<\/p>\n\n\n\n<p>4. Juventudes, Salud Mental y Bienestar Psicosocial con Perspectiva de G\u00e9nero<\/p>\n\n\n\n<p>Una conversaci\u00f3n necesaria sobre el bienestar emocional, la participaci\u00f3n juvenil y el futuro del liderazgo. Este espacio pondr\u00e1 sobre la mesa la importancia de la salud mental como pilar del desarrollo social y personal.<\/p>\n\n\n\n<p><a><\/a><strong>5. Liderazgo, Transformaci\u00f3n Social e Historias de Vida<\/strong><\/p>\n\n\n\n<p>Un cierre inspirador con mujeres y hombres que han convertido sus experiencias en impulso para transformar realidades. Testimonios de resiliencia, innovaci\u00f3n y liderazgo que reflejan el esp\u00edritu del Foro.<\/p>\n\n\n\n<p><\/p>\n","protected":false},"excerpt":{"rendered":"<p>El conocimiento, la innovaci\u00f3n y la esperanza se unen para transformar el futuro de la equidad de g\u00e9nero en Latinoam\u00e9rica. La&nbsp;Fundaci\u00f3n She Isanunci\u00f3 la vinculaci\u00f3n de siete de las universidades m\u00e1s destacadas del pa\u00eds, junto a la Co-organizaci\u00f3n de la&nbsp;Gobernaci\u00f3n de Cundinamarca&nbsp;y aliados estrat\u00e9gicos del&nbsp;She Is Global Forum 2025, consolidando a Colombia como un referente&#8230;<\/p>\n","protected":false},"author":5,"featured_media":18297,"comment_status":"closed","ping_status":"closed","sticky":false,"template":"","format":"standard","meta":{"_FSMCFIC_featured_image_caption":"","_FSMCFIC_featured_image_nocaption":"","_FSMCFIC_featured_image_hide":"","footnotes":""},"categories":[21],"tags":[],"class_list":["post-18296","post","type-post","status-publish","format-standard","has-post-thumbnail","hentry","category-destacados"],"_links":{"self":[{"href":"https:\/\/economiaconedmer.com\/economiaenserio\/wp-json\/wp\/v2\/posts\/18296","targetHints":{"allow":["GET"]}}],"collection":[{"href":"https:\/\/economiaconedmer.com\/economiaenserio\/wp-json\/wp\/v2\/posts"}],"about":[{"href":"https:\/\/economiaconedmer.com\/economiaenserio\/wp-json\/wp\/v2\/types\/post"}],"author":[{"embeddable":true,"href":"https:\/\/economiaconedmer.com\/economiaenserio\/wp-json\/wp\/v2\/users\/5"}],"replies":[{"embeddable":true,"href":"https:\/\/economiaconedmer.com\/economiaenserio\/wp-json\/wp\/v2\/comments?post=18296"}],"version-history":[{"count":1,"href":"https:\/\/economiaconedmer.com\/economiaenserio\/wp-json\/wp\/v2\/posts\/18296\/revisions"}],"predecessor-version":[{"id":18298,"href":"https:\/\/economiaconedmer.com\/economiaenserio\/wp-json\/wp\/v2\/posts\/18296\/revisions\/18298"}],"wp:featuredmedia":[{"embeddable":true,"href":"https:\/\/economiaconedmer.com\/economiaenserio\/wp-json\/wp\/v2\/media\/18297"}],"wp:attachment":[{"href":"https:\/\/economiaconedmer.com\/economiaenserio\/wp-json\/wp\/v2\/media?parent=18296"}],"wp:term":[{"taxonomy":"category","embeddable":true,"href":"https:\/\/economiaconedmer.com\/economiaenserio\/wp-json\/wp\/v2\/categories?post=18296"},{"taxonomy":"post_tag","embeddable":true,"href":"https:\/\/economiaconedmer.com\/economiaenserio\/wp-json\/wp\/v2\/tags?post=18296"}],"curies":[{"name":"wp","href":"https:\/\/api.w.org\/{rel}","templated":true}]}}