{"id":18284,"date":"2025-11-12T20:56:39","date_gmt":"2025-11-13T01:56:39","guid":{"rendered":"https:\/\/economiaconedmer.com\/economiaenserio\/?p=18284"},"modified":"2025-11-12T20:59:35","modified_gmt":"2025-11-13T01:59:35","slug":"francia-y-colombia-se-unen-por-el-liderazgo-femenino-en-tecnologia","status":"publish","type":"post","link":"https:\/\/economiaconedmer.com\/economiaenserio\/11\/12\/francia-y-colombia-se-unen-por-el-liderazgo-femenino-en-tecnologia\/destacados\/2025\/","title":{"rendered":"Francia y Colombia, unidos por el liderazgo femenino en tecnolog\u00eda"},"content":{"rendered":"\n<p><strong>Bogot\u00e1, noviembre 12 de 2025\u00a0<\/strong>\u2013 La French Tech Bogot\u00e1, en colaboraci\u00f3n con la CCI France Colombia, organiza el pr\u00f3ximo 12 de noviembre el Primer encuentro Mujeres en la Tech, en el hotel Grand Hyatt, un evento exclusivo que reunir\u00e1 a mujeres l\u00edderes del ecosistema tecnol\u00f3gico y empresarial colombiano y franc\u00e9s, con el objetivo de abrir un espacio de conversaci\u00f3n de alto nivel sobre c\u00f3mo la tecnolog\u00eda redefine los modelos de liderazgo, la toma de decisiones y el futuro de las organizaciones.<\/p>\n\n\n\n<p>El encuentro contar\u00e1 con la presencia del Embajador de Francia en Colombia, Sylvain Itt\u00e9, la representante de la French TEch en Colombia Ila&nbsp; Travecedo y el Director de la CCI Pedro Andres Valero.<\/p>\n\n\n\n<p><strong>La Frenche Terch un movimiento global que llega a Colombia<\/strong><\/p>\n\n\n\n<p>\u201cMujeres en la Tech\u201d naci\u00f3 en Francia hace m\u00e1s de una d\u00e9cada como una iniciativa impulsada por La French Tech, el movimiento creado por el gobierno franc\u00e9s en 2013 para fortalecer el ecosistema de innovaci\u00f3n y emprendimiento digital del pa\u00eds. Desde entonces, el formato se ha replicado con \u00e9xito en varias ciudades consolid\u00e1ndose como un espacio de encuentro que celebra el liderazgo femenino, promueve la diversidad en la tecnolog\u00eda y conecta a mujeres referentes de distintos sectores.<\/p>\n\n\n\n<p><strong>\u201cMujeres en la Tech Bogot\u00e1<\/strong>&nbsp;busca conectar esa energ\u00eda transformadora con el talento latinoamericano, promoviendo nuevas colaboraciones entre Francia y Colombia en torno a la innovaci\u00f3n, la sostenibilidad y la inteligencia artificial\u201d coment\u00f3 Pedro Valero, Director de la CCI.<\/p>\n\n\n\n<p><strong>Un encuentro para conectar liderazgos femeninos<\/strong><\/p>\n\n\n\n<p>Mujeres en la Tech Bogot\u00e1 propone una conversaci\u00f3n inspiradora entre l\u00edderes que est\u00e1n transformando sus sectores a trav\u00e9s de la innovaci\u00f3n y el prop\u00f3sito, abordando temas como:&nbsp;<\/p>\n\n\n\n<ul class=\"wp-block-list\">\n<li>El papel de la tecnolog\u00eda en la creaci\u00f3n de organizaciones m\u00e1s humanas.<\/li>\n\n\n\n<li>C\u00f3mo la inteligencia artificial est\u00e1 influyendo en la toma de decisiones empresariales.<\/li>\n\n\n\n<li>Nuevos modelos de liderazgo que combinan prop\u00f3sito, innovaci\u00f3n y sostenibilidad.<\/li>\n<\/ul>\n\n\n\n<p>El objetivo es reconocer a las mujeres que impulsan la transformaci\u00f3n digital en ambos pa\u00edses y fortalecer los lazos entre ecosistemas empresariales, institucionales y tecnol\u00f3gicos.<\/p>\n\n\n\n<p><strong>Presencia femenina en el sector tecnol\u00f3gico: avances y desaf\u00edos<\/strong><\/p>\n\n\n\n<p>En Francia, las mujeres representan cerca del 30% de la fuerza laboral tecnol\u00f3gica, pero solo el 16% ocupa cargos directivos. En Colombia, la cifra es a\u00fan menor: una de cada cuatro profesionales en tecnolog\u00eda es mujer, seg\u00fan el&nbsp;<em>Observatorio de Talento Digital 2024<\/em>. Sin embargo, ambos pa\u00edses muestran se\u00f1ales alentadoras: cada vez m\u00e1s mujeres lideran startups, fondos de inversi\u00f3n y \u00e1reas de innovaci\u00f3n, redefiniendo el panorama tecnol\u00f3gico con una visi\u00f3n m\u00e1s inclusiva y colaborativa.<\/p>\n\n\n\n<p><\/p>\n","protected":false},"excerpt":{"rendered":"<p>Bogot\u00e1, noviembre 12 de 2025\u00a0\u2013 La French Tech Bogot\u00e1, en colaboraci\u00f3n con la CCI France Colombia, organiza el pr\u00f3ximo 12 de noviembre el Primer encuentro Mujeres en la Tech, en el hotel Grand Hyatt, un evento exclusivo que reunir\u00e1 a mujeres l\u00edderes del ecosistema tecnol\u00f3gico y empresarial colombiano y franc\u00e9s, con el objetivo de abrir&#8230;<\/p>\n","protected":false},"author":5,"featured_media":18285,"comment_status":"closed","ping_status":"closed","sticky":false,"template":"","format":"standard","meta":{"_FSMCFIC_featured_image_caption":"","_FSMCFIC_featured_image_nocaption":"","_FSMCFIC_featured_image_hide":"","footnotes":""},"categories":[21],"tags":[],"class_list":["post-18284","post","type-post","status-publish","format-standard","has-post-thumbnail","hentry","category-destacados"],"_links":{"self":[{"href":"https:\/\/economiaconedmer.com\/economiaenserio\/wp-json\/wp\/v2\/posts\/18284","targetHints":{"allow":["GET"]}}],"collection":[{"href":"https:\/\/economiaconedmer.com\/economiaenserio\/wp-json\/wp\/v2\/posts"}],"about":[{"href":"https:\/\/economiaconedmer.com\/economiaenserio\/wp-json\/wp\/v2\/types\/post"}],"author":[{"embeddable":true,"href":"https:\/\/economiaconedmer.com\/economiaenserio\/wp-json\/wp\/v2\/users\/5"}],"replies":[{"embeddable":true,"href":"https:\/\/economiaconedmer.com\/economiaenserio\/wp-json\/wp\/v2\/comments?post=18284"}],"version-history":[{"count":2,"href":"https:\/\/economiaconedmer.com\/economiaenserio\/wp-json\/wp\/v2\/posts\/18284\/revisions"}],"predecessor-version":[{"id":18287,"href":"https:\/\/economiaconedmer.com\/economiaenserio\/wp-json\/wp\/v2\/posts\/18284\/revisions\/18287"}],"wp:featuredmedia":[{"embeddable":true,"href":"https:\/\/economiaconedmer.com\/economiaenserio\/wp-json\/wp\/v2\/media\/18285"}],"wp:attachment":[{"href":"https:\/\/economiaconedmer.com\/economiaenserio\/wp-json\/wp\/v2\/media?parent=18284"}],"wp:term":[{"taxonomy":"category","embeddable":true,"href":"https:\/\/economiaconedmer.com\/economiaenserio\/wp-json\/wp\/v2\/categories?post=18284"},{"taxonomy":"post_tag","embeddable":true,"href":"https:\/\/economiaconedmer.com\/economiaenserio\/wp-json\/wp\/v2\/tags?post=18284"}],"curies":[{"name":"wp","href":"https:\/\/api.w.org\/{rel}","templated":true}]}}