{"id":18253,"date":"2025-11-11T20:13:01","date_gmt":"2025-11-12T01:13:01","guid":{"rendered":"https:\/\/economiaconedmer.com\/economiaenserio\/?p=18253"},"modified":"2025-11-11T20:13:01","modified_gmt":"2025-11-12T01:13:01","slug":"persisten-brechas-en-la-representacion-politica-de-las-mujeres-en-colombia","status":"publish","type":"post","link":"https:\/\/economiaconedmer.com\/economiaenserio\/11\/11\/persisten-brechas-en-la-representacion-politica-de-las-mujeres-en-colombia\/el_resto\/2025\/","title":{"rendered":"Persisten brechas en la representaci\u00f3n pol\u00edtica de las mujeres en Colombia"},"content":{"rendered":"\n<p><em><strong>As\u00ed lo evidencia estudio de la\u00a0Registradur\u00eda, la Embajada de Suecia en Colombia, la Defensor\u00eda del Pueblo y ONU Mujeres.\u00a03.027 damas fueron candidatas en elecciones territoriales de 2023.<\/strong><\/em><\/p>\n\n\n\n<p>La\u00a0Registradur\u00eda\u00a0Nacional del Estado Civil, la Embajada de Suecia en Colombia, la Defensor\u00eda del Pueblo y ONU Mujeres, en el marco de la estrategia \u2018M\u00e1s Mujeres, M\u00e1s Democracia\u2019, promovida por la Mesa de G\u00e9nero de la Cooperaci\u00f3n Internacional, presentaron en la sede central de la\u00a0Registradur\u00eda\u00a0Nacional el estudio\u00a0\u20183000 voces por la democracia: Experiencias de candidatas en Colombia para erradicar la violencia contra las mujeres en pol\u00edtica\u2019.<\/p>\n\n\n\n<p>Esta investigaci\u00f3n, la m\u00e1s representativa sobre este fen\u00f3meno hecha en el pa\u00eds, evidencia que, a pesar de los avances normativos que promueven la participaci\u00f3n y la igualdad de g\u00e9nero en la pol\u00edtica, as\u00ed como la prevenci\u00f3n y la sanci\u00f3n de la violencia contra las mujeres en pol\u00edtica, la participaci\u00f3n de las mujeres en cargos pol\u00edticos a\u00fan presenta brechas de representaci\u00f3n importantes.<\/p>\n\n\n\n<p>Los datos del estudio muestran que la violencia contra las mujeres en pol\u00edtica es generalizada, pues durante la campa\u00f1a electoral,&nbsp;3 de cada 4 (78.8%) candidatas a las elecciones territoriales&nbsp;de 2023 sufrieron&nbsp;alg\u00fan tipo de violencia en actividades como visitas a barrios, veredas, asambleas y reuniones, por el solo hecho de ser mujeres.&nbsp;<\/p>\n\n\n\n<p>\u201cLa violencia contra las mujeres en pol\u00edtica no es un hecho aislado: debilita liderazgos, limita la democracia y disuade a muchas de participar en la vida p\u00fablica. Este informe aporta evidencia clave para orientar pol\u00edticas p\u00fablicas efectivas, fortalecer la protecci\u00f3n a las candidatas y avanzar hacia una democracia paritaria donde ninguna mujer tenga que elegir entre participar o sentirse segura\u201d, asegur\u00f3&nbsp;Mar\u00eda In\u00e9s Salamanca, representante pa\u00eds&nbsp;a.i&nbsp;de ONU Mujeres.<\/p>\n\n\n\n<p>El\u00a061,3%\u00a0de las candidatas que desarrollaron actividades presenciales en el marco de la campa\u00f1a report\u00f3 haber experimentado una o m\u00e1s situaciones de violencia, principalmente a trav\u00e9s de comentarios despectivos (insultantes) enfocados en la capacidad de las mujeres para ejercer la pol\u00edtica.<\/p>\n\n\n\n<p>Las candidatas experimentaron distintos tipos de violencia. Por ejemplo,\u00a07 de cada 10 (72,4%)\u00a0reportaron haber sufrido una o m\u00e1s situaciones de violencia psicol\u00f3gica, por medio de comentarios despectivos sobre su rol y capacidades para ejercer cargos y liderazgo pol\u00edtico. Adem\u00e1s,\u00a0<em>2 de cada 5 (40,6%)<\/em>\u00a0fueron v\u00edctimas de violencia econ\u00f3mica (robo, destrucci\u00f3n o\u00a0vandalizaci\u00f3n\u00a0de materiales o de la sede de campa\u00f1a).\u00a0<\/p>\n\n\n\n<p>Asimismo, 1 de cada 4 (25,4%)\u00a0experiment\u00f3 una o m\u00e1s situaciones de violencia sexual, que abarc\u00f3 desde recibir comentarios o sugerencias sexuales y la solicitud de favores sexuales a cambio de apoyo pol\u00edtico o financiero, hasta ser objeto de acciones sexualmente expl\u00edcitas no deseadas como tocar, abrazar o besar en contra de su voluntad. Tambi\u00e9n,\u00a0el 4,6%\u00a0de las candidatas fue v\u00edctima de violencia f\u00edsica como patadas, bofetadas, sacudidas fuertes o agresiones con objetos o armas. En este contexto, cabe destacar que las candidatas a alcald\u00edas fueron el objetivo principal de las manifestaciones de violencia de \u00edndole psicol\u00f3gica\u00a0(36,8 %) y sexual (31,4 %).<\/p>\n\n\n\n<p>De igual manera, el\u00a041,2%\u00a0report\u00f3 violencia en redes sociales u otros medios digitales, lo que pudo afectar sus posibilidades de ser electas, pues\u00a03 de cada 11 (27,3%)\u00a0evitaron debates y uso de redes sociales por miedo a la violencia digital, afectando sus posibilidades de ganar.\u00a0<\/p>\n\n\n\n<p>En todos los casos, las&nbsp;candidatas m\u00e1s afectadas pertenecen a poblaci\u00f3n negra, afrocolombiana, raizal y&nbsp;palenquera&nbsp;(NARP), con discapacidad, lesbianas, en etapa de adultez y vejez o con mayor nivel educativo.<\/p>\n\n\n\n<p>\u201cDesde Suecia nos enorgullece apoyar este estudio junto a ONU Mujeres, \u00a0la\u00a0Registradur\u00eda\u00a0Nacional y la Defensor\u00eda del Pueblo. Sabemos que, para transformar la realidad, primero hay que visibilizarla. Este informe es una herramienta poderosa para entender los obst\u00e1culos que enfrentan las mujeres en el ejercicio de sus derechos pol\u00edticos, y para\u00a0construir soluciones concretas que garanticen su seguridad y liderazgo. Cuando una mujer participa en pol\u00edtica, gana toda la sociedad.\u201d\u00a0MariaCram\u00e9r, Embajadora de Suecia en Colombia\u201d<\/p>\n\n\n\n<p>El estudio realizado tambi\u00e9n entreg\u00f3 una serie de recomendaciones orientadas a la participaci\u00f3n efectiva de las mujeres en pol\u00edtica y a su protecci\u00f3n en este entorno. Algunas de estas&nbsp;<strong>recomendaciones<\/strong>&nbsp;son:&nbsp;<\/p>\n\n\n\n<p>1) Asegurar una implementaci\u00f3n pronta y efectiva de la Ley 2453 de 2025, que busca prevenir y castigar la violencia contra las mujeres en el \u00e1mbito pol\u00edtico;&nbsp;<\/p>\n\n\n\n<p>2) Tomar medidas para avanzar hacia una participaci\u00f3n y representaci\u00f3n paritaria en todos los \u00e1mbitos y niveles de la vida pol\u00edtica, y&nbsp;<\/p>\n\n\n\n<p>3) Prestar atenci\u00f3n prioritaria y dise\u00f1ar pol\u00edticas orientadas a proteger a las mujeres en situaciones de violencia pol\u00edtica amplificada.&nbsp;<\/p>\n\n\n\n<p>El\u00a0delegado en lo Electoral de la\u00a0Registradur\u00eda\u00a0Nacional del Estado Civil, Jaime Hernando Su\u00e1rez, resalt\u00f3 la pertinencia de esta investigaci\u00f3n, de cara a las elecciones de Congreso y presidencia de 2026: \u201cDurante los procesos electorales la violencia pol\u00edtica contra las mujeres se incrementa y agudiza, por esta raz\u00f3n, es prioritario avanzar en la formulaci\u00f3n e implementaci\u00f3n de estrategias efectivas para la eliminaci\u00f3n de las barreras que enfrentan las mujeres en su participaci\u00f3n pol\u00edtica, especialmente en las pr\u00f3ximas elecciones, como elemento esencial para el fortalecimiento de nuestra democracia\u201d.<\/p>\n","protected":false},"excerpt":{"rendered":"<p>As\u00ed lo evidencia estudio de la\u00a0Registradur\u00eda, la Embajada de Suecia en Colombia, la Defensor\u00eda del Pueblo y ONU Mujeres.\u00a03.027 damas fueron candidatas en elecciones territoriales de 2023. La\u00a0Registradur\u00eda\u00a0Nacional del Estado Civil, la Embajada de Suecia en Colombia, la Defensor\u00eda del Pueblo y ONU Mujeres, en el marco de la estrategia \u2018M\u00e1s Mujeres, M\u00e1s Democracia\u2019, promovida&#8230;<\/p>\n","protected":false},"author":5,"featured_media":18254,"comment_status":"closed","ping_status":"closed","sticky":false,"template":"","format":"standard","meta":{"_FSMCFIC_featured_image_caption":"","_FSMCFIC_featured_image_nocaption":"","_FSMCFIC_featured_image_hide":"","footnotes":""},"categories":[22],"tags":[],"class_list":["post-18253","post","type-post","status-publish","format-standard","has-post-thumbnail","hentry","category-el_resto"],"_links":{"self":[{"href":"https:\/\/economiaconedmer.com\/economiaenserio\/wp-json\/wp\/v2\/posts\/18253","targetHints":{"allow":["GET"]}}],"collection":[{"href":"https:\/\/economiaconedmer.com\/economiaenserio\/wp-json\/wp\/v2\/posts"}],"about":[{"href":"https:\/\/economiaconedmer.com\/economiaenserio\/wp-json\/wp\/v2\/types\/post"}],"author":[{"embeddable":true,"href":"https:\/\/economiaconedmer.com\/economiaenserio\/wp-json\/wp\/v2\/users\/5"}],"replies":[{"embeddable":true,"href":"https:\/\/economiaconedmer.com\/economiaenserio\/wp-json\/wp\/v2\/comments?post=18253"}],"version-history":[{"count":1,"href":"https:\/\/economiaconedmer.com\/economiaenserio\/wp-json\/wp\/v2\/posts\/18253\/revisions"}],"predecessor-version":[{"id":18255,"href":"https:\/\/economiaconedmer.com\/economiaenserio\/wp-json\/wp\/v2\/posts\/18253\/revisions\/18255"}],"wp:featuredmedia":[{"embeddable":true,"href":"https:\/\/economiaconedmer.com\/economiaenserio\/wp-json\/wp\/v2\/media\/18254"}],"wp:attachment":[{"href":"https:\/\/economiaconedmer.com\/economiaenserio\/wp-json\/wp\/v2\/media?parent=18253"}],"wp:term":[{"taxonomy":"category","embeddable":true,"href":"https:\/\/economiaconedmer.com\/economiaenserio\/wp-json\/wp\/v2\/categories?post=18253"},{"taxonomy":"post_tag","embeddable":true,"href":"https:\/\/economiaconedmer.com\/economiaenserio\/wp-json\/wp\/v2\/tags?post=18253"}],"curies":[{"name":"wp","href":"https:\/\/api.w.org\/{rel}","templated":true}]}}