{"id":18239,"date":"2025-11-10T20:45:33","date_gmt":"2025-11-11T01:45:33","guid":{"rendered":"https:\/\/economiaconedmer.com\/economiaenserio\/?p=18239"},"modified":"2025-11-10T20:45:33","modified_gmt":"2025-11-11T01:45:33","slug":"algodoneros-y-textileros-ven-bien-la-cooperacion-de-colombia-y-egipto","status":"publish","type":"post","link":"https:\/\/economiaconedmer.com\/economiaenserio\/11\/10\/algodoneros-y-textileros-ven-bien-la-cooperacion-de-colombia-y-egipto\/el_resto\/2025\/","title":{"rendered":"Algodoneros y textileros ven bien la cooperaci\u00f3n de Colombia y Egipto"},"content":{"rendered":"\n<p><strong>Bogot\u00e1, 7 de noviembre de 2024.<\/strong>\u00a0Los agricultores de algod\u00f3n y los empresarios del sector textil, quienes se encuentran en conversaciones con el Gobierno para frenar la eliminaci\u00f3n de aranceles que impactar\u00edan estos eslabones de la cadena, recibieron con optimismo el anuncio para activar una ruta de cooperaci\u00f3n econ\u00f3mica centrada en el algod\u00f3n y los textiles de Colombia y Egipto.<\/p>\n\n\n\n<p>El anuncio del acuerdo se dio recientemente, en la visita a El Cairo, Egipto y busca intercambiar conocimiento y tecnolog\u00eda entre Colombia \u2014productora de uno de los algodones m\u00e1s apreciados del continente\u2014 y Egipto, reconocido por su fibra de alta calidad y su tradici\u00f3n milenaria en la industria textil.<\/p>\n\n\n\n<p>Jorge Olarte, gerente de Diagonal, compa\u00f1\u00eda colombiana que comercializa fibra de algod\u00f3n para la industria textil, explic\u00f3 que \u00ablos hilanderos vemos como una muy buena noticia esta iniciativa, dado que es una oportunidad para fortalecer toda la cadena del algod\u00f3n en Colombia y avanzar hacia un modelo de producci\u00f3n sostenible de este sector de talla mundial\u201d.<\/p>\n\n\n\n<p>Sin embargo, asegur\u00f3 que para que la industria se fortalezca es necesario proteger los eslabones de los sectores algod\u00f3n &#8211; textil para permitir la existencia de cadenas productivas s\u00f3lidas e integradas hasta la confecci\u00f3n. \u201cSolo un encadenamiento completo permite exportar, atender los retos del mercado global y competir en condiciones justas en el mercado interno\u201d, sostuvo.<\/p>\n\n\n\n<p>El acuerdo de cooperaci\u00f3n se dar\u00e1 en el marco del Programa de Cooperaci\u00f3n Sur-Sur sobre Agricultura Sostenible entre Colombia, Per\u00fa y Egipto que lideran la FAO y la Agencia Presidencial de Cooperaci\u00f3n Internacional (APC-Colombia). En los pr\u00f3ximos d\u00edas una delegaci\u00f3n integrada por funcionarios del Ministerio de Agricultura y representantes del sector textil visitar\u00e1 Egipto. All\u00ed conocer\u00e1n de primera mano las experiencias exitosas del pa\u00eds en investigaci\u00f3n de semillas, calidad de fibra, procesos de hilatura y desarrollo de productos con alto valor agregado.<\/p>\n\n\n\n<p>El sector textil colombiano genera m\u00e1s de medio mill\u00f3n de empleos y exportaciones por 800 millones de d\u00f3lares aproximadamente. Este se ha consolidado como un motor de desarrollo productivo y social. Aprender de la experiencia egipcia y combinarla con el potencial de nuestro algod\u00f3n permitir\u00e1 seguir innovando y fortalecer la competitividad del sector.<\/p>\n\n\n\n<p>\u201cEsta cooperaci\u00f3n marca un paso importante hacia una industria m\u00e1s integrada, innovadora y sostenible, capaz de llevar el sello del algod\u00f3n colombiano a nuevos mercados internacionales, adem\u00e1s podr\u00e1 continuar aportando al crecimiento de los primeros eslabones de la cadena donde se generan m\u00e1s de 8.000 empleos en la hilatura y donde se hace importante proteger esta industria\u201d, puntualiz\u00f3 el gerente de Diagonal.<\/p>\n\n\n\n<p><\/p>\n","protected":false},"excerpt":{"rendered":"<p>Bogot\u00e1, 7 de noviembre de 2024.\u00a0Los agricultores de algod\u00f3n y los empresarios del sector textil, quienes se encuentran en conversaciones con el Gobierno para frenar la eliminaci\u00f3n de aranceles que impactar\u00edan estos eslabones de la cadena, recibieron con optimismo el anuncio para activar una ruta de cooperaci\u00f3n econ\u00f3mica centrada en el algod\u00f3n y los textiles&#8230;<\/p>\n","protected":false},"author":5,"featured_media":18240,"comment_status":"closed","ping_status":"closed","sticky":false,"template":"","format":"standard","meta":{"_FSMCFIC_featured_image_caption":"","_FSMCFIC_featured_image_nocaption":"","_FSMCFIC_featured_image_hide":"","footnotes":""},"categories":[22],"tags":[],"class_list":["post-18239","post","type-post","status-publish","format-standard","has-post-thumbnail","hentry","category-el_resto"],"_links":{"self":[{"href":"https:\/\/economiaconedmer.com\/economiaenserio\/wp-json\/wp\/v2\/posts\/18239","targetHints":{"allow":["GET"]}}],"collection":[{"href":"https:\/\/economiaconedmer.com\/economiaenserio\/wp-json\/wp\/v2\/posts"}],"about":[{"href":"https:\/\/economiaconedmer.com\/economiaenserio\/wp-json\/wp\/v2\/types\/post"}],"author":[{"embeddable":true,"href":"https:\/\/economiaconedmer.com\/economiaenserio\/wp-json\/wp\/v2\/users\/5"}],"replies":[{"embeddable":true,"href":"https:\/\/economiaconedmer.com\/economiaenserio\/wp-json\/wp\/v2\/comments?post=18239"}],"version-history":[{"count":1,"href":"https:\/\/economiaconedmer.com\/economiaenserio\/wp-json\/wp\/v2\/posts\/18239\/revisions"}],"predecessor-version":[{"id":18241,"href":"https:\/\/economiaconedmer.com\/economiaenserio\/wp-json\/wp\/v2\/posts\/18239\/revisions\/18241"}],"wp:featuredmedia":[{"embeddable":true,"href":"https:\/\/economiaconedmer.com\/economiaenserio\/wp-json\/wp\/v2\/media\/18240"}],"wp:attachment":[{"href":"https:\/\/economiaconedmer.com\/economiaenserio\/wp-json\/wp\/v2\/media?parent=18239"}],"wp:term":[{"taxonomy":"category","embeddable":true,"href":"https:\/\/economiaconedmer.com\/economiaenserio\/wp-json\/wp\/v2\/categories?post=18239"},{"taxonomy":"post_tag","embeddable":true,"href":"https:\/\/economiaconedmer.com\/economiaenserio\/wp-json\/wp\/v2\/tags?post=18239"}],"curies":[{"name":"wp","href":"https:\/\/api.w.org\/{rel}","templated":true}]}}