{"id":18236,"date":"2025-11-10T20:33:13","date_gmt":"2025-11-11T01:33:13","guid":{"rendered":"https:\/\/economiaconedmer.com\/economiaenserio\/?p=18236"},"modified":"2025-11-10T20:33:14","modified_gmt":"2025-11-11T01:33:14","slug":"estudio-alerta-sobre-pronostico-climatico-del-pais-en-lo-que-resta-del-ano","status":"publish","type":"post","link":"https:\/\/economiaconedmer.com\/economiaenserio\/11\/10\/estudio-alerta-sobre-pronostico-climatico-del-pais-en-lo-que-resta-del-ano\/el_resto\/2025\/","title":{"rendered":"Estudio alerta sobre pron\u00f3stico clim\u00e1tico del pa\u00eds  en lo que resta del a\u00f1o\u00a0"},"content":{"rendered":"\n<p><strong>Bogot\u00e1,\u00a0<\/strong><strong>noviembre<\/strong><strong>\u00a0<\/strong>8 <strong>de 202<\/strong><strong>5<\/strong><strong>\u00a0&#8211;\u00a0<\/strong><a href=\"https:\/\/www.aon.com\/home\/index\" target=\"_blank\" rel=\"noreferrer noopener\">Aon\u00a0plc<\/a>\u00a0(NYSE: AON), empresa de servicios profesionales,\u00a0present\u00f3\u00a0su informe\u00a0<a href=\"https:\/\/www.aon.com\/getmedia\/ea715f4f-56a0-437a-a103-09659e788a97\/Global-Catastrophe-Recap-Q3.pdf?_gl=1*1aw9wik*_gcl_au*NDY3Nzk5MzU2LjE3NjA3MDE1NDc.*_ga*MTA4MzkzNDM4Ny4xNzUyNjA5MTQx*_ga_S2CXP61BY4*czE3NjA3MDE1NDgkbzQkZzEkdDE3NjA3MDE1NzckajMxJGwwJGgw\" target=\"_blank\" rel=\"noreferrer noopener\">Global\u00a0Catastrophe\u00a0Recap\u00a0Q3\u00a02025,<\/a>\u00a0en el que reporta que las p\u00e9rdidas econ\u00f3micas generadas por desastres naturales durante los primeros\u00a0nueve\u00a0meses del a\u00f1o ascendieron a $203.000 millones de d\u00f3lares a nivel mundial. El monto\u00a0est\u00e1 por\u00a0debajo del promedio hist\u00f3rico del\u00a0siglo\u00a0actual\u00a0(USD $287.000 millones)\u00a0y es la cifra m\u00e1s baja desde el a\u00f1o 2015.<\/p>\n\n\n\n<p>En el caso de Colombia, el hecho m\u00e1s relevante del a\u00f1o contin\u00faa siendo el deslizamiento de tierra ocurrido el 24 de junio en la vereda Granizal de Bello, Antioquia, que caus\u00f3 la muerte de 22 personas, dej\u00f3 varios desaparecidos y oblig\u00f3 a evacuar a cerca de 900 habitantes. Aunque no se ha determinado oficialmente el monto de las p\u00e9rdidas econ\u00f3micas, las autoridades reportaron da\u00f1os materiales significativos. En el tercer trimestre de 2025  no se han registrado nuevos eventos de gran impacto.<\/p>\n\n\n\n<p>De cara al pr\u00f3ximo trimestre,\u00a0el pa\u00eds\u00a0enfrenta un escenario clim\u00e1tico que exige atenci\u00f3n. Seg\u00fan el\u00a0<a href=\"https:\/\/bart.ideam.gov.co\/wrfideam\/new_modelo\/CPT\/informe\/Informe.pdf\" target=\"_blank\" rel=\"noreferrer noopener\">IDEAM<\/a>, entre\u00a0noviembre\u00a02025\u00a0y\u00a0enero\u00a0de 2026\u00a0se espera un aumento de las lluvias en varias regiones del pa\u00eds. Las precipitaciones estar\u00edan por encima de lo normal, principalmente en la regi\u00f3n Caribe, el Piedemonte Llanero, el noreste de Vichada y el sur de las regiones Andina y Pac\u00edfica. <\/p>\n\n\n\n<p>De acuerdo con el modelo de medici\u00f3n, los incrementos en la cantidad de lluvia podr\u00edan variar entre un 10 % y un 30 % en estas zonas.\u00a0Por ello, se recomienda implementar medidas preventivas y planes de contingencia para reducir el impacto de posibles inundaciones, deslizamientos de tierra y afectaciones en infraestructura y cultivos.<\/p>\n\n\n\n<p>\u00abA nivel local, si bien no se han registrado eventos de gran magnitud recientemente, es fundamental mantener la vigilancia y avanzar en estrategias de prevenci\u00f3n, transferencia y gesti\u00f3n de riesgos que permitan reducir las brechas de protecci\u00f3n y garantizar una recuperaci\u00f3n m\u00e1s r\u00e1pida ante futuras emergencias\u201d, afirm\u00f3 Lina Toro, CEO de Reaseguros para Colombia\u00a0y Ecuador\u00a0en Aon.<\/p>\n\n\n\n<p><strong>Resultados en el mundo<\/strong><\/p>\n\n\n\n<p>Durante los primeros\u00a0nueve\u00a0meses del a\u00f1o las p\u00e9rdidas mundiales ascendieron a $203.000 millones de d\u00f3lares. <\/p>\n\n\n\n<p>Aunque el tercer trimestre no registr\u00f3 grandes desastres globales en t\u00e9rminos de p\u00e9rdidas aseguradas o econ\u00f3micas, el impacto humano sigui\u00f3 siendo significativo, con al menos 18.000 personas fallecidas a causa de desastres naturales, principalmente por olas de calor y terremotos. El evento m\u00e1s mortal de este periodo fue el terremoto ocurrido en Afganist\u00e1n el 31 de agosto.<\/p>\n\n\n\n<p>Por otro lado, las p\u00e9rdidas aseguradas ascendieron a al menos $114.000 millones de d\u00f3lares, impulsadas por una serie de eventos de alto impacto. En total, el informe identifica 36 desastres naturales&nbsp;a lo&nbsp;que va del a\u00f1o&nbsp;que generaron m\u00e1s de $1.000 millones de d\u00f3lares en p\u00e9rdidas econ\u00f3micas cada uno, de los cuales 22 tambi\u00e9n superaron esa cifra en p\u00e9rdidas aseguradas. Como resultado, la brecha de protecci\u00f3n se redujo al 44 %, la m\u00e1s baja registrada para este periodo. Este comportamiento se explica principalmente por la alta proporci\u00f3n de p\u00e9rdidas aseguradas en Estados Unidos (88 %), donde la cobertura de seguros es significativamente mayor que en otras regiones.<\/p>\n\n\n\n<p>En Am\u00e9rica del Sur, los eventos naturales m\u00e1s relevantes en lo que va del a\u00f1o incluyeron tormentas convectivas severas en Bolivia y Brasil, la tormenta de Santa Rosa en Argentina, inundaciones en Per\u00fa, Ecuador, Bolivia, Brasil y Argentina, un terremoto en Guatemala, condiciones de clima invernal extremo en Argentina, Chile y Uruguay, adem\u00e1s de incendios forestales en Chile y una grave sequ\u00eda que afect\u00f3 a Paraguay y parte de Brasil. En conjunto, estas cat\u00e1strofes ocasionaron p\u00e9rdidas econ\u00f3micas superiores a $6.740 millones de d\u00f3lares, siendo la sequ\u00eda en Brasil el evento m\u00e1s costoso, con da\u00f1os estimados en $4.800 millones de d\u00f3lares.<\/p>\n\n\n\n<p>\u201cAunque a nivel global el tercer trimestre mostr\u00f3 una reducci\u00f3n en las p\u00e9rdidas econ\u00f3micas y aseguradas, el impacto humano de los desastres naturales sigue siendo considerable y nos recuerda la importancia de fortalecer la resiliencia. En Am\u00e9rica Latina, fen\u00f3menos como las lluvias extremas, las inundaciones y los incendios forestales contin\u00faan poniendo a prueba la preparaci\u00f3n de las comunidades y los sistemas de protecci\u00f3n. dijo Lina Toro, CEO de Reaseguros para Colombia\u00a0y Ecuador\u00a0en Aon.<\/p>\n\n\n\n<p><\/p>\n","protected":false},"excerpt":{"rendered":"<p>Bogot\u00e1,\u00a0noviembre\u00a08 de 2025\u00a0&#8211;\u00a0Aon\u00a0plc\u00a0(NYSE: AON), empresa de servicios profesionales,\u00a0present\u00f3\u00a0su informe\u00a0Global\u00a0Catastrophe\u00a0Recap\u00a0Q3\u00a02025,\u00a0en el que reporta que las p\u00e9rdidas econ\u00f3micas generadas por desastres naturales durante los primeros\u00a0nueve\u00a0meses del a\u00f1o ascendieron a $203.000 millones de d\u00f3lares a nivel mundial. El monto\u00a0est\u00e1 por\u00a0debajo del promedio hist\u00f3rico del\u00a0siglo\u00a0actual\u00a0(USD $287.000 millones)\u00a0y es la cifra m\u00e1s baja desde el a\u00f1o 2015. En el caso&#8230;<\/p>\n","protected":false},"author":5,"featured_media":18237,"comment_status":"closed","ping_status":"closed","sticky":false,"template":"","format":"standard","meta":{"_FSMCFIC_featured_image_caption":"","_FSMCFIC_featured_image_nocaption":"","_FSMCFIC_featured_image_hide":"","footnotes":""},"categories":[22],"tags":[],"class_list":["post-18236","post","type-post","status-publish","format-standard","has-post-thumbnail","hentry","category-el_resto"],"_links":{"self":[{"href":"https:\/\/economiaconedmer.com\/economiaenserio\/wp-json\/wp\/v2\/posts\/18236","targetHints":{"allow":["GET"]}}],"collection":[{"href":"https:\/\/economiaconedmer.com\/economiaenserio\/wp-json\/wp\/v2\/posts"}],"about":[{"href":"https:\/\/economiaconedmer.com\/economiaenserio\/wp-json\/wp\/v2\/types\/post"}],"author":[{"embeddable":true,"href":"https:\/\/economiaconedmer.com\/economiaenserio\/wp-json\/wp\/v2\/users\/5"}],"replies":[{"embeddable":true,"href":"https:\/\/economiaconedmer.com\/economiaenserio\/wp-json\/wp\/v2\/comments?post=18236"}],"version-history":[{"count":1,"href":"https:\/\/economiaconedmer.com\/economiaenserio\/wp-json\/wp\/v2\/posts\/18236\/revisions"}],"predecessor-version":[{"id":18238,"href":"https:\/\/economiaconedmer.com\/economiaenserio\/wp-json\/wp\/v2\/posts\/18236\/revisions\/18238"}],"wp:featuredmedia":[{"embeddable":true,"href":"https:\/\/economiaconedmer.com\/economiaenserio\/wp-json\/wp\/v2\/media\/18237"}],"wp:attachment":[{"href":"https:\/\/economiaconedmer.com\/economiaenserio\/wp-json\/wp\/v2\/media?parent=18236"}],"wp:term":[{"taxonomy":"category","embeddable":true,"href":"https:\/\/economiaconedmer.com\/economiaenserio\/wp-json\/wp\/v2\/categories?post=18236"},{"taxonomy":"post_tag","embeddable":true,"href":"https:\/\/economiaconedmer.com\/economiaenserio\/wp-json\/wp\/v2\/tags?post=18236"}],"curies":[{"name":"wp","href":"https:\/\/api.w.org\/{rel}","templated":true}]}}