{"id":18227,"date":"2025-11-10T19:26:04","date_gmt":"2025-11-11T00:26:04","guid":{"rendered":"https:\/\/economiaconedmer.com\/economiaenserio\/?p=18227"},"modified":"2025-11-10T19:30:03","modified_gmt":"2025-11-11T00:30:03","slug":"se-dispara-la-inflacion-anual-551-a-octubre","status":"publish","type":"post","link":"https:\/\/economiaconedmer.com\/economiaenserio\/11\/10\/se-dispara-la-inflacion-anual-551-a-octubre\/el_bolsillo\/2025\/","title":{"rendered":"Se dispara la inflaci\u00f3n anual: 5,51%, a octubre"},"content":{"rendered":"\n<p><strong><em>Este hecho puede provocar un aumento de las  tasas de inter\u00e9s en la pr\u00f3xima reuni\u00f3n del Banco de la Rep\u00fablica. El anuncio del Gobierno de incrementar el salario m\u00ednimo a $1&#8217;800.000 mensuales para 2026, puede afectar a\u00fan m\u00e1s el IPC en los dos meses que restan del 2025, y en enero del pr\u00f3ximo a\u00f1o.<\/em><\/strong> <\/p>\n\n\n\n<p><strong>Bogot\u00e1, noviembre 10 de 2025.<\/strong>  Como se ve\u00eda llegar, la inflaci\u00f3n anual en Colombia ratific\u00f3 su tendencia creciente en octubre, y se ubic\u00f3 en 5,51%, cuando hace apenas un mes estaba en 5,18%, seg\u00fan el Dane. Es m\u00e1s en julio pasado el costo de vida de los \u00faltimos 12 meses era de apenas 4,9% y en agosto subi\u00f3 a 5,10%.<\/p>\n\n\n\n<p>La cifra de octubre tiene un impacto negativo de gran magnitud para los hogares y para la econom\u00eda, pues ahora no solamente sale m\u00e1s caro hacer mercado, sino que los ciudadanos deber\u00e1n pagar m\u00e1s por los servicios p\u00fablicos, y tendr\u00e1n que hacerle frente a un menor crecimiento econ\u00f3mico, un mayor riesgo de perder el empleo, y expectativas negativas frente a las tasas de inter\u00e9s.<\/p>\n\n\n\n<p>Y ojo con esto. Si alguien estaba esperando una reducci\u00f3n de los intereses para comprar un inmueble, un veh\u00edculo o endeudarse para estudiar o realizar un viaje, le tocar\u00e1 resignarse a tomar la decisi\u00f3n ahora mismo, ya que es posible que en la pr\u00f3xima reuni\u00f3n del la junta directiva del Banco de la Rep\u00fablica, a cambio de aprobar un recorte de las tasas, se opte por un incremento. Hoy, la tasa de referencia del Emisor se encuentran en 9,25%.      <\/p>\n\n\n\n<p><strong>Los resultados<\/strong><\/p>\n\n\n\n<p>En octubre de 2025, la variaci\u00f3n mensual del IPC fue 0,18%, la variaci\u00f3n a\u00f1o corrido fue 4,74% y la anual 5,51%, es decir, 0,10 puntos porcentuales mayor que la reportada en el mismo periodo del a\u00f1o anterior, cuando fue de 5,41%.<\/p>\n\n\n\n<figure class=\"wp-block-image size-large\"><img loading=\"lazy\" decoding=\"async\" width=\"300\" height=\"139\" src=\"https:\/\/economiaconedmer.com\/economiaenserio\/wp-content\/uploads\/2025\/11\/tabla-dane-infla-300x139.png\" alt=\"\" class=\"wp-image-18229\" srcset=\"https:\/\/economiaconedmer.com\/economiaenserio\/wp-content\/uploads\/2025\/11\/tabla-dane-infla-300x139.png 300w, https:\/\/economiaconedmer.com\/economiaenserio\/wp-content\/uploads\/2025\/11\/tabla-dane-infla-250x116.png 250w, https:\/\/economiaconedmer.com\/economiaenserio\/wp-content\/uploads\/2025\/11\/tabla-dane-infla-768x356.png 768w, https:\/\/economiaconedmer.com\/economiaenserio\/wp-content\/uploads\/2025\/11\/tabla-dane-infla.png 1084w\" sizes=\"auto, (max-width: 300px) 100vw, 300px\" \/><\/figure>\n\n\n\n<p>El aumento de mensual del IPC en octubre de 2025 (0,18%), se explic\u00f3 principalmente por la variaci\u00f3n mensual de las divisiones Alojamiento, agua, electricidad, gas y otros combustibles y restaurantes y hoteles. Las mayores variaciones se presentaron en las divisiones recreaci\u00f3n y cultura (0,81%) y salud (0,65%).<\/p>\n\n\n\n<p>El comportamiento de la inflaci\u00f3n anual se explic\u00f3 principalmente por la variaci\u00f3n anual de las divisiones alojamiento, agua, electricidad, gas y otros combustibles y alimentos y bebidas no alcoh\u00f3licas.<\/p>\n","protected":false},"excerpt":{"rendered":"<p>Este hecho puede provocar un aumento de las tasas de inter\u00e9s en la pr\u00f3xima reuni\u00f3n del Banco de la Rep\u00fablica. El anuncio del Gobierno de incrementar el salario m\u00ednimo a $1&#8217;800.000 mensuales para 2026, puede afectar a\u00fan m\u00e1s el IPC en los dos meses que restan del 2025, y en enero del pr\u00f3ximo a\u00f1o. Bogot\u00e1,&#8230;<\/p>\n","protected":false},"author":5,"featured_media":18231,"comment_status":"closed","ping_status":"closed","sticky":false,"template":"","format":"standard","meta":{"_FSMCFIC_featured_image_caption":"","_FSMCFIC_featured_image_nocaption":"","_FSMCFIC_featured_image_hide":"","footnotes":""},"categories":[2],"tags":[],"class_list":["post-18227","post","type-post","status-publish","format-standard","has-post-thumbnail","hentry","category-el_bolsillo"],"_links":{"self":[{"href":"https:\/\/economiaconedmer.com\/economiaenserio\/wp-json\/wp\/v2\/posts\/18227","targetHints":{"allow":["GET"]}}],"collection":[{"href":"https:\/\/economiaconedmer.com\/economiaenserio\/wp-json\/wp\/v2\/posts"}],"about":[{"href":"https:\/\/economiaconedmer.com\/economiaenserio\/wp-json\/wp\/v2\/types\/post"}],"author":[{"embeddable":true,"href":"https:\/\/economiaconedmer.com\/economiaenserio\/wp-json\/wp\/v2\/users\/5"}],"replies":[{"embeddable":true,"href":"https:\/\/economiaconedmer.com\/economiaenserio\/wp-json\/wp\/v2\/comments?post=18227"}],"version-history":[{"count":3,"href":"https:\/\/economiaconedmer.com\/economiaenserio\/wp-json\/wp\/v2\/posts\/18227\/revisions"}],"predecessor-version":[{"id":18232,"href":"https:\/\/economiaconedmer.com\/economiaenserio\/wp-json\/wp\/v2\/posts\/18227\/revisions\/18232"}],"wp:featuredmedia":[{"embeddable":true,"href":"https:\/\/economiaconedmer.com\/economiaenserio\/wp-json\/wp\/v2\/media\/18231"}],"wp:attachment":[{"href":"https:\/\/economiaconedmer.com\/economiaenserio\/wp-json\/wp\/v2\/media?parent=18227"}],"wp:term":[{"taxonomy":"category","embeddable":true,"href":"https:\/\/economiaconedmer.com\/economiaenserio\/wp-json\/wp\/v2\/categories?post=18227"},{"taxonomy":"post_tag","embeddable":true,"href":"https:\/\/economiaconedmer.com\/economiaenserio\/wp-json\/wp\/v2\/tags?post=18227"}],"curies":[{"name":"wp","href":"https:\/\/api.w.org\/{rel}","templated":true}]}}