{"id":18164,"date":"2025-11-07T18:49:19","date_gmt":"2025-11-07T23:49:19","guid":{"rendered":"https:\/\/economiaconedmer.com\/economiaenserio\/?p=18164"},"modified":"2025-11-07T19:00:48","modified_gmt":"2025-11-08T00:00:48","slug":"chia-inaugura-su-centro-administrativo-municipal","status":"publish","type":"post","link":"https:\/\/economiaconedmer.com\/economiaenserio\/11\/07\/chia-inaugura-su-centro-administrativo-municipal\/el_resto\/2025\/","title":{"rendered":"Ch\u00eda estrena su moderno Centro Administrativo Municipal (CAM)"},"content":{"rendered":"\n<p><strong>Ch\u00eda, noviembre 7 de 2025.<\/strong> El municipio de Ch\u00eda inaugur\u00f3 su nuevo Centro Administrativo Municipal (CAM) de Ch\u00eda, que se convierte en un icono de la infraestructura moderna, destinado a centralizar los servicios administrativos y mejorar la atenci\u00f3n al ciudadano. Su marcado objetivo de brindar una experiencia cercana, amable y eficiente de los tr\u00e1mites, solicitudes y diferentes aspectos relacionados con la comunidad y la administraci\u00f3n en materia de desarrollo, construcci\u00f3n, proyecci\u00f3n y mantenimiento de la municipalidad son la esencia de la construcci\u00f3n.<\/p>\n\n\n\n<p><em>\u201c<\/em>Todo ese esfuerzo y trabajo pasado el tiempo lo hemos materializado en los recursos p\u00fablicos y con todo el equipo de trabajo unido y enfocado en la cultura del cambio que es hoy una realidad, al ver este lugar incre\u00edble para construir el desarrollo, progreso y los sue\u00f1os del municipio. Miramos al futuro con esperanza, con los latidos de \u2018un nuevo coraz\u00f3n\u2026 el coraz\u00f3n de Ch\u00eda\u201d, dijo el alcalde Leonardo Donoso, en medio de la inauguraci\u00f3n del complejo administrativo, evento al que asistieron m\u00e1s de 800 invitados entre autoridades municipales, exalcaldes, concejales, empresarios de la regi\u00f3n Sabana Centro, y otras personalidades departamentales y locales.<\/p>\n\n\n\n<p><strong>Una obra imponente<\/strong><\/p>\n\n\n\n<p>El dise\u00f1o del Centro Administrativo Municipal (CAM) fue concebido por el arquitecto Konrad Brunner (Q.E.P.D.). Brunner, nieto del urbanista Karl Brunner, falleci\u00f3 en Bogot\u00e1 el 25 de septiembre de 2018, al poco tiempo de terminar el imponente dise\u00f1o del complejo por lo que el maestro no pudo ver su obra finalizada. Es de citar que el legado profesional y la esencia conceptual con la impronta del trabajo de los Brunner establece una profunda conexi\u00f3n con la planificaci\u00f3n urbana en Colombia, y aqu\u00ed se ve reflejado.\u00a0<\/p>\n\n\n\n<p>Por seis a\u00f1os, iniciando en 2019 y exceptuando dos a\u00f1os de la pandemia, se trabaj\u00f3 sobre los 25 250 m2 de construcci\u00f3n y los 6000 m2 de \u00e1reas comunes y parqueaderos para cerca de 90 veh\u00edculos, 40 motos y 300 bicicletas. La construcci\u00f3n de cuatro pisos y un s\u00f3tano es un magn\u00edfico complejo productivo que incluye aspectos arquitect\u00f3nicos y detalles modernos de comodidad con terrazas y sistemas de infraestructura inteligentes y ecosostenibles. Una estructura que busca fortalecer la confianza comunitaria y mejorar la gesti\u00f3n administrativa.<\/p>\n\n\n\n<p>El ingenio de los Brunner se plasma en este espacio p\u00fablico en cuya arquitectura moderna se utilizaron m\u00e1s de 800 toneladas de acero para levantar una construcci\u00f3n que se conecta magistralmente con el ambiente, en un ejemplo de biosostenibilidad, ya que en el tercero y cuarto pisos hay 250 paneles solares, en 1250 m2 que, aproximadamente ahorrar\u00e1n un 25 por ciento del consumo de energ\u00eda permanente.<\/p>\n\n\n\n<p>En el espacio que dentro del complejo se destin\u00f3 para el moderno y tecnol\u00f3gico nuevo Concejo Municipal hay 92 sillas para personas sentadas, 21 curules, una pantalla LED gigante y dos pantallas auxiliares, con un sistema ac\u00fastico y otro de debate, similares al del Congreso de la Rep\u00fablica. Adem\u00e1s, 227 c\u00e1maras que controlan todo el edificio, de 12 000 m2 de vidrio, lo suficiente para cubrir dos canchas de f\u00fatbol de forma completa, en un creativo dise\u00f1o.<\/p>\n\n\n\n<p>Una estructura como la detallada se concibe con el objetivo principal de crear un espacio moderno y funcional, que facilite la interacci\u00f3n entre los ciudadanos y la administraci\u00f3n, optimizando la operatividad de los servicios municipales y mejorando la experiencia del usuario.<\/p>\n\n\n\n<p><\/p>\n","protected":false},"excerpt":{"rendered":"<p>Ch\u00eda, noviembre 7 de 2025. El municipio de Ch\u00eda inaugur\u00f3 su nuevo Centro Administrativo Municipal (CAM) de Ch\u00eda, que se convierte en un icono de la infraestructura moderna, destinado a centralizar los servicios administrativos y mejorar la atenci\u00f3n al ciudadano. Su marcado objetivo de brindar una experiencia cercana, amable y eficiente de los tr\u00e1mites, solicitudes&#8230;<\/p>\n","protected":false},"author":5,"featured_media":18165,"comment_status":"closed","ping_status":"closed","sticky":false,"template":"","format":"standard","meta":{"_FSMCFIC_featured_image_caption":"","_FSMCFIC_featured_image_nocaption":"","_FSMCFIC_featured_image_hide":"","footnotes":""},"categories":[22],"tags":[],"class_list":["post-18164","post","type-post","status-publish","format-standard","has-post-thumbnail","hentry","category-el_resto"],"_links":{"self":[{"href":"https:\/\/economiaconedmer.com\/economiaenserio\/wp-json\/wp\/v2\/posts\/18164","targetHints":{"allow":["GET"]}}],"collection":[{"href":"https:\/\/economiaconedmer.com\/economiaenserio\/wp-json\/wp\/v2\/posts"}],"about":[{"href":"https:\/\/economiaconedmer.com\/economiaenserio\/wp-json\/wp\/v2\/types\/post"}],"author":[{"embeddable":true,"href":"https:\/\/economiaconedmer.com\/economiaenserio\/wp-json\/wp\/v2\/users\/5"}],"replies":[{"embeddable":true,"href":"https:\/\/economiaconedmer.com\/economiaenserio\/wp-json\/wp\/v2\/comments?post=18164"}],"version-history":[{"count":4,"href":"https:\/\/economiaconedmer.com\/economiaenserio\/wp-json\/wp\/v2\/posts\/18164\/revisions"}],"predecessor-version":[{"id":18174,"href":"https:\/\/economiaconedmer.com\/economiaenserio\/wp-json\/wp\/v2\/posts\/18164\/revisions\/18174"}],"wp:featuredmedia":[{"embeddable":true,"href":"https:\/\/economiaconedmer.com\/economiaenserio\/wp-json\/wp\/v2\/media\/18165"}],"wp:attachment":[{"href":"https:\/\/economiaconedmer.com\/economiaenserio\/wp-json\/wp\/v2\/media?parent=18164"}],"wp:term":[{"taxonomy":"category","embeddable":true,"href":"https:\/\/economiaconedmer.com\/economiaenserio\/wp-json\/wp\/v2\/categories?post=18164"},{"taxonomy":"post_tag","embeddable":true,"href":"https:\/\/economiaconedmer.com\/economiaenserio\/wp-json\/wp\/v2\/tags?post=18164"}],"curies":[{"name":"wp","href":"https:\/\/api.w.org\/{rel}","templated":true}]}}