{"id":18158,"date":"2025-11-07T18:17:41","date_gmt":"2025-11-07T23:17:41","guid":{"rendered":"https:\/\/economiaconedmer.com\/economiaenserio\/?p=18158"},"modified":"2025-11-07T20:46:41","modified_gmt":"2025-11-08T01:46:41","slug":"ano-cafetero-colombiano-rompe-record-de-produccion-de-30-anos-atras","status":"publish","type":"post","link":"https:\/\/economiaconedmer.com\/economiaenserio\/11\/07\/ano-cafetero-colombiano-rompe-record-de-produccion-de-30-anos-atras\/el_resto\/2025\/","title":{"rendered":"A\u00f1o cafetero rompe r\u00e9cord de producci\u00f3n"},"content":{"rendered":"\n<p><strong>Bogot\u00e1, noviembre 7 de 2025.<\/strong> La producci\u00f3n cafetera colombiana sigue al alza. En los \u00faltimos 12 meses registr\u00f3 una variaci\u00f3n positiva del 14%, pese a que en el mes cafetero baj\u00f3 un 10 % respecto a octubre del a\u00f1o anterior.<\/p>\n\n\n\n<p>Entre\u00a0noviembre de 2024 y octubre de 2025, la producci\u00f3n total de caf\u00e9 en Colombia alcanz\u00f3\u00a014.738 mil sacos de 60 kilos, frente a\u00a012.940 mil sacos\u00a0del mismo periodo anterior, mostrando un alza sostenida del sector cafetero.<\/p>\n\n\n\n<p>Respecto al\u00a0consumo interno,\u00a0aument\u00f3\u00a0<strong>5 %<\/strong>\u00a0respecto a 2024, con un total de 2.265 mil sacos\u00a0en los \u00faltimos 12 meses, mientras que las\u00a0exportaciones, por su parte, aunque se mantuvieron estables durante el mes de octubre, crecieron\u00a011 % en los \u00faltimos 12 meses\u00a0y\u00a010 % en el a\u00f1o corrido, para un total de\u00a013.346 mil sacos\u00a0entre noviembre de 2024 y octubre de 2025.<\/p>\n\n\n\n<p>Los\u00a0inventarios\u00a0cerraron octubre en\u00a01.154 mil sacos, lo que representa un incremento de\u00a0159 mil sacos\u00a0frente a septiembre.<\/p>\n\n\n\n<p>Aunque el mes cafetero de octubre present\u00f3 una disminuci\u00f3n del 10 % frente al mismo mes de 2024, (tal como lo hab\u00eda anunciado con anterioridad el Gerente de la Federaci\u00f3n, Germ\u00e1n Baham\u00f3n, el resultado acumulado de los \u00faltimos 12 meses confirma una tendencia general de crecimiento en la producci\u00f3n nacional.<\/p>\n","protected":false},"excerpt":{"rendered":"<p>Bogot\u00e1, noviembre 7 de 2025. La producci\u00f3n cafetera colombiana sigue al alza. En los \u00faltimos 12 meses registr\u00f3 una variaci\u00f3n positiva del 14%, pese a que en el mes cafetero baj\u00f3 un 10 % respecto a octubre del a\u00f1o anterior. Entre\u00a0noviembre de 2024 y octubre de 2025, la producci\u00f3n total de caf\u00e9 en Colombia alcanz\u00f3\u00a014.738&#8230;<\/p>\n","protected":false},"author":9,"featured_media":18163,"comment_status":"closed","ping_status":"closed","sticky":false,"template":"","format":"standard","meta":{"_FSMCFIC_featured_image_caption":"","_FSMCFIC_featured_image_nocaption":"","_FSMCFIC_featured_image_hide":"","footnotes":""},"categories":[22],"tags":[],"class_list":["post-18158","post","type-post","status-publish","format-standard","has-post-thumbnail","hentry","category-el_resto"],"_links":{"self":[{"href":"https:\/\/economiaconedmer.com\/economiaenserio\/wp-json\/wp\/v2\/posts\/18158","targetHints":{"allow":["GET"]}}],"collection":[{"href":"https:\/\/economiaconedmer.com\/economiaenserio\/wp-json\/wp\/v2\/posts"}],"about":[{"href":"https:\/\/economiaconedmer.com\/economiaenserio\/wp-json\/wp\/v2\/types\/post"}],"author":[{"embeddable":true,"href":"https:\/\/economiaconedmer.com\/economiaenserio\/wp-json\/wp\/v2\/users\/9"}],"replies":[{"embeddable":true,"href":"https:\/\/economiaconedmer.com\/economiaenserio\/wp-json\/wp\/v2\/comments?post=18158"}],"version-history":[{"count":2,"href":"https:\/\/economiaconedmer.com\/economiaenserio\/wp-json\/wp\/v2\/posts\/18158\/revisions"}],"predecessor-version":[{"id":18162,"href":"https:\/\/economiaconedmer.com\/economiaenserio\/wp-json\/wp\/v2\/posts\/18158\/revisions\/18162"}],"wp:featuredmedia":[{"embeddable":true,"href":"https:\/\/economiaconedmer.com\/economiaenserio\/wp-json\/wp\/v2\/media\/18163"}],"wp:attachment":[{"href":"https:\/\/economiaconedmer.com\/economiaenserio\/wp-json\/wp\/v2\/media?parent=18158"}],"wp:term":[{"taxonomy":"category","embeddable":true,"href":"https:\/\/economiaconedmer.com\/economiaenserio\/wp-json\/wp\/v2\/categories?post=18158"},{"taxonomy":"post_tag","embeddable":true,"href":"https:\/\/economiaconedmer.com\/economiaenserio\/wp-json\/wp\/v2\/tags?post=18158"}],"curies":[{"name":"wp","href":"https:\/\/api.w.org\/{rel}","templated":true}]}}