{"id":18130,"date":"2025-11-06T19:36:53","date_gmt":"2025-11-07T00:36:53","guid":{"rendered":"https:\/\/economiaconedmer.com\/economiaenserio\/?p=18130"},"modified":"2025-11-06T19:36:53","modified_gmt":"2025-11-07T00:36:53","slug":"parque-arauco-estrena-techo-solar-en-el-centro-comercial-alegra-de-barranquilla","status":"publish","type":"post","link":"https:\/\/economiaconedmer.com\/economiaenserio\/11\/06\/parque-arauco-estrena-techo-solar-en-el-centro-comercial-alegra-de-barranquilla\/el_resto\/2025\/","title":{"rendered":"Parque Arauco estrena techo solar en el centro comercial Alegra, de Barranquilla"},"content":{"rendered":"\n<p><strong>Barranquilla, 5 de noviembre de 202<em>5.<\/em><\/strong> Parque Arauco puso en marcha un sistema de autogeneraci\u00f3n fotovoltaica en el techo de su centro comercial Parque Alegra en Barranquilla, Colombia. El proyecto es el m\u00e1s grande de este tipo en un mall de Sudam\u00e9rica y representa un nuevo paso en la estrategia regional de descarbonizaci\u00f3n que la compa\u00f1\u00eda implementa en Chile, Per\u00fa y Colombia.<\/p>\n\n\n\n<p>El sistema est\u00e1 compuesto por 2.700 paneles solares, instalados sobre una superficie de 12.700 m\u00b2, similar a casi dos canchas de f\u00fatbol profesional. Su capacidad permite generar, en promedio, 197.000 kilovatios hora (kWh) mensuales, equivalente al consumo mensual aproximado de 570 hogares de la Costa Atl\u00e1ntica Colombiana, considerando que, seg\u00fan datos de la UPME (Unidad de Planeaci\u00f3n Minero Energ\u00e9tica), este bordea los 300 kWh mensuales. Esta generaci\u00f3n permite cubrir un 26% del consumo energ\u00e9tico de las \u00e1reas comunes del centro comercial, representando as\u00ed una reducci\u00f3n significativa en la demanda de energ\u00eda proveniente de la red el\u00e9ctrica.<\/p>\n\n\n\n<p>\u201cEste proyecto representa un hito en nuestra estrategia de descarbonizaci\u00f3n, espec\u00edficamente en las emisiones. Elegimos Parque Alegra porque es un activo ubicado en la costa caribe de Colombia, donde las altas temperaturas durante todo el a\u00f1o generan un elevado consumo energ\u00e9tico, especialmente en sistemas de climatizaci\u00f3n. En ese contexto, reducir consumos y avanzar hacia fuentes m\u00e1s limpias era una prioridad. Este sistema contribuye a disminuir nuestras emisiones directas y demuestra que la autogeneraci\u00f3n renovable puede integrarse de manera efectiva en el funcionamiento cotidiano de un centro comercial\u201d, se\u00f1al\u00f3 Cristi\u00e1n Calcutta, gerente general de Parque Arauco Divisi\u00f3n Colombia.<\/p>\n\n\n\n<p>Este proyecto forma parte del plan de descarbonizaci\u00f3n de Parque Arauco, primera Compa\u00f1\u00eda de nuestro sector con metas alineadas con la iniciativa la Science Based Targets initiative (SBTi) en Sudam\u00e9rica, que considera una reducci\u00f3n del 38% en las emisiones absolutas de Alcance 1 y 2 al a\u00f1o 2029, junto con una disminuci\u00f3n del 48% en la intensidad de emisiones de Alcance 3. La compa\u00f1\u00eda respalda el progreso de sus metas a trav\u00e9s del uso de energ\u00eda renovable certificada, la reutilizaci\u00f3n de agua, la valorizaci\u00f3n de residuos y la incorporaci\u00f3n de infraestructura y construcci\u00f3n sostenible, entre otras iniciativas que se ejecutan regionalmente.<\/p>\n\n\n\n<p>Respecto al rol de la sostenibilidad en esta agenda, Ximena Bedoya, Gerente Corporativa de Sostenibilidad de Parque Arauco, indic\u00f3: \u201cEste proyecto es una expresi\u00f3n pr\u00e1ctica de nuestra estrategia regional. Cada nuevo proyecto de autogeneraci\u00f3n de energ\u00eda, nos acerca al cumplimiento de nuestras metas de descarbonizaci\u00f3n y refuerza la integraci\u00f3n de la sostenibilidad como parte estructural de nuestro modelo de negocio.\u201d<\/p>\n\n\n\n<p><strong>Paneles solares llegan tambi\u00e9n a Parque Fabricato<\/strong><\/p>\n\n\n\n<p>De manera simult\u00e1nea y, en complemento al esfuerzo en Parque Alegra, Parque Arauco implement\u00f3 un nuevo sistema fotovoltaico en su centro comercial Parque Fabricato, ubicado en Bello, Antioquia.<\/p>\n\n\n\n<p>El proyecto cuenta con 444 paneles solares que ocupan una superficie total de 1.400 m\u00b2. Su capacidad de generaci\u00f3n alcanza los 35.000 kWh mensuales, contribuyendo al abastecimiento energ\u00e9tico del centro comercial y reforzando el avance de la compa\u00f1\u00eda hacia un modelo operativo de bajas emisiones.<\/p>\n\n\n\n<p>Con estas nuevas instalaciones en Parque Alegra y Parque Fabricato, la compa\u00f1\u00eda ampl\u00eda su red regional de autogeneraci\u00f3n solar y fortalece su gesti\u00f3n energ\u00e9tica en Colombia. Estos proyectos se suman a las iniciativas ya desarrolladas en Parque Arboleda \u2014el m\u00e1s grande de la cadena hasta ahora\u2014, Parque Caracol\u00ed y Outlet Arauco Sop\u00f3, adem\u00e1s de MegaPlaza Ica en Per\u00fa, consolidando una importante red de plantas solares a nivel sudamericano.<\/p>\n\n\n\n<p>El uso de energ\u00eda renovable es uno de los principales pilares de descarbonizaci\u00f3n de la Compa\u00f1\u00eda, lo que no s\u00f3lo incluye los proyectos de autogeneraci\u00f3n, sino que adem\u00e1s integra el uso de energ\u00eda limpia certificada (IREC) con un 86% de toda la operaci\u00f3n de centros comerciales abastecida al cierre del a\u00f1o anterior de fuentes renovables. Adicionalmente Parque Arauco avanza en promover la movilidad sostenible registrando m\u00e1s de 30.500 horas de carga el\u00e9ctrica en su red de puntos para veh\u00edculos el\u00e9ctricos en distintos activos de su portafolio. La incorporaci\u00f3n de nuevas plantas solares en Colombia refuerza esta tendencia y consolida una operaci\u00f3n regional m\u00e1s eficiente, resiliente y competitiva, que integra tecnolog\u00eda y sostenibilidad como pilares estructurales de su modelo de negocio.<\/p>\n","protected":false},"excerpt":{"rendered":"<p>Barranquilla, 5 de noviembre de 2025. Parque Arauco puso en marcha un sistema de autogeneraci\u00f3n fotovoltaica en el techo de su centro comercial Parque Alegra en Barranquilla, Colombia. El proyecto es el m\u00e1s grande de este tipo en un mall de Sudam\u00e9rica y representa un nuevo paso en la estrategia regional de descarbonizaci\u00f3n que la&#8230;<\/p>\n","protected":false},"author":5,"featured_media":18131,"comment_status":"closed","ping_status":"closed","sticky":false,"template":"","format":"standard","meta":{"_FSMCFIC_featured_image_caption":"","_FSMCFIC_featured_image_nocaption":"","_FSMCFIC_featured_image_hide":"","footnotes":""},"categories":[22],"tags":[],"class_list":["post-18130","post","type-post","status-publish","format-standard","has-post-thumbnail","hentry","category-el_resto"],"_links":{"self":[{"href":"https:\/\/economiaconedmer.com\/economiaenserio\/wp-json\/wp\/v2\/posts\/18130","targetHints":{"allow":["GET"]}}],"collection":[{"href":"https:\/\/economiaconedmer.com\/economiaenserio\/wp-json\/wp\/v2\/posts"}],"about":[{"href":"https:\/\/economiaconedmer.com\/economiaenserio\/wp-json\/wp\/v2\/types\/post"}],"author":[{"embeddable":true,"href":"https:\/\/economiaconedmer.com\/economiaenserio\/wp-json\/wp\/v2\/users\/5"}],"replies":[{"embeddable":true,"href":"https:\/\/economiaconedmer.com\/economiaenserio\/wp-json\/wp\/v2\/comments?post=18130"}],"version-history":[{"count":1,"href":"https:\/\/economiaconedmer.com\/economiaenserio\/wp-json\/wp\/v2\/posts\/18130\/revisions"}],"predecessor-version":[{"id":18132,"href":"https:\/\/economiaconedmer.com\/economiaenserio\/wp-json\/wp\/v2\/posts\/18130\/revisions\/18132"}],"wp:featuredmedia":[{"embeddable":true,"href":"https:\/\/economiaconedmer.com\/economiaenserio\/wp-json\/wp\/v2\/media\/18131"}],"wp:attachment":[{"href":"https:\/\/economiaconedmer.com\/economiaenserio\/wp-json\/wp\/v2\/media?parent=18130"}],"wp:term":[{"taxonomy":"category","embeddable":true,"href":"https:\/\/economiaconedmer.com\/economiaenserio\/wp-json\/wp\/v2\/categories?post=18130"},{"taxonomy":"post_tag","embeddable":true,"href":"https:\/\/economiaconedmer.com\/economiaenserio\/wp-json\/wp\/v2\/tags?post=18130"}],"curies":[{"name":"wp","href":"https:\/\/api.w.org\/{rel}","templated":true}]}}