{"id":18114,"date":"2025-11-05T20:43:23","date_gmt":"2025-11-06T01:43:23","guid":{"rendered":"https:\/\/economiaconedmer.com\/economiaenserio\/?p=18114"},"modified":"2025-11-05T20:44:19","modified_gmt":"2025-11-06T01:44:19","slug":"claro-finaliza-la-modernizacion-de-su-megacenter-en-medellin","status":"publish","type":"post","link":"https:\/\/economiaconedmer.com\/economiaenserio\/11\/05\/claro-finaliza-la-modernizacion-de-su-megacenter-en-medellin\/el_resto\/2025\/","title":{"rendered":"Claro finaliza la modernizaci\u00f3n de su Megacenter en Medell\u00edn"},"content":{"rendered":"\n<p><strong>Medell\u00edn, 5 de noviembre de 2025.&nbsp;<\/strong>Con una inversi\u00f3n superior a los USD$13 millones, Claro Colombia moderniz\u00f3 el Triara Megacenter, su centro de datos ubicado en Medell\u00edn, desde donde se prestan servicios a diferentes empresas del pa\u00eds. Con esta renovaci\u00f3n se fortalecen sus capacidades en nube, inteligencia artificial y ciberseguridad.<\/p>\n\n\n\n<p>Triara Megacenter cuenta con 6.632 m\u00b2 construidos, ubicados en una zona estrat\u00e9gica de la ciudad, y con certificaci\u00f3n ICREA Nivel IV, que garantiza una disponibilidad del 99,99% de la infraestructura, posicion\u00e1ndolo como uno de los datacenters m\u00e1s robustos de la regi\u00f3n.<\/p>\n\n\n\n<p>Entre sus principales caracter\u00edsticas t\u00e9cnicas se destacan:<\/p>\n\n\n\n<ul class=\"wp-block-list\">\n<li>Capacidad instalada de 5 MW en dos subestaciones que aseguran redundancia en red el\u00e9ctrica.<\/li>\n\n\n\n<li>Cinco generadores permiten autogeneraci\u00f3n de 5 MW, con 48 horas de autonom\u00eda continua y abastecimiento de combustible incluso durante la operaci\u00f3n.<\/li>\n\n\n\n<li>Alimentaci\u00f3n regulada mediante UPS, con doble v\u00eda de redundancia para alta confiabilidad en las cargas IT de centro de datos.<\/li>\n\n\n\n<li>Aires acondicionados de precisi\u00f3n de \u00faltima generaci\u00f3n, que mantiene de forma constante los par\u00e1metros de temperatura y humedad en todas las \u00e1reas del Triara Megacenter.<\/li>\n\n\n\n<li>Sistema de detecci\u00f3n temprana de incendios y de extinci\u00f3n con agente limpio seguro para equipos y personas en caso de activaci\u00f3n.<\/li>\n\n\n\n<li>Sistemas de seguridad perimetral, con CCTV, control de acceso biom\u00e9trico y monitoreo constante por personal de seguridad altamente capacitado.<\/li>\n\n\n\n<li>Personal calificado que se encuentra monitoreando 7&#215;24 todos los sistemas cr\u00edticos (electromec\u00e1nicos, incendios, acceso y c\u00e1maras), con capacidad de respuesta inmediata ante cualquier incidente.<\/li>\n\n\n\n<li>Equipo de operaci\u00f3n 100% nacional, con amplia experiencia en la gesti\u00f3n de centros de datos.<\/li>\n\n\n\n<li>Incluyendo a Triara Megacenter en Medell\u00edn, la infraestructura de los datacenters de Claro Colombia suma a nivel nacional m\u00e1s de 1.900 racks con proyecci\u00f3n de expansi\u00f3n superior a los 2.200.<\/li>\n<\/ul>\n\n\n\n<p>En este centro de datos se trabaja con m\u00e1s de 100 empresas de los sectores financiero, gobierno, seguridad, educaci\u00f3n, construcci\u00f3n, valores, manufactura, entre otras, con soluciones de conectividad, ciberseguridad, inteligencia artificial y nube. En total, son cerca de 800 compa\u00f1\u00edas que conf\u00edan sus servicios en los datacenters de Claro en Colombia.<\/p>\n\n\n\n<p>De acuerdo con Rodrigo de Gusmao, presidente de Claro Colombia, \u201cesta inversi\u00f3n en Medell\u00edn es muestra del compromiso con la regi\u00f3n, generando desarrollo sostenible con infraestructura de clase mundial, con los m\u00e1s altos est\u00e1ndares de seguridad, conectividad y disponibilidad de servicios. Somos su mejor aliado tecnol\u00f3gico. Pasamos de ser una telco a una techno con infraestructura de Datacenter, servicios multicloud, soluciones verticales basadas en IA, ciberseguridad y 5G\u201d.<\/p>\n\n\n\n<p>As\u00ed mismo, en el \u00e1mbito fijo y m\u00f3vil, Claro cuenta con m\u00e1s de 13.548 kil\u00f3metros de fibra \u00f3ptica en Antioquia, el 100% de las cabeceras municipales est\u00e1 conectada a 4G, cobertura 5G en Medell\u00edn y Envigado, y pr\u00f3ximamente en otros municipios del valle de Aburr\u00e1 y del departamento.<\/p>\n","protected":false},"excerpt":{"rendered":"<p>Medell\u00edn, 5 de noviembre de 2025.&nbsp;Con una inversi\u00f3n superior a los USD$13 millones, Claro Colombia moderniz\u00f3 el Triara Megacenter, su centro de datos ubicado en Medell\u00edn, desde donde se prestan servicios a diferentes empresas del pa\u00eds. Con esta renovaci\u00f3n se fortalecen sus capacidades en nube, inteligencia artificial y ciberseguridad. Triara Megacenter cuenta con 6.632 m\u00b2&#8230;<\/p>\n","protected":false},"author":5,"featured_media":18115,"comment_status":"closed","ping_status":"closed","sticky":false,"template":"","format":"standard","meta":{"_FSMCFIC_featured_image_caption":"","_FSMCFIC_featured_image_nocaption":"","_FSMCFIC_featured_image_hide":"","footnotes":""},"categories":[22],"tags":[],"class_list":["post-18114","post","type-post","status-publish","format-standard","has-post-thumbnail","hentry","category-el_resto"],"_links":{"self":[{"href":"https:\/\/economiaconedmer.com\/economiaenserio\/wp-json\/wp\/v2\/posts\/18114","targetHints":{"allow":["GET"]}}],"collection":[{"href":"https:\/\/economiaconedmer.com\/economiaenserio\/wp-json\/wp\/v2\/posts"}],"about":[{"href":"https:\/\/economiaconedmer.com\/economiaenserio\/wp-json\/wp\/v2\/types\/post"}],"author":[{"embeddable":true,"href":"https:\/\/economiaconedmer.com\/economiaenserio\/wp-json\/wp\/v2\/users\/5"}],"replies":[{"embeddable":true,"href":"https:\/\/economiaconedmer.com\/economiaenserio\/wp-json\/wp\/v2\/comments?post=18114"}],"version-history":[{"count":2,"href":"https:\/\/economiaconedmer.com\/economiaenserio\/wp-json\/wp\/v2\/posts\/18114\/revisions"}],"predecessor-version":[{"id":18118,"href":"https:\/\/economiaconedmer.com\/economiaenserio\/wp-json\/wp\/v2\/posts\/18114\/revisions\/18118"}],"wp:featuredmedia":[{"embeddable":true,"href":"https:\/\/economiaconedmer.com\/economiaenserio\/wp-json\/wp\/v2\/media\/18115"}],"wp:attachment":[{"href":"https:\/\/economiaconedmer.com\/economiaenserio\/wp-json\/wp\/v2\/media?parent=18114"}],"wp:term":[{"taxonomy":"category","embeddable":true,"href":"https:\/\/economiaconedmer.com\/economiaenserio\/wp-json\/wp\/v2\/categories?post=18114"},{"taxonomy":"post_tag","embeddable":true,"href":"https:\/\/economiaconedmer.com\/economiaenserio\/wp-json\/wp\/v2\/tags?post=18114"}],"curies":[{"name":"wp","href":"https:\/\/api.w.org\/{rel}","templated":true}]}}