{"id":18111,"date":"2025-11-05T20:40:04","date_gmt":"2025-11-06T01:40:04","guid":{"rendered":"https:\/\/economiaconedmer.com\/economiaenserio\/?p=18111"},"modified":"2025-11-09T09:53:56","modified_gmt":"2025-11-09T14:53:56","slug":"javier-ortiz-estevez-nuevo-country-leader-de-softwareone-colombia","status":"publish","type":"post","link":"https:\/\/economiaconedmer.com\/economiaenserio\/11\/05\/javier-ortiz-estevez-nuevo-country-leader-de-softwareone-colombia\/corticas\/2025\/","title":{"rendered":"Javier Ortiz-Estevez, nuevo Country Leader de SoftwareOne Colombia"},"content":{"rendered":"\n<p><strong>Bogot\u00e1, Colombia. Noviembre de 2025<\/strong>.&nbsp; SoftwareOne proveedor l\u00edder mundial de soluciones de software y tecnolog\u00eda en la nube, anuncia el nombramiento de&nbsp;<strong>Javier Ortiz-Est\u00e9vez<\/strong>, como nuevo&nbsp;<strong>Country Leader para Colombia<\/strong>. Esta designaci\u00f3n, fortalece la estrategia de la compa\u00f1\u00eda en impulsar una transformaci\u00f3n digital eficiente, enfocada en la optimizaci\u00f3n tecnol\u00f3gica, capacidad y sostenibilidad para sus clientes y aliados sin comprometer la rentabilidad e innovaci\u00f3n del negocio.<\/p>\n\n\n\n<p><em>\u201cEste nuevo rol representa una responsabilidad que asumo con gratitud y entusiasmo; mi compromiso no es solo con la compa\u00f1\u00eda, con nuestro equipo, con el sector de la industria a la que pertenecemos, adem\u00e1s con el pa\u00eds,\u201d<\/em>&nbsp;afirma Javier Ortiz-Est\u00e9vez, Country Leader de SoftwareONE Colombia.<\/p>\n\n\n\n<p>M\u00e1s que un nuevo cargo directivo, este nombramiento reafirma la visi\u00f3n de la compa\u00f1\u00eda centrada en las&nbsp;<strong>personas<\/strong>, el&nbsp;<strong>talento<\/strong>&nbsp;y la&nbsp;<strong>tecnolog\u00eda<\/strong>. Bajo este liderazgo, SoftwareOne Colombia, tiene como prop\u00f3sito fortalecer su papel como aliado estrat\u00e9gico guiando a las organizaciones en la&nbsp;<strong>optimizaci\u00f3n<\/strong>&nbsp;de sus inversiones tecnol\u00f3gicas, impulsar la&nbsp;<strong>innovaci\u00f3n<\/strong>, y adem\u00e1s&nbsp;<strong>transformar<\/strong>&nbsp;la forma en la que operan, piensan y crecen.&nbsp; Asimismo, y como parte de su compromiso, la compa\u00f1\u00eda mantendr\u00e1 su enfoque hacia la efectividad, escalabilidad, y resultados sostenibles para el ecosistema empresarial del pa\u00eds.<\/p>\n","protected":false},"excerpt":{"rendered":"<p>Bogot\u00e1, Colombia. Noviembre de 2025.&nbsp; SoftwareOne proveedor l\u00edder mundial de soluciones de software y tecnolog\u00eda en la nube, anuncia el nombramiento de&nbsp;Javier Ortiz-Est\u00e9vez, como nuevo&nbsp;Country Leader para Colombia. Esta designaci\u00f3n, fortalece la estrategia de la compa\u00f1\u00eda en impulsar una transformaci\u00f3n digital eficiente, enfocada en la optimizaci\u00f3n tecnol\u00f3gica, capacidad y sostenibilidad para sus clientes y aliados&#8230;<\/p>\n","protected":false},"author":5,"featured_media":18112,"comment_status":"closed","ping_status":"closed","sticky":false,"template":"","format":"standard","meta":{"_FSMCFIC_featured_image_caption":"","_FSMCFIC_featured_image_nocaption":"","_FSMCFIC_featured_image_hide":"","footnotes":""},"categories":[23],"tags":[],"class_list":["post-18111","post","type-post","status-publish","format-standard","has-post-thumbnail","hentry","category-corticas"],"_links":{"self":[{"href":"https:\/\/economiaconedmer.com\/economiaenserio\/wp-json\/wp\/v2\/posts\/18111","targetHints":{"allow":["GET"]}}],"collection":[{"href":"https:\/\/economiaconedmer.com\/economiaenserio\/wp-json\/wp\/v2\/posts"}],"about":[{"href":"https:\/\/economiaconedmer.com\/economiaenserio\/wp-json\/wp\/v2\/types\/post"}],"author":[{"embeddable":true,"href":"https:\/\/economiaconedmer.com\/economiaenserio\/wp-json\/wp\/v2\/users\/5"}],"replies":[{"embeddable":true,"href":"https:\/\/economiaconedmer.com\/economiaenserio\/wp-json\/wp\/v2\/comments?post=18111"}],"version-history":[{"count":2,"href":"https:\/\/economiaconedmer.com\/economiaenserio\/wp-json\/wp\/v2\/posts\/18111\/revisions"}],"predecessor-version":[{"id":18208,"href":"https:\/\/economiaconedmer.com\/economiaenserio\/wp-json\/wp\/v2\/posts\/18111\/revisions\/18208"}],"wp:featuredmedia":[{"embeddable":true,"href":"https:\/\/economiaconedmer.com\/economiaenserio\/wp-json\/wp\/v2\/media\/18112"}],"wp:attachment":[{"href":"https:\/\/economiaconedmer.com\/economiaenserio\/wp-json\/wp\/v2\/media?parent=18111"}],"wp:term":[{"taxonomy":"category","embeddable":true,"href":"https:\/\/economiaconedmer.com\/economiaenserio\/wp-json\/wp\/v2\/categories?post=18111"},{"taxonomy":"post_tag","embeddable":true,"href":"https:\/\/economiaconedmer.com\/economiaenserio\/wp-json\/wp\/v2\/tags?post=18111"}],"curies":[{"name":"wp","href":"https:\/\/api.w.org\/{rel}","templated":true}]}}