{"id":18087,"date":"2025-11-04T21:44:12","date_gmt":"2025-11-05T02:44:12","guid":{"rendered":"https:\/\/economiaconedmer.com\/economiaenserio\/?p=18087"},"modified":"2025-11-04T21:44:13","modified_gmt":"2025-11-05T02:44:13","slug":"alrededor-del-70-del-oro-del-pais-proviene-de-esta-actividad-informal","status":"publish","type":"post","link":"https:\/\/economiaconedmer.com\/economiaenserio\/11\/04\/alrededor-del-70-del-oro-del-pais-proviene-de-esta-actividad-informal\/el_resto\/2025\/","title":{"rendered":"Alrededor del 70 % del oro del pa\u00eds proviene de esta actividad informal"},"content":{"rendered":"\n<p><strong>Bogot\u00e1, noviembre\u00a03 de 2025.<\/strong>\u00a0La miner\u00eda artesanal a\u00fan es el sustento de miles de familias en zonas rurales de Colombia.\u00a0Se calcula que en el 2024 en Colombia hab\u00eda entre 200.000 y 400.000 mineros artesanales\u00a0y que alrededor del 70 % del oro producido en el pa\u00eds proviene de esta actividad informal.\u00a0Sin embargo, la falta de reconocimiento legal y la ausencia de pol\u00edticas p\u00fablicas efectivas han dejado a estos trabajadores en una situaci\u00f3n de extrema vulnerabilidad.<\/p>\n\n\n\n<p>Una investigaci\u00f3n del Polit\u00e9cnico Grancolombiano,\u00a0liderada\u00a0por la docente de derecho Lina Mar\u00eda Valencia,\u00a0detalla las duras condiciones en las que trabajan los mineros: enfrentan la informalidad, carecen de protecci\u00f3n social y est\u00e1n expuestos a riesgos constantes para su\u00a0salud. Aunque en el pa\u00eds se han implementado algunas pol\u00edticas para abordar la miner\u00eda artesanal, su efectividad es inconsistente.\u00a0Sin embargo, cabe aclarar que este problema no es exclusivo de Colombia, pues a nivel global tambi\u00e9n se observan los efectos de la miner\u00eda artesanal sobre los derechos laborales.<\/p>\n\n\n\n<p><strong>Un trabajo riesgoso y sin garant\u00edas<\/strong><\/p>\n\n\n\n<p>Actualmente, el Ministerio de Minas y Energ\u00eda estima que m\u00e1s el 63% de los mineros artesanales en Colombia trabajan sin contrato formal, lo que les impide acceder a seguridad social, pensi\u00f3n o servicios m\u00e9dicos. Adem\u00e1s, menos del 5% de ellos est\u00e1 afiliado a riesgos laborales, lo que los deja desprotegidos frente a accidentes.&nbsp;La informalidad hace que estos trabajadores no puedan acceder a cr\u00e9ditos, subsidios o beneficios del Estado, perpetuando un ciclo de explotaci\u00f3n y precariedad.&nbsp;<\/p>\n\n\n\n<p>Pero m\u00e1s all\u00e1 de la falta de contratos y seguridad social, los mineros artesanales enfrentan riesgos que ponen en peligro su vida y estabilidad econ\u00f3mica. Uno de los problemas m\u00e1s cr\u00edticos es la exposici\u00f3n a materiales t\u00f3xicos como el mercurio, utilizado en la extracci\u00f3n de oro, que, sin la debida protecci\u00f3n, su inhalaci\u00f3n y el contacto prolongado pueden provocar graves enfermedades respiratorias y neurol\u00f3gicas.<\/p>\n\n\n\n<p>La investigaci\u00f3n detect\u00f3 que gran parte de ellos trabaja en condiciones peligrosas por falta de capacitaci\u00f3n y equipos de protecci\u00f3n, lo que incrementa el riesgo de accidentes.&nbsp;Sin regulaci\u00f3n clara ni apoyo gubernamental, sin m\u00ednimas las posibilidades de que estas familias mejoren sus condiciones.<\/p>\n\n\n\n<p><strong>\u00bfQu\u00e9 se puede hacer?<\/strong><\/p>\n\n\n\n<p>Recientemente, la Corte Constitucional, en su Sentencia T-046 de 2024, se pronunci\u00f3 sobre la necesidad de supervisar y controlar las condiciones laborales en el sector minero. Este pronunciamiento busca garantizar la seguridad social, la salud y la protecci\u00f3n de los derechos laborales de quienes trabajan en esta actividad econ\u00f3mica. Tambi\u00e9n se\u00f1al\u00f3 la importancia de fortalecer la vigilancia por parte de las autoridades, en especial del Ministerio de Trabajo.<\/p>\n\n\n\n<p>Los\u00a0investigadores del Polit\u00e9cnico Grancolombiano\u00a0plantean soluciones para mejorar la calidad de vida de los mineros artesanales y garantizar su reconocimiento como parte de la fuerza laboral. Propone la creaci\u00f3n de una normativa espec\u00edfica que les asegure protecci\u00f3n\u00a0social y laboral. Tambi\u00e9n sugiere implementar programas de capacitaci\u00f3n en salud y seguridad minera para reducir riesgos, promoviendo el uso de tecnolog\u00edas m\u00e1s seguras y sostenibles.<\/p>\n\n\n\n<p>Otra recomendaci\u00f3n clave es facilitar el proceso de formalizaci\u00f3n de estos trabajadores a trav\u00e9s de incentivos econ\u00f3micos y asesor\u00eda t\u00e9cnica, eliminando las barreras burocr\u00e1ticas que hoy dificultan su acceso a permisos y licencias. Por \u00faltimo, destacan&nbsp;la importancia de fortalecer el di\u00e1logo entre las comunidades mineras, el Estado y las organizaciones sociales para construir pol\u00edticas p\u00fablicas m\u00e1s inclusivas y que respondan a sus necesidades.<\/p>\n\n\n\n<p>\u00abLas pol\u00edticas actuales est\u00e1n dise\u00f1adas para la gran miner\u00eda, dejando de lado a quienes han trabajado la tierra por generaciones. Es necesario un enfoque m\u00e1s inclusivo que proteja sus derechos laborales y reconozca el valor social y cultural de esta actividad\u00bb, explica el equipo de investigaci\u00f3n liderado por la docente Lina Mar\u00eda&nbsp;Valencia.<\/p>\n\n\n\n<p>Mientras no se tomen medidas urgentes, miles de mineros seguir\u00e1n luchando por ser reconocidos y trabajar en condiciones laborales dignas. La miner\u00eda artesanal en Colombia no es solo una actividad econ\u00f3mica, es tambi\u00e9n una tradici\u00f3n profundamente arraigada que merece un lugar en la legislaci\u00f3n y en las pol\u00edticas p\u00fablicas del pa\u00eds.<\/p>\n","protected":false},"excerpt":{"rendered":"<p>Bogot\u00e1, noviembre\u00a03 de 2025.\u00a0La miner\u00eda artesanal a\u00fan es el sustento de miles de familias en zonas rurales de Colombia.\u00a0Se calcula que en el 2024 en Colombia hab\u00eda entre 200.000 y 400.000 mineros artesanales\u00a0y que alrededor del 70 % del oro producido en el pa\u00eds proviene de esta actividad informal.\u00a0Sin embargo, la falta de reconocimiento legal&#8230;<\/p>\n","protected":false},"author":5,"featured_media":18088,"comment_status":"closed","ping_status":"closed","sticky":false,"template":"","format":"standard","meta":{"_FSMCFIC_featured_image_caption":"","_FSMCFIC_featured_image_nocaption":"","_FSMCFIC_featured_image_hide":"","footnotes":""},"categories":[22],"tags":[],"class_list":["post-18087","post","type-post","status-publish","format-standard","has-post-thumbnail","hentry","category-el_resto"],"_links":{"self":[{"href":"https:\/\/economiaconedmer.com\/economiaenserio\/wp-json\/wp\/v2\/posts\/18087","targetHints":{"allow":["GET"]}}],"collection":[{"href":"https:\/\/economiaconedmer.com\/economiaenserio\/wp-json\/wp\/v2\/posts"}],"about":[{"href":"https:\/\/economiaconedmer.com\/economiaenserio\/wp-json\/wp\/v2\/types\/post"}],"author":[{"embeddable":true,"href":"https:\/\/economiaconedmer.com\/economiaenserio\/wp-json\/wp\/v2\/users\/5"}],"replies":[{"embeddable":true,"href":"https:\/\/economiaconedmer.com\/economiaenserio\/wp-json\/wp\/v2\/comments?post=18087"}],"version-history":[{"count":1,"href":"https:\/\/economiaconedmer.com\/economiaenserio\/wp-json\/wp\/v2\/posts\/18087\/revisions"}],"predecessor-version":[{"id":18089,"href":"https:\/\/economiaconedmer.com\/economiaenserio\/wp-json\/wp\/v2\/posts\/18087\/revisions\/18089"}],"wp:featuredmedia":[{"embeddable":true,"href":"https:\/\/economiaconedmer.com\/economiaenserio\/wp-json\/wp\/v2\/media\/18088"}],"wp:attachment":[{"href":"https:\/\/economiaconedmer.com\/economiaenserio\/wp-json\/wp\/v2\/media?parent=18087"}],"wp:term":[{"taxonomy":"category","embeddable":true,"href":"https:\/\/economiaconedmer.com\/economiaenserio\/wp-json\/wp\/v2\/categories?post=18087"},{"taxonomy":"post_tag","embeddable":true,"href":"https:\/\/economiaconedmer.com\/economiaenserio\/wp-json\/wp\/v2\/tags?post=18087"}],"curies":[{"name":"wp","href":"https:\/\/api.w.org\/{rel}","templated":true}]}}