{"id":18081,"date":"2025-11-04T19:55:30","date_gmt":"2025-11-05T00:55:30","guid":{"rendered":"https:\/\/economiaconedmer.com\/economiaenserio\/?p=18081"},"modified":"2025-11-04T19:55:31","modified_gmt":"2025-11-05T00:55:31","slug":"palabras-pendientes-reconocida-por-combatir-la-soledad-no-deseada","status":"publish","type":"post","link":"https:\/\/economiaconedmer.com\/economiaenserio\/11\/04\/palabras-pendientes-reconocida-por-combatir-la-soledad-no-deseada\/destacados\/2025\/","title":{"rendered":"&#8216;Palabras Pendientes&#8217;, reconocida por combatir la soledad no deseada"},"content":{"rendered":"\n<p> <strong>Bogot\u00e1, noviembre 3 de 2025.<\/strong>\u00a0La estrategia de innovaci\u00f3n social\u00a0\u201cPalabras Pendientes\u201d\u00a0fue galardonada con\u00a0dos premios internacionales\u00a0en el\u00a0SilverEco &amp; Ageing Well International Festival 2025, celebrado el 20 de octubre en el Palais des Festivals de Cannes, Francia, por su aporte al bienestar emocional y la promoci\u00f3n del envejecimiento activo.<\/p>\n\n\n\n<p>Estos reconocimientos \u2014Premio del P\u00fablico a la Mejor Iniciativa para un Envejecimiento Saludable\u00a0y\u00a0Mejor Iniciativa de Ciudadan\u00eda y Conexi\u00f3n Social\u2014 distinguen a \u201cPalabras Pendientes\u201d como la\u00a0\u00fanica propuesta social colombiana premiada\u00a0en esta edici\u00f3n del festival, reafirmando el liderazgo del pa\u00eds en el \u00e1mbito del bienestar emocional y la conexi\u00f3n intergeneracional.<\/p>\n\n\n\n<p>La alianza, conformada por el Instituto de la Conversaci\u00f3n, FIXIT, el Centro Comercial Parque La Colina y la Fundaci\u00f3n Sesana, uni\u00f3 esfuerzos para crear espacios de encuentro emocional que fortalezcan la salud mental y fomenten el v\u00ednculo intergeneracional a trav\u00e9s del poder de la conversaci\u00f3n.<\/p>\n\n\n\n<p><strong>Una experiencia que reconect\u00f3 generaciones<\/strong><\/p>\n\n\n\n<p><strong>\u201c<\/strong>Palabras Pendientes\u201d\u00a0fue una\u00a0experiencia social y sensorial\u00a0que se llev\u00f3 a cabo entre el\u00a014 de junio y el 15 de julio de 2025, en el\u00a0Centro Comercial Parque La Colina\u00a0de Bogot\u00e1.<\/p>\n\n\n\n<p>Durante ese periodo, los adultos mayores junto con su familia participaron en una\u00a0cabina m\u00f3vil de conversaci\u00f3n, instalada en el segundo piso del centro comercial, donde pudieron grabar un\u00a0podcast guiado\u00a0sobre su historia, emociones y recuerdos personales.<\/p>\n\n\n\n<p>Cada grabaci\u00f3n fue entregada de manera privada a sus familiares, convirti\u00e9ndose en un\u00a0legado sonoro\u00a0que busc\u00f3 reconectar generaciones y visibilizar la importancia de la escucha activa, el acompa\u00f1amiento emocional y el reconocimiento del adulto mayor como pilar de la familia y la comunidad.<\/p>\n\n\n\n<p>\u201cUno de cada tres adultos mayores en Colombia sufre de soledad no deseada. Con\u00a0<em>Palabras Pendientes<\/em>\u00a0quisimos crear conciencia sobre la importancia de escuchar, de reconocer y de acompa\u00f1ar. Este premio nos demuestra que una conversaci\u00f3n puede cambiar vidas\u201d, afirm\u00f3\u00a0\u00c1ngela Su\u00e1rez, presidenta del\u00a0Instituto de la Conversaci\u00f3n.<\/p>\n\n\n\n<p>Seg\u00fan cifras de la\u00a0OMS, la desconexi\u00f3n social y la soledad no deseada incrementan en m\u00e1s de un 30% el riesgo de enfermedades como depresi\u00f3n, ansiedad y trastornos cardiovasculares. En Colombia, esta realidad afecta a cerca del\u00a034% de los adultos mayores, una cifra que crece junto con el envejecimiento poblacional.<\/p>\n\n\n\n<p><strong>FIXIT: bienestar con prop\u00f3sito<\/strong><\/p>\n\n\n\n<p>La participaci\u00f3n de\u00a0FIXIT, la primera insurtech colombiana especializada en bienestar, fue clave en el desarrollo de esta iniciativa. A trav\u00e9s de su programa\u00a0FIXIT Silver, la compa\u00f1\u00eda ha creado una comunidad de m\u00e1s de\u00a0100.000 adultos mayores\u00a0que acceden a servicios de acompa\u00f1amiento emocional, salud en casa, asistencias para el hogar y beneficios intergeneracionales.<\/p>\n\n\n\n<p>\u201cEste reconocimiento es un testimonio del impacto real que estamos generando en la vida de los colombianos. Desde FIXIT construimos un ecosistema de bienestar accesible, humano y transformador, en el que los adultos mayores son protagonistas\u201d, expres\u00f3\u00a0Mauricio Quiroga, cofundador de\u00a0FIXIT.<\/p>\n\n\n\n<p>\u201cEscuchar a nuestros mayores nos record\u00f3 que el bienestar no solo se mide en atenci\u00f3n m\u00e9dica, sino en v\u00ednculos reales, compa\u00f1\u00eda y respeto por su independencia.\u00a0<em>Palabras Pendientes<\/em>\u00a0materializ\u00f3 eso\u201d, a\u00f1adi\u00f3\u00a0Diego Rodr\u00edguez, cofundador de\u00a0FIXIT.<\/p>\n\n\n\n<p><strong>Un reconocimiento que trasciende fronteras<\/strong><\/p>\n\n\n\n<p>El\u00a0SilverEco &amp; Ageing Well International Festival\u00a0es el evento m\u00e1s importante a nivel global dedicado a la longevidad, la innovaci\u00f3n social y el envejecimiento activo. Cada a\u00f1o re\u00fane en Cannes a l\u00edderes, investigadores y empresas que impulsan proyectos con impacto positivo en la calidad de vida de las personas mayores.<\/p>\n\n\n\n<p>Para\u00a0la Fundaci\u00f3n Sesana, este reconocimiento representa una victoria colectiva que resalta el valor de la experiencia y la sabidur\u00eda de las personas mayores en la sociedad actual.<\/p>\n\n\n\n<p>\u201cLas personas mayores son un recurso invaluable para Colombia. Este premio nos invita a romper estereotipos y a reconocer su papel como agentes activos de cambio y bienestar\u201d, afirm\u00f3\u00a0Mar\u00eda Claudia Santos, coordinadora general de la\u00a0Fundaci\u00f3n Sesana.<\/p>\n\n\n\n<p>Los centros comerciales se han consolidado como verdaderos puntos de encuentro para las comunidades: espacios que inspiran, promueven la vida cultural y, adem\u00e1s, ofrecen a los adultos mayores una oportunidad significativa para salir de la rutina, compartir y aliviar la soledad. En esa l\u00ednea,\u00a0Parque La Colina\u00a0reafirma su compromiso con Colombia al consolidarse como un agente de cambio que transforma realidades. A trav\u00e9s de este proyecto, se evidenci\u00f3 c\u00f3mo los espacios comerciales pueden actuar como catalizadores de progreso, impulsando entornos m\u00e1s inclusivos, fomentando la conexi\u00f3n emocional y construyendo un futuro con prop\u00f3sito.\u00a0<\/p>\n\n\n\n<p><em>\u201cPalabras Pendientes\u00a0es una muestra de que los\u00a0espacios comerciales pueden trascender su funci\u00f3n, convirti\u00e9ndose\u00a0en escenarios donde la conversaci\u00f3n, el afecto y las emociones construyen verdadera comunidad. Ser parte de una iniciativa que promueve el encuentro humano y verla reconocida en Cannes es un orgullo que reafirma el potencial transformador de estos espacios en la vida social y cultural del pa\u00eds.\u201d\u00a0Explic\u00f3\u00a0Mildred Pati\u00f1o, Center Manager de\u00a0Parque La Colina<\/em>.<\/p>\n\n\n\n<p>\u201cPalabras Pendientes\u201d demostr\u00f3 que escuchar puede ser el primer paso para sanar la soledad y que las ideas que nacen del afecto tambi\u00e9n pueden alcanzar escenarios globales.<\/p>\n\n\n\n<p><\/p>\n","protected":false},"excerpt":{"rendered":"<p>Bogot\u00e1, noviembre 3 de 2025.\u00a0La estrategia de innovaci\u00f3n social\u00a0\u201cPalabras Pendientes\u201d\u00a0fue galardonada con\u00a0dos premios internacionales\u00a0en el\u00a0SilverEco &amp; Ageing Well International Festival 2025, celebrado el 20 de octubre en el Palais des Festivals de Cannes, Francia, por su aporte al bienestar emocional y la promoci\u00f3n del envejecimiento activo. Estos reconocimientos \u2014Premio del P\u00fablico a la Mejor Iniciativa&#8230;<\/p>\n","protected":false},"author":5,"featured_media":0,"comment_status":"closed","ping_status":"closed","sticky":false,"template":"","format":"standard","meta":{"_FSMCFIC_featured_image_caption":"","_FSMCFIC_featured_image_nocaption":"","_FSMCFIC_featured_image_hide":"","footnotes":""},"categories":[21],"tags":[],"class_list":["post-18081","post","type-post","status-publish","format-standard","hentry","category-destacados"],"_links":{"self":[{"href":"https:\/\/economiaconedmer.com\/economiaenserio\/wp-json\/wp\/v2\/posts\/18081","targetHints":{"allow":["GET"]}}],"collection":[{"href":"https:\/\/economiaconedmer.com\/economiaenserio\/wp-json\/wp\/v2\/posts"}],"about":[{"href":"https:\/\/economiaconedmer.com\/economiaenserio\/wp-json\/wp\/v2\/types\/post"}],"author":[{"embeddable":true,"href":"https:\/\/economiaconedmer.com\/economiaenserio\/wp-json\/wp\/v2\/users\/5"}],"replies":[{"embeddable":true,"href":"https:\/\/economiaconedmer.com\/economiaenserio\/wp-json\/wp\/v2\/comments?post=18081"}],"version-history":[{"count":1,"href":"https:\/\/economiaconedmer.com\/economiaenserio\/wp-json\/wp\/v2\/posts\/18081\/revisions"}],"predecessor-version":[{"id":18082,"href":"https:\/\/economiaconedmer.com\/economiaenserio\/wp-json\/wp\/v2\/posts\/18081\/revisions\/18082"}],"wp:attachment":[{"href":"https:\/\/economiaconedmer.com\/economiaenserio\/wp-json\/wp\/v2\/media?parent=18081"}],"wp:term":[{"taxonomy":"category","embeddable":true,"href":"https:\/\/economiaconedmer.com\/economiaenserio\/wp-json\/wp\/v2\/categories?post=18081"},{"taxonomy":"post_tag","embeddable":true,"href":"https:\/\/economiaconedmer.com\/economiaenserio\/wp-json\/wp\/v2\/tags?post=18081"}],"curies":[{"name":"wp","href":"https:\/\/api.w.org\/{rel}","templated":true}]}}