{"id":18054,"date":"2025-11-03T18:10:46","date_gmt":"2025-11-03T23:10:46","guid":{"rendered":"https:\/\/economiaconedmer.com\/economiaenserio\/?p=18054"},"modified":"2025-11-03T18:19:37","modified_gmt":"2025-11-03T23:19:37","slug":"arranca-la-feria-andina-pack-en-bogota","status":"publish","type":"post","link":"https:\/\/economiaconedmer.com\/economiaenserio\/11\/03\/arranca-la-feria-andina-pack-en-bogota\/corticas\/2025\/","title":{"rendered":"Arranca la feria Andina Pack"},"content":{"rendered":"\n<p><strong>Bogot\u00e1, noviembre 3 de 2025.<\/strong> Entre el  4 y el 7 de noviembre se realizar\u00e1 en Corferias Bogot\u00e1 una nueva edici\u00f3n de\u00a0Andina Pack,\u00a0la feria m\u00e1s representativa del sector en la regi\u00f3n.<strong>\u00a0<\/strong><\/p>\n\n\n\n<p>Se trata de la feria m\u00e1s importante de la regi\u00f3n enfocada en las tecnolog\u00edas de\u00a0procesamiento, producci\u00f3n, envasado,\u00a0conversi\u00f3n, etiquetado, intralog\u00edstica\u00a0y manipulaci\u00f3n de alimentos y bebidas, as\u00ed como de productos farmac\u00e9uticos\u00a0y cosm\u00e9ticos. El evento est\u00e1 orientado a propietarios y ejecutivos de empresas de producci\u00f3n y comerciales. <\/p>\n\n\n\n<p>Adem\u00e1s de las grandes compa\u00f1\u00edas globales, los expositores conocer\u00e1n tomadores de decisiones provenientes de peque\u00f1as y medianas empresas de procesamientos y empaquetado a los que no tendr\u00edan acceso en una t\u00edpica visita de ventas. Andina Pack trasciende sectores del mercado para brindar tecnolog\u00eda de punta y soluciones innovadoras en un solo lugar.<\/p>\n","protected":false},"excerpt":{"rendered":"<p>Bogot\u00e1, noviembre 3 de 2025. Entre el 4 y el 7 de noviembre se realizar\u00e1 en Corferias Bogot\u00e1 una nueva edici\u00f3n de\u00a0Andina Pack,\u00a0la feria m\u00e1s representativa del sector en la regi\u00f3n.\u00a0 Se trata de la feria m\u00e1s importante de la regi\u00f3n enfocada en las tecnolog\u00edas de\u00a0procesamiento, producci\u00f3n, envasado,\u00a0conversi\u00f3n, etiquetado, intralog\u00edstica\u00a0y manipulaci\u00f3n de alimentos y bebidas,&#8230;<\/p>\n","protected":false},"author":5,"featured_media":18056,"comment_status":"closed","ping_status":"closed","sticky":false,"template":"","format":"standard","meta":{"_FSMCFIC_featured_image_caption":"","_FSMCFIC_featured_image_nocaption":"","_FSMCFIC_featured_image_hide":"","footnotes":""},"categories":[23],"tags":[],"class_list":["post-18054","post","type-post","status-publish","format-standard","has-post-thumbnail","hentry","category-corticas"],"_links":{"self":[{"href":"https:\/\/economiaconedmer.com\/economiaenserio\/wp-json\/wp\/v2\/posts\/18054","targetHints":{"allow":["GET"]}}],"collection":[{"href":"https:\/\/economiaconedmer.com\/economiaenserio\/wp-json\/wp\/v2\/posts"}],"about":[{"href":"https:\/\/economiaconedmer.com\/economiaenserio\/wp-json\/wp\/v2\/types\/post"}],"author":[{"embeddable":true,"href":"https:\/\/economiaconedmer.com\/economiaenserio\/wp-json\/wp\/v2\/users\/5"}],"replies":[{"embeddable":true,"href":"https:\/\/economiaconedmer.com\/economiaenserio\/wp-json\/wp\/v2\/comments?post=18054"}],"version-history":[{"count":2,"href":"https:\/\/economiaconedmer.com\/economiaenserio\/wp-json\/wp\/v2\/posts\/18054\/revisions"}],"predecessor-version":[{"id":18057,"href":"https:\/\/economiaconedmer.com\/economiaenserio\/wp-json\/wp\/v2\/posts\/18054\/revisions\/18057"}],"wp:featuredmedia":[{"embeddable":true,"href":"https:\/\/economiaconedmer.com\/economiaenserio\/wp-json\/wp\/v2\/media\/18056"}],"wp:attachment":[{"href":"https:\/\/economiaconedmer.com\/economiaenserio\/wp-json\/wp\/v2\/media?parent=18054"}],"wp:term":[{"taxonomy":"category","embeddable":true,"href":"https:\/\/economiaconedmer.com\/economiaenserio\/wp-json\/wp\/v2\/categories?post=18054"},{"taxonomy":"post_tag","embeddable":true,"href":"https:\/\/economiaconedmer.com\/economiaenserio\/wp-json\/wp\/v2\/tags?post=18054"}],"curies":[{"name":"wp","href":"https:\/\/api.w.org\/{rel}","templated":true}]}}