{"id":17884,"date":"2025-11-01T13:14:06","date_gmt":"2025-11-01T18:14:06","guid":{"rendered":"https:\/\/economiaconedmer.com\/economiaenserio\/?p=17884"},"modified":"2025-11-01T13:14:06","modified_gmt":"2025-11-01T18:14:06","slug":"santa-marta-lanza-sierra-valley-primer-hub-de-innovacion-regenerativa","status":"publish","type":"post","link":"https:\/\/economiaconedmer.com\/economiaenserio\/11\/01\/santa-marta-lanza-sierra-valley-primer-hub-de-innovacion-regenerativa\/el_resto\/2025\/","title":{"rendered":"Santa Marta lanza Sierra Valley, primer hub de innovaci\u00f3n regenerativa"},"content":{"rendered":"\n<p><strong>Santa Marta, \u00a0o<\/strong><strong>ctubre<\/strong> 29<strong>\u00a0de 2025.<\/strong>\u00a0En el marco de la conmemoraci\u00f3n de los 500 a\u00f1os de fundaci\u00f3n de la ciudad m\u00e1s antigua de Am\u00e9rica, la Alcald\u00eda Distrital de Santa Marta, bajo el liderazgo del alcalde Carlos Pinedo Cuello, en articulaci\u00f3n con la multinacional AJE y aliados p\u00fablicos, privados y acad\u00e9micos, anunci\u00f3 el lanzamiento de Sierra Valley, el primer hub de innovaci\u00f3n regenerativa de Am\u00e9rica Latina.\u00a0<\/p>\n\n\n\n<p>Esta apuesta,&nbsp;que busca convertir a la ciudad en un referente internacional de sostenibilidad, ciencia e innovaci\u00f3n verde, se consolid\u00f3 con&nbsp;la firma del Memorando de Entendimiento entre la Alcald\u00eda Distrital y AJE, que convierte a esta iniciativa en un proyecto oficial de ciudad, alineado con la Ruta 500+ y la Pol\u00edtica de Emprendimiento e Innovaci\u00f3n 2024\u20132035.<\/p>\n\n\n\n<p>El proyecto \u2014que llega como un regalo de AJE a Santa Marta por su aniversario\u2014 integra el conocimiento ancestral de la Sierra Nevada, la tecnolog\u00eda regenerativa y la acci\u00f3n multiactor, para impulsar un nuevo modelo de desarrollo econ\u00f3mico basado en la bioeconom\u00eda, el turismo regenerativo, la econom\u00eda azul, la log\u00edstica verde y las energ\u00edas renovables.<\/p>\n\n\n\n<p>Sierra Valley se proyecta como el Silicon Valley de la sostenibilidad, un ecosistema donde convergen empresas, comunidades, universidades y cooperaci\u00f3n internacional para transformar los desaf\u00edos&nbsp;ambientales y sociales en oportunidades de prosperidad compartida.<\/p>\n\n\n\n<p><strong>El secretario de Desarrollo Econ\u00f3mico y Competitividad, Carlos Jaramillo R\u00edos<\/strong>, destac\u00f3 el significado de esta alianza para la ciudad:&nbsp;<em>\u201cGracias a la visi\u00f3n del alcalde Carlos Pinedo Cuello, Santa Marta est\u00e1 dando un paso hist\u00f3rico hacia el futuro. Sierra Valley representa la evoluci\u00f3n de nuestro modelo de desarrollo: una ciudad que&nbsp;<\/em><em>aprovecha su riqueza natural, su talento y su diversidad cultural para convertirse en un epicentro de innovaci\u00f3n y sostenibilidad en Am\u00e9rica Latina\u201d,<\/em>&nbsp;afirm\u00f3.<\/p>\n\n\n\n<p>El&nbsp;<strong>Country Manager de AJE Colombia, Fabi\u00e1n Mosquera<\/strong>, resalt\u00f3 la importancia de esta iniciativa que nace desde Santa Marta para el mundo: \u201c<em>Sierra Valley es un proyecto \u00fanico que busca pasar de la econom\u00eda extractiva a la econom\u00eda regenerativa. Desde la Sierra&nbsp;<\/em><em>Nevada y el Caribe colombiano, estamos construyendo un modelo que demuestra que el crecimiento econ\u00f3mico y la protecci\u00f3n ambiental pueden ir de la mano. Es un legado para Santa Marta y para todo el continente\u201d<\/em>, asegur\u00f3.<\/p>\n\n\n\n<p>El hub contar\u00e1 con seis motores de&nbsp;transformaci\u00f3n: Territorio, Agua y Turismo Regenerativo; Econom\u00eda Azul y Bioinnovaci\u00f3n Tropical; ClimaTech y Energ\u00edas Renovables; Finanzas e Inversi\u00f3n para la Transici\u00f3n; Riesgos y Oportunidades Clim\u00e1ticas; y Educaci\u00f3n, Talento y Formaci\u00f3n Digital.<\/p>\n\n\n\n<p>Cada uno de estos frentes impulsar\u00e1 proyectos de alto impacto que fortalecer\u00e1n el ecosistema emprendedor, promover\u00e1n la inversi\u00f3n sostenible y generar\u00e1n empleo digno para las comunidades.<\/p>\n\n\n\n<p>Adem\u00e1s, el proyecto se alinea con los ejes del Plan de Desarrollo Distrital \u201cSanta Marta 500+\u201d y la estrategia&nbsp;Connect&nbsp;2040, convirti\u00e9ndose en una plataforma clave para articular la pol\u00edtica p\u00fablica de emprendimiento e innovaci\u00f3n 2024\u20132035 y los objetivos de transici\u00f3n energ\u00e9tica y desarrollo sostenible del Distrito.<\/p>\n\n\n\n<p>Con Sierra Valley, Santa Marta se consolida como una Ciudad de Oportunidades, preparada para liderar el futuro verde de Colombia y de la regi\u00f3n Caribe, donde la biodiversidad, la cultura y la innovaci\u00f3n se unen para construir un modelo de progreso que trasciende generaciones.<\/p>\n\n\n\n<p><\/p>\n","protected":false},"excerpt":{"rendered":"<p>Santa Marta, \u00a0octubre 29\u00a0de 2025.\u00a0En el marco de la conmemoraci\u00f3n de los 500 a\u00f1os de fundaci\u00f3n de la ciudad m\u00e1s antigua de Am\u00e9rica, la Alcald\u00eda Distrital de Santa Marta, bajo el liderazgo del alcalde Carlos Pinedo Cuello, en articulaci\u00f3n con la multinacional AJE y aliados p\u00fablicos, privados y acad\u00e9micos, anunci\u00f3 el lanzamiento de Sierra Valley,&#8230;<\/p>\n","protected":false},"author":5,"featured_media":17885,"comment_status":"closed","ping_status":"closed","sticky":false,"template":"","format":"standard","meta":{"_FSMCFIC_featured_image_caption":"","_FSMCFIC_featured_image_nocaption":"","_FSMCFIC_featured_image_hide":"","footnotes":""},"categories":[22],"tags":[],"class_list":["post-17884","post","type-post","status-publish","format-standard","has-post-thumbnail","hentry","category-el_resto"],"_links":{"self":[{"href":"https:\/\/economiaconedmer.com\/economiaenserio\/wp-json\/wp\/v2\/posts\/17884","targetHints":{"allow":["GET"]}}],"collection":[{"href":"https:\/\/economiaconedmer.com\/economiaenserio\/wp-json\/wp\/v2\/posts"}],"about":[{"href":"https:\/\/economiaconedmer.com\/economiaenserio\/wp-json\/wp\/v2\/types\/post"}],"author":[{"embeddable":true,"href":"https:\/\/economiaconedmer.com\/economiaenserio\/wp-json\/wp\/v2\/users\/5"}],"replies":[{"embeddable":true,"href":"https:\/\/economiaconedmer.com\/economiaenserio\/wp-json\/wp\/v2\/comments?post=17884"}],"version-history":[{"count":1,"href":"https:\/\/economiaconedmer.com\/economiaenserio\/wp-json\/wp\/v2\/posts\/17884\/revisions"}],"predecessor-version":[{"id":17886,"href":"https:\/\/economiaconedmer.com\/economiaenserio\/wp-json\/wp\/v2\/posts\/17884\/revisions\/17886"}],"wp:featuredmedia":[{"embeddable":true,"href":"https:\/\/economiaconedmer.com\/economiaenserio\/wp-json\/wp\/v2\/media\/17885"}],"wp:attachment":[{"href":"https:\/\/economiaconedmer.com\/economiaenserio\/wp-json\/wp\/v2\/media?parent=17884"}],"wp:term":[{"taxonomy":"category","embeddable":true,"href":"https:\/\/economiaconedmer.com\/economiaenserio\/wp-json\/wp\/v2\/categories?post=17884"},{"taxonomy":"post_tag","embeddable":true,"href":"https:\/\/economiaconedmer.com\/economiaenserio\/wp-json\/wp\/v2\/tags?post=17884"}],"curies":[{"name":"wp","href":"https:\/\/api.w.org\/{rel}","templated":true}]}}