{"id":17806,"date":"2025-10-25T22:43:41","date_gmt":"2025-10-26T03:43:41","guid":{"rendered":"https:\/\/economiaconedmer.com\/economiaenserio\/?p=17806"},"modified":"2025-10-25T22:43:44","modified_gmt":"2025-10-26T03:43:44","slug":"con-black-days-el-retiro-espera-vender-entre-20-y-25-mas-este-fin-de-ano","status":"publish","type":"post","link":"https:\/\/economiaconedmer.com\/economiaenserio\/10\/25\/con-black-days-el-retiro-espera-vender-entre-20-y-25-mas-este-fin-de-ano\/el_resto\/2025\/","title":{"rendered":"Con Black Days, El Retiro espera vender entre 20% y\u00a025% m\u00e1s este fin de a\u00f1o"},"content":{"rendered":"\n<p><strong>Bogot\u00e1, octubre de 2025.\u00a0<\/strong>El Retiro Centro Comercial se alista para la temporada de fin de a\u00f1o, que le significar\u00eda aumentos entre el 20% y el 25% en visitantes y ventas.<\/p>\n\n\n\n<p>Para ello, entre el 27 y el 30 de noviembre, El Retiro realizar\u00e1 sus Black Days, una temporada con llamativos descuentos, activaciones y eventos musicales que anticipan la celebraci\u00f3n de fin de a\u00f1o. Adem\u00e1s, participar\u00e1 en el Bogot\u00e1 Fashion Weekend, organizado por la C\u00e1mara de Comercio de Bogot\u00e1, un circuito de moda que reunir\u00e1 a dise\u00f1adores, marcas y compradores nacionales, reafirmando su papel como vitrina clave del dise\u00f1o colombiano.<\/p>\n\n\n\n<p><em>\u201cNuestra esencia es el dise\u00f1o colombiano. En esta temporada queremos que nuestros visitantes vivan la moda como una experiencia, donde el arte, la gastronom\u00eda y la cultura se encuentran\u201d,<\/em>&nbsp;afirma Adriana Garc\u00eda, gerente general de El Retiro Centro Comercial.<\/p>\n\n\n\n<p><strong>20 a\u00f1os de dise\u00f1o, sostenibilidad y renovaci\u00f3n<\/strong><\/p>\n\n\n\n<p>Este cierre de a\u00f1o coincide con la celebraci\u00f3n de los 20 a\u00f1os de El Retiro, consolidado como la Casa del Dise\u00f1o Colombiano y uno de los centros comerciales m\u00e1s emblem\u00e1ticos de Bogot\u00e1. Actualmente es la plataforma para m\u00e1s de 80 marcas nacionales y ha evolucionado hacia un modelo boutique que une moda, arte, gastronom\u00eda y bienestar.<\/p>\n\n\n\n<p>Actualmente, El Retiro avanza en un plan de remodelaci\u00f3n y ampliaci\u00f3n que contempla nuevos espacios comerciales, zonas gastron\u00f3micas y una renovaci\u00f3n arquitect\u00f3nica orientada a fortalecer su posici\u00f3n como epicentro del dise\u00f1o, el arte y el lujo en la ciudad.<\/p>\n\n\n\n<p><br>Adem\u00e1s, ha sido reconocido con la Certificaci\u00f3n de Excelencia Ambiental PREAD y el Reconocimiento al Desempe\u00f1o Ambiental nivel Oro de ACECOLOMBIA e ICONTEC, por su compromiso con la sostenibilidad y la movilidad verde.<\/p>\n\n\n\n<p><strong>Sobre El Retiro Centro Comercial<\/strong><\/p>\n\n\n\n<p>Desde su inauguraci\u00f3n el 7 de diciembre de 2005, El Retiro se ha consolidado como uno de los espacios comerciales m\u00e1s exclusivos de Bogot\u00e1, gracias a su ubicaci\u00f3n estrat\u00e9gica, sus f\u00e1ciles v\u00edas de acceso y una oferta \u00fanica en moda, gastronom\u00eda y cultura.<\/p>\n\n\n\n<p>Con una cuidadosa curadur\u00eda de marcas nacionales e internacionales, El Retiro re\u00fane tiendas de ropa, calzado, joyer\u00eda y art\u00edculos para el hogar que reflejan el estilo y la creatividad del dise\u00f1o contempor\u00e1neo. A esta propuesta se suman experiencias gastron\u00f3micas y culturales que transforman cada visita en un recorrido por lo mejor del dise\u00f1o y el estilo de vida en la capital.<\/p>\n\n\n\n<p><\/p>\n","protected":false},"excerpt":{"rendered":"<p>Bogot\u00e1, octubre de 2025.\u00a0El Retiro Centro Comercial se alista para la temporada de fin de a\u00f1o, que le significar\u00eda aumentos entre el 20% y el 25% en visitantes y ventas. Para ello, entre el 27 y el 30 de noviembre, El Retiro realizar\u00e1 sus Black Days, una temporada con llamativos descuentos, activaciones y eventos musicales&#8230;<\/p>\n","protected":false},"author":9,"featured_media":17807,"comment_status":"closed","ping_status":"closed","sticky":false,"template":"","format":"standard","meta":{"_FSMCFIC_featured_image_caption":"","_FSMCFIC_featured_image_nocaption":"","_FSMCFIC_featured_image_hide":"","footnotes":""},"categories":[22],"tags":[],"class_list":["post-17806","post","type-post","status-publish","format-standard","has-post-thumbnail","hentry","category-el_resto"],"_links":{"self":[{"href":"https:\/\/economiaconedmer.com\/economiaenserio\/wp-json\/wp\/v2\/posts\/17806","targetHints":{"allow":["GET"]}}],"collection":[{"href":"https:\/\/economiaconedmer.com\/economiaenserio\/wp-json\/wp\/v2\/posts"}],"about":[{"href":"https:\/\/economiaconedmer.com\/economiaenserio\/wp-json\/wp\/v2\/types\/post"}],"author":[{"embeddable":true,"href":"https:\/\/economiaconedmer.com\/economiaenserio\/wp-json\/wp\/v2\/users\/9"}],"replies":[{"embeddable":true,"href":"https:\/\/economiaconedmer.com\/economiaenserio\/wp-json\/wp\/v2\/comments?post=17806"}],"version-history":[{"count":1,"href":"https:\/\/economiaconedmer.com\/economiaenserio\/wp-json\/wp\/v2\/posts\/17806\/revisions"}],"predecessor-version":[{"id":17808,"href":"https:\/\/economiaconedmer.com\/economiaenserio\/wp-json\/wp\/v2\/posts\/17806\/revisions\/17808"}],"wp:featuredmedia":[{"embeddable":true,"href":"https:\/\/economiaconedmer.com\/economiaenserio\/wp-json\/wp\/v2\/media\/17807"}],"wp:attachment":[{"href":"https:\/\/economiaconedmer.com\/economiaenserio\/wp-json\/wp\/v2\/media?parent=17806"}],"wp:term":[{"taxonomy":"category","embeddable":true,"href":"https:\/\/economiaconedmer.com\/economiaenserio\/wp-json\/wp\/v2\/categories?post=17806"},{"taxonomy":"post_tag","embeddable":true,"href":"https:\/\/economiaconedmer.com\/economiaenserio\/wp-json\/wp\/v2\/tags?post=17806"}],"curies":[{"name":"wp","href":"https:\/\/api.w.org\/{rel}","templated":true}]}}