{"id":17800,"date":"2025-10-25T22:27:42","date_gmt":"2025-10-26T03:27:42","guid":{"rendered":"https:\/\/economiaconedmer.com\/economiaenserio\/?p=17800"},"modified":"2025-10-25T22:27:44","modified_gmt":"2025-10-26T03:27:44","slug":"priorizan-recursos-de-las-cajas-para-vivienda-nueva-y-mejoramiento","status":"publish","type":"post","link":"https:\/\/economiaconedmer.com\/economiaenserio\/10\/25\/priorizan-recursos-de-las-cajas-para-vivienda-nueva-y-mejoramiento\/el_resto\/2025\/","title":{"rendered":"Priorizan recursos de las cajas para vivienda nueva y mejoramiento"},"content":{"rendered":"\n<p>El Gobierno avanza en su prop\u00f3sito de reducir el d\u00e9ficit habitacional, en especial el de la calidad de las viviendas rurales del pa\u00eds. Para ello asign\u00f3 $50.034 millones de vigencias anteriores no asignadas por Cajas de Compensaci\u00f3n Familiar.<\/p>\n\n\n\n<p>Mediante resoluci\u00f3n conjunta expedida por el Ministerio de Vivienda, y la Superintendencia del Subsidio Familiar, se determin\u00f3 que aquellas cajas que no le dieron prioridad los recursos, tienen un plazo de 30 d\u00edas para trasladar los recursos a aquellas que s\u00ed lo han hecho, para que las incluyan en partidas para el 2026.<\/p>\n\n\n\n<p>Las Cajas de Compensaci\u00f3n de los departamentos de Choc\u00f3, Putumayo, La Guajira, Amazonas, Cauca, Bol\u00edvar y C\u00f3rdoba fueron las m\u00e1s beneficiadas en este proceso.<\/p>\n\n\n\n<p>Se trata de $41.664 millones del componente rural de 37 de las 42 cajas de compensaci\u00f3n familiar no asignados entre los a\u00f1os 2010 y 2023, as\u00ed como de $8.370 millones del componente urbano no asignados por 21 de las 42 cajas de compensaci\u00f3n, entre  2020 y 2023.<\/p>\n\n\n\n<p>La ministra de Vivienda, Ciudad y Territorio, Helga Mar\u00eda Rivas Ardila, destac\u00f3 este como un paso importante para generar soluciones habitacionales para alrededor de 1.250 hogares en zonas rurales y urbanas del pa\u00eds.<\/p>\n\n\n\n<p>\u201cEs un logro muy importante y que me pone muy contenta en el sentido de que vamos a tener posibilidades de seguir trabajando conjuntamente en lo que son nuestras prioridades de Gobierno: la vivienda rural, el mejoramiento de vivienda rural y la vivienda urbana en territorios donde pues era una l\u00e1stima que estos recursos estuviesen y no se pudieran utilizar\u201d, asegur\u00f3 la Ministra.<\/p>\n\n\n\n<p>Entre tanto, la superintendente del Subsidio Familiar, Sandra Viviana Cadena Mart\u00ednez, destac\u00f3 esta decisi\u00f3n del Gobierno nacional orientada a brindar viviendas dignas a la clase trabajadora colombiana. \u201cHemos hecho un trabajo para definir los criterios y hacer una redistribuci\u00f3n justa, equitativa y eficiente de los recursos, de manera que los afiliados a las cajas de compensaci\u00f3n puedan acceder a subsidios para compra, reparaci\u00f3n o mejoramiento de vivienda\u201d, dijo la Superintendente.<\/p>\n\n\n\n<p><\/p>\n","protected":false},"excerpt":{"rendered":"<p>El Gobierno avanza en su prop\u00f3sito de reducir el d\u00e9ficit habitacional, en especial el de la calidad de las viviendas rurales del pa\u00eds. Para ello asign\u00f3 $50.034 millones de vigencias anteriores no asignadas por Cajas de Compensaci\u00f3n Familiar. Mediante resoluci\u00f3n conjunta expedida por el Ministerio de Vivienda, y la Superintendencia del Subsidio Familiar, se determin\u00f3&#8230;<\/p>\n","protected":false},"author":9,"featured_media":17801,"comment_status":"closed","ping_status":"closed","sticky":false,"template":"","format":"standard","meta":{"_FSMCFIC_featured_image_caption":"","_FSMCFIC_featured_image_nocaption":"","_FSMCFIC_featured_image_hide":"","footnotes":""},"categories":[22],"tags":[],"class_list":["post-17800","post","type-post","status-publish","format-standard","has-post-thumbnail","hentry","category-el_resto"],"_links":{"self":[{"href":"https:\/\/economiaconedmer.com\/economiaenserio\/wp-json\/wp\/v2\/posts\/17800","targetHints":{"allow":["GET"]}}],"collection":[{"href":"https:\/\/economiaconedmer.com\/economiaenserio\/wp-json\/wp\/v2\/posts"}],"about":[{"href":"https:\/\/economiaconedmer.com\/economiaenserio\/wp-json\/wp\/v2\/types\/post"}],"author":[{"embeddable":true,"href":"https:\/\/economiaconedmer.com\/economiaenserio\/wp-json\/wp\/v2\/users\/9"}],"replies":[{"embeddable":true,"href":"https:\/\/economiaconedmer.com\/economiaenserio\/wp-json\/wp\/v2\/comments?post=17800"}],"version-history":[{"count":1,"href":"https:\/\/economiaconedmer.com\/economiaenserio\/wp-json\/wp\/v2\/posts\/17800\/revisions"}],"predecessor-version":[{"id":17802,"href":"https:\/\/economiaconedmer.com\/economiaenserio\/wp-json\/wp\/v2\/posts\/17800\/revisions\/17802"}],"wp:featuredmedia":[{"embeddable":true,"href":"https:\/\/economiaconedmer.com\/economiaenserio\/wp-json\/wp\/v2\/media\/17801"}],"wp:attachment":[{"href":"https:\/\/economiaconedmer.com\/economiaenserio\/wp-json\/wp\/v2\/media?parent=17800"}],"wp:term":[{"taxonomy":"category","embeddable":true,"href":"https:\/\/economiaconedmer.com\/economiaenserio\/wp-json\/wp\/v2\/categories?post=17800"},{"taxonomy":"post_tag","embeddable":true,"href":"https:\/\/economiaconedmer.com\/economiaenserio\/wp-json\/wp\/v2\/tags?post=17800"}],"curies":[{"name":"wp","href":"https:\/\/api.w.org\/{rel}","templated":true}]}}