{"id":17795,"date":"2025-10-24T23:00:57","date_gmt":"2025-10-25T04:00:57","guid":{"rendered":"https:\/\/economiaconedmer.com\/economiaenserio\/?p=17795"},"modified":"2025-10-24T23:00:58","modified_gmt":"2025-10-25T04:00:58","slug":"terpel-sunex-y-unicentro-bogota-impulsan-la-transicion-energetica","status":"publish","type":"post","link":"https:\/\/economiaconedmer.com\/economiaenserio\/10\/24\/terpel-sunex-y-unicentro-bogota-impulsan-la-transicion-energetica\/el_resto\/2025\/","title":{"rendered":"Terpel Sunex y Unicentro Bogot\u00e1 impulsan la transici\u00f3n energ\u00e9tica"},"content":{"rendered":"\n<p><strong>Bogot\u00e1 D.C., octubre 15 de 2025.&nbsp;<\/strong>Con el apoyo de Organizaci\u00f3n Terpel,&nbsp;<strong>Terpel Sunex<\/strong>&nbsp;ofrece a las empresas colombianas la posibilidad de generar su propia energ\u00eda limpia, reducir costos operativos y avanzar en su compromiso con la sostenibilidad. Actualmente, est\u00e1 construyendo una planta solar fotovoltaica en el centro comercial&nbsp;<strong>Unicentro Bogot\u00e1<\/strong>&nbsp;que aportar\u00e1 energ\u00eda limpia a las zonas comunes de alta afluencia. Este proyecto no solo contribuye a reducir la huella de carbono del centro comercial, sino que tambi\u00e9n representa un paso firme hacia la transici\u00f3n energ\u00e9tica del pa\u00eds.<\/p>\n\n\n\n<p>La instalaci\u00f3n contar\u00e1, en una primera fase, con una&nbsp;<strong>generaci\u00f3n anual estimada de 473.000 kWh.&nbsp;<\/strong>Para lograrlo, el sistema estar\u00e1 conformado por&nbsp;<strong>792 m\u00f3dulos fotovoltaicos<\/strong>&nbsp;distribuidos en las cubiertas del centro comercial, aprovechando de manera eficiente el espacio disponible que no suele tener un uso productivo.&nbsp;<\/p>\n\n\n\n<p>Gracias a esta iniciativa, Unicentro Bogot\u00e1 evitar\u00e1 la emisi\u00f3n de aproximadamente&nbsp;<strong>103 toneladas de CO2 cada a\u00f1o<\/strong>, lo que representa un impacto ambiental equivalente a sembrar m\u00e1s de&nbsp;<strong>4.100 \u00e1rboles&nbsp;<\/strong>en la ciudad.<\/p>\n\n\n\n<p>Terpel Sunex fortalece su presencia en Colombia con cerca de 100 proyectos, distribuidos en m\u00e1s de 15 departamentos, entre ellos la Costa Caribe, Cundinamarca, el Eje Cafetero y Casanare. Este mapa refleja no solo la cobertura territorial, sino tambi\u00e9n la solidez t\u00e9cnica, la confianza construida con nuestros aliados y el compromiso de la Organizaci\u00f3n Terpel con soluciones energ\u00e9ticas limpias, sostenibles y competitivas para el pa\u00eds.&nbsp;<\/p>\n\n\n\n<p>Recientemente, Terpel adquiri\u00f3 el Parque Solar de Planeta Rica en C\u00f3rdoba, una planta solar fotovoltaica con una capacidad instalada de 26.6 MWp que ser\u00e1 operada y gestionada por Terpel Sunex, suficiente para cubrir las necesidades energ\u00e9ticas de m\u00e1s de 23.000 hogares colombianos. Esta transacci\u00f3n, es el reflejo del compromiso de la Organizaci\u00f3n con la diversificaci\u00f3n del portafolio con energ\u00edas renovables.<\/p>\n\n\n\n<p>\u201cEn Terpel Sunex estamos comprometidos en acompa\u00f1ar a la industria colombiana en la adopci\u00f3n de energ\u00edas renovables y en avanzar hacia un futuro m\u00e1s sostenible. La alianza con Unicentro Bogot\u00e1, acompa\u00f1a su modelo de renovaci\u00f3n y es una muestra de c\u00f3mo las empresas pueden liderar el cambio hacia pr\u00e1cticas responsables y competitivas en beneficio del pa\u00eds\u201d, afirm\u00f3&nbsp;<strong>Mauricio Ocampo Vargas, gerente general de Terpel Sunex<\/strong>.&nbsp;<\/p>\n\n\n\n<p>Con este proyecto, se reafirma el rol de los centros comerciales como actores clave en la construcci\u00f3n de un futuro m\u00e1s sostenible y se evidencia el potencial que tiene Colombia en el desarrollo de fuentes renovables como la solar, fundamental para la transici\u00f3n energ\u00e9tica del pa\u00eds.&nbsp;<\/p>\n\n\n\n<p><\/p>\n","protected":false},"excerpt":{"rendered":"<p>Bogot\u00e1 D.C., octubre 15 de 2025.&nbsp;Con el apoyo de Organizaci\u00f3n Terpel,&nbsp;Terpel Sunex&nbsp;ofrece a las empresas colombianas la posibilidad de generar su propia energ\u00eda limpia, reducir costos operativos y avanzar en su compromiso con la sostenibilidad. Actualmente, est\u00e1 construyendo una planta solar fotovoltaica en el centro comercial&nbsp;Unicentro Bogot\u00e1&nbsp;que aportar\u00e1 energ\u00eda limpia a las zonas comunes de&#8230;<\/p>\n","protected":false},"author":5,"featured_media":17796,"comment_status":"closed","ping_status":"closed","sticky":false,"template":"","format":"standard","meta":{"_FSMCFIC_featured_image_caption":"","_FSMCFIC_featured_image_nocaption":"","_FSMCFIC_featured_image_hide":"","footnotes":""},"categories":[22],"tags":[],"class_list":["post-17795","post","type-post","status-publish","format-standard","has-post-thumbnail","hentry","category-el_resto"],"_links":{"self":[{"href":"https:\/\/economiaconedmer.com\/economiaenserio\/wp-json\/wp\/v2\/posts\/17795","targetHints":{"allow":["GET"]}}],"collection":[{"href":"https:\/\/economiaconedmer.com\/economiaenserio\/wp-json\/wp\/v2\/posts"}],"about":[{"href":"https:\/\/economiaconedmer.com\/economiaenserio\/wp-json\/wp\/v2\/types\/post"}],"author":[{"embeddable":true,"href":"https:\/\/economiaconedmer.com\/economiaenserio\/wp-json\/wp\/v2\/users\/5"}],"replies":[{"embeddable":true,"href":"https:\/\/economiaconedmer.com\/economiaenserio\/wp-json\/wp\/v2\/comments?post=17795"}],"version-history":[{"count":1,"href":"https:\/\/economiaconedmer.com\/economiaenserio\/wp-json\/wp\/v2\/posts\/17795\/revisions"}],"predecessor-version":[{"id":17797,"href":"https:\/\/economiaconedmer.com\/economiaenserio\/wp-json\/wp\/v2\/posts\/17795\/revisions\/17797"}],"wp:featuredmedia":[{"embeddable":true,"href":"https:\/\/economiaconedmer.com\/economiaenserio\/wp-json\/wp\/v2\/media\/17796"}],"wp:attachment":[{"href":"https:\/\/economiaconedmer.com\/economiaenserio\/wp-json\/wp\/v2\/media?parent=17795"}],"wp:term":[{"taxonomy":"category","embeddable":true,"href":"https:\/\/economiaconedmer.com\/economiaenserio\/wp-json\/wp\/v2\/categories?post=17795"},{"taxonomy":"post_tag","embeddable":true,"href":"https:\/\/economiaconedmer.com\/economiaenserio\/wp-json\/wp\/v2\/tags?post=17795"}],"curies":[{"name":"wp","href":"https:\/\/api.w.org\/{rel}","templated":true}]}}