{"id":17756,"date":"2025-10-24T00:39:02","date_gmt":"2025-10-24T05:39:02","guid":{"rendered":"https:\/\/economiaconedmer.com\/economiaenserio\/?p=17756"},"modified":"2025-10-24T00:42:18","modified_gmt":"2025-10-24T05:42:18","slug":"nuevo-horario-de-vuelo-bogota-paris-en-air-france","status":"publish","type":"post","link":"https:\/\/economiaconedmer.com\/economiaenserio\/10\/24\/nuevo-horario-de-vuelo-bogota-paris-en-air-france\/corticas\/2025\/","title":{"rendered":"Air France anuncia cambio de su horario de vuelo entre Bogot\u00e1 y Par\u00eds"},"content":{"rendered":"\n<p><strong>Bogot\u00e1, octubre 23 de 2025.<\/strong>\u00a0Air France implementar\u00e1 el nuevo horario de su vuelo directo entre Bogot\u00e1 y Par\u00eds a partir del\u00a026 de octubre de 2025 y hasta el 27 de marzo de 2026,\u00a0saliendo a las 21:40 horas desde el Aeropuerto Internacional El Dorado y llegando al Charles De Gaulle, en par\u00eds a las 13:55 horas.<\/p>\n\n\n\n<p>Este cambio permitir\u00e1 a los pasajeros disfrutar de un horario m\u00e1s conveniente, llegando en horas de la ma\u00f1ana a Par\u00eds-Charles de Gaulle, optimizando las posibilidades de conexiones con m\u00e1s de\u00a0300 destinos\u00a0en Europa, \u00c1frica, Asia y Medio Oriente, a trav\u00e9s de la extensa red de Air France, KLM y sus socios de SkyTeam.<\/p>\n\n\n\n<p><em>\u00abEstamos muy complacidos de ofrecer este nuevo horario, que responde a las necesidades de nuestros pasajeros en Colombia. Esta modificaci\u00f3n facilitar\u00e1 la planificaci\u00f3n de los viajes, permitir\u00e1 aprovechar mejor el tiempo en destino y mejorar\u00e1 la experiencia de conexi\u00f3n en Par\u00eds,\u00bb<\/em>&nbsp;afirm\u00f3 Diana Vargas, Gerente Comercial de Air France-KLM en Colombia.<\/p>\n","protected":false},"excerpt":{"rendered":"<p>Bogot\u00e1, octubre 23 de 2025.\u00a0Air France implementar\u00e1 el nuevo horario de su vuelo directo entre Bogot\u00e1 y Par\u00eds a partir del\u00a026 de octubre de 2025 y hasta el 27 de marzo de 2026,\u00a0saliendo a las 21:40 horas desde el Aeropuerto Internacional El Dorado y llegando al Charles De Gaulle, en par\u00eds a las 13:55 horas&#8230;.<\/p>\n","protected":false},"author":5,"featured_media":17757,"comment_status":"closed","ping_status":"closed","sticky":false,"template":"","format":"standard","meta":{"_FSMCFIC_featured_image_caption":"","_FSMCFIC_featured_image_nocaption":"","_FSMCFIC_featured_image_hide":"","footnotes":""},"categories":[23],"tags":[],"class_list":["post-17756","post","type-post","status-publish","format-standard","has-post-thumbnail","hentry","category-corticas"],"_links":{"self":[{"href":"https:\/\/economiaconedmer.com\/economiaenserio\/wp-json\/wp\/v2\/posts\/17756","targetHints":{"allow":["GET"]}}],"collection":[{"href":"https:\/\/economiaconedmer.com\/economiaenserio\/wp-json\/wp\/v2\/posts"}],"about":[{"href":"https:\/\/economiaconedmer.com\/economiaenserio\/wp-json\/wp\/v2\/types\/post"}],"author":[{"embeddable":true,"href":"https:\/\/economiaconedmer.com\/economiaenserio\/wp-json\/wp\/v2\/users\/5"}],"replies":[{"embeddable":true,"href":"https:\/\/economiaconedmer.com\/economiaenserio\/wp-json\/wp\/v2\/comments?post=17756"}],"version-history":[{"count":5,"href":"https:\/\/economiaconedmer.com\/economiaenserio\/wp-json\/wp\/v2\/posts\/17756\/revisions"}],"predecessor-version":[{"id":17764,"href":"https:\/\/economiaconedmer.com\/economiaenserio\/wp-json\/wp\/v2\/posts\/17756\/revisions\/17764"}],"wp:featuredmedia":[{"embeddable":true,"href":"https:\/\/economiaconedmer.com\/economiaenserio\/wp-json\/wp\/v2\/media\/17757"}],"wp:attachment":[{"href":"https:\/\/economiaconedmer.com\/economiaenserio\/wp-json\/wp\/v2\/media?parent=17756"}],"wp:term":[{"taxonomy":"category","embeddable":true,"href":"https:\/\/economiaconedmer.com\/economiaenserio\/wp-json\/wp\/v2\/categories?post=17756"},{"taxonomy":"post_tag","embeddable":true,"href":"https:\/\/economiaconedmer.com\/economiaenserio\/wp-json\/wp\/v2\/tags?post=17756"}],"curies":[{"name":"wp","href":"https:\/\/api.w.org\/{rel}","templated":true}]}}