{"id":17639,"date":"2025-10-11T06:43:05","date_gmt":"2025-10-11T11:43:05","guid":{"rendered":"https:\/\/economiaconedmer.com\/economiaenserio\/?p=17639"},"modified":"2025-10-11T06:48:37","modified_gmt":"2025-10-11T11:48:37","slug":"llega-red-que-empodera-a-servidores-publicos-para-liderar-transformaciones","status":"publish","type":"post","link":"https:\/\/economiaconedmer.com\/economiaenserio\/10\/11\/llega-red-que-empodera-a-servidores-publicos-para-liderar-transformaciones\/el_resto\/2025\/","title":{"rendered":"Llega red que empodera a servidores p\u00fablicos para liderar transformaciones"},"content":{"rendered":"\n<p><strong>Bogot\u00e1<\/strong><strong>,<\/strong> <strong>octubre 12<\/strong><strong>\u00a0de 2025.<\/strong><strong>\u00a0<\/strong>El\u00a0Government\u00a0Empowerment\u00a0Network (GEN) llega a Am\u00e9rica Latina\u00a0con su primera cohorte\u00a0(grupo) de servidores p\u00fablicos\u00a0que, a trav\u00e9s de esta red\u00a0se articular\u00e1n para liderar transformaciones en sus instituciones.\u00a0El\u00a0grupo\u00a0compuesto por 33\u00a0servidores p\u00fablicos\u00a0de Colombia y Ecuador,\u00a0denominados champions,\u00a0participar\u00e1n\u00a0de un recorrido de 16 semanas\u00a0donde dise\u00f1ar\u00e1n\u00a0soluciones p\u00fablicas lideradas localmente.<\/p>\n\n\n\n<p>La&nbsp;red&nbsp;del&nbsp;GEN&nbsp;surge de una convicci\u00f3n&nbsp;profunda: el cambio real en el sector p\u00fablico solo es posible cuando quienes lo lideran se sienten empoderados, conectados y respaldados por una comunidad que comparte sus desaf\u00edos y aspiraciones.<\/p>\n\n\n\n<p>El GEN\u00a0llega a la regi\u00f3n como\u00a0una iniciativa\u00a0global que empodera a los servidores p\u00fablicos para liderar transformaciones gubernamentales\u00a0de manera pr\u00e1ctica, acompa\u00f1ada\u00a0y conectada. Espec\u00edficamente, el GEN ofrece acceso a\u00a0dos componentes,\u00a0un laboratorio de empoderamiento,\u00a0que es una plataforma tecnol\u00f3gica soportada por IA para generar conexiones entre servidores p\u00fablicos y acelerar la forma en la que dise\u00f1an transformaciones,\u00a0y una\u00a0incubadora\u00a0de soluciones p\u00fablicas\u00a0donde\u00a0fortalecer\u00e1n sus habilidades t\u00e9cnicas y de liderazgo para dise\u00f1ar transformaciones a problemas estructurales\u00a0de la pol\u00edtica p\u00fablica.<\/p>\n\n\n\n<p>\u201cColombia se ha consolidado como un referente\u00a0global en innovaci\u00f3n p\u00fablica. Desde\u00a0Instiglio, entendemos que los sistemas no cambian solos, sino a trav\u00e9s de los champions que impulsan la transformaci\u00f3n. Por ello, GEN nace del deseo de hacer m\u00e1s y mejor, con el fin de maximizar el potencial de los servidores p\u00fablicos para que sean la verdadera fuerza transformadora de sus instituciones. Este no es\u00a0otro\u00a0programa de capacitaci\u00f3n, sino una red global en la que los\u00a0servidores podr\u00e1n dise\u00f1ar soluciones reales con miras a ser implementadas para entregar resultados\u00a0tangibles y\u00a0medibles\u00a0a los ciudadanos.\u00a0Cuando los gobiernos alcanzan la excelencia, las sociedades prosperan.\u201d expres\u00f3\u00a0Avnish Gungadurdoss, Socio Gerente y\u00a0Co-Fundador\u00a0de\u00a0Instiglio.<\/p>\n\n\n\n<p>En Latinoam\u00e9rica, GEN conectar\u00e1&nbsp;a funcionarios p\u00fablicos con trayectoria y liderazgo en instituciones clave, con el prop\u00f3sito de impulsar reformas sostenibles, efectivas y apropiadas localmente. La primera cohorte est\u00e1&nbsp;conformada por&nbsp;una diversidad de&nbsp;servidores&nbsp;provenientes&nbsp;de instituciones como el Departamento Nacional de Planeaci\u00f3n (DNP), la Presidencia de la Rep\u00fablica, el Ministerio de Hacienda y Cr\u00e9dito P\u00fablico, y entidades territoriales de alto impacto en&nbsp;Bogot\u00e1, Cali y Medell\u00edn,&nbsp;junto a&nbsp;funcionarios del gobierno nacional de Ecuador&nbsp;de&nbsp;diferentes&nbsp;ministerios y&nbsp;de la&nbsp;vicepresidencia&nbsp;del pa\u00eds:<\/p>\n\n\n\n<p>\u201cLos champions de esta&nbsp;cohorte&nbsp;tienen un&nbsp;poder de decisi\u00f3n&nbsp;clave en el liderazgo de&nbsp;los equipos, el presupuesto y la estrategia de la pol\u00edtica p\u00fablica que desarrollan sus entidades. Esto es fundamental en la medida que el GEN se enfoca en los gobiernos locales, con el fin de fortalecer a sus funcionarios y otorgarles las herramientas necesarias para que su trabajo sea m\u00e1s efectivo.Mediante&nbsp;la generaci\u00f3n de habilidades blandas cruciales, y la incubaci\u00f3n de&nbsp;soluciones de cambio,&nbsp;se convertir\u00e1n en&nbsp;agentes de cambio&nbsp;para sus instituciones&nbsp;y para el dise\u00f1o de la pol\u00edtica p\u00fablica\u201d, coment\u00f3&nbsp;Sebasti\u00e1n Osorio Socio Adjunto de&nbsp;Instiglio.<\/p>\n\n\n\n<p>El evento de lanzamiento de la primera cohorte, realizado los d\u00edas 9, 10 y 11 de octubre, reuni\u00f3 a funcionarios, expertos y l\u00edderes p\u00fablicos en torno a jornadas de inspiraci\u00f3n, m\u00f3dulos sobre liderazgo y dise\u00f1o del cambio. La experiencia combin\u00f3 sesiones presenciales y&nbsp;virtuales, creando un espacio de colaboraci\u00f3n e intercambio que marc\u00f3 el inicio de un proceso de acompa\u00f1amiento que se extender\u00e1 hasta marzo&nbsp;del 2026&nbsp;y que moldear\u00e1 c\u00f3mo crece este movimiento en Am\u00e9rica Latina y m\u00e1s all\u00e1.<\/p>\n\n\n\n<p>El encuentro, adem\u00e1s,&nbsp;cont\u00f3 con la participaci\u00f3n especial de Humberto de la Calle, quien comparti\u00f3 su visi\u00f3n sobre el liderazgo p\u00fablico, la institucionalidad y los desaf\u00edos de la gobernanza en la regi\u00f3n.<\/p>\n\n\n\n<p>\u201cMi experiencia est\u00e1 arraigada en la vocaci\u00f3n de servicio p\u00fablico, crucial en un pa\u00eds con tantos retos. Reconozco el trabajo fundamental que desarrolla&nbsp;el&nbsp;GEN en torno al Estado y sus servidores, pues complementa el deseo de transformaci\u00f3n. Proyectos como este deben enfocarse en construir una Colombia que se abra a todos y que promueva la hermandad, demostrando que es posible hacer las cosas de manera diferente\u00bb dijo Humberto de La Calle,&nbsp;Exsenador&nbsp;y pol\u00edtico&nbsp;colombiano.<\/p>\n\n\n\n<p>En noviembre del 2025 el GEN\u00a0lanzar\u00e1 su tercera cohorte en\u00a0Marruecos, avanzando sus esfuerzos para crear una red global centrada en elevar a la funci\u00f3n\u00a0p\u00fablica\u00a0en servicio de la sociedad. Para 2030, GEN aspira\u00a0a apoyar\u00a0a\u00a0m\u00e1s de\u00a01.000 champions, catalizar 200 transformaciones institucionales y mejorar los servicios para 190 millones de ciudadanos en todo el mundo.<\/p>\n","protected":false},"excerpt":{"rendered":"<p>Bogot\u00e1, octubre 12\u00a0de 2025.\u00a0El\u00a0Government\u00a0Empowerment\u00a0Network (GEN) llega a Am\u00e9rica Latina\u00a0con su primera cohorte\u00a0(grupo) de servidores p\u00fablicos\u00a0que, a trav\u00e9s de esta red\u00a0se articular\u00e1n para liderar transformaciones en sus instituciones.\u00a0El\u00a0grupo\u00a0compuesto por 33\u00a0servidores p\u00fablicos\u00a0de Colombia y Ecuador,\u00a0denominados champions,\u00a0participar\u00e1n\u00a0de un recorrido de 16 semanas\u00a0donde dise\u00f1ar\u00e1n\u00a0soluciones p\u00fablicas lideradas localmente. La&nbsp;red&nbsp;del&nbsp;GEN&nbsp;surge de una convicci\u00f3n&nbsp;profunda: el cambio real en el sector p\u00fablico solo&#8230;<\/p>\n","protected":false},"author":5,"featured_media":17640,"comment_status":"closed","ping_status":"closed","sticky":false,"template":"","format":"standard","meta":{"_FSMCFIC_featured_image_caption":"","_FSMCFIC_featured_image_nocaption":"","_FSMCFIC_featured_image_hide":"","footnotes":""},"categories":[22],"tags":[],"class_list":["post-17639","post","type-post","status-publish","format-standard","has-post-thumbnail","hentry","category-el_resto"],"_links":{"self":[{"href":"https:\/\/economiaconedmer.com\/economiaenserio\/wp-json\/wp\/v2\/posts\/17639","targetHints":{"allow":["GET"]}}],"collection":[{"href":"https:\/\/economiaconedmer.com\/economiaenserio\/wp-json\/wp\/v2\/posts"}],"about":[{"href":"https:\/\/economiaconedmer.com\/economiaenserio\/wp-json\/wp\/v2\/types\/post"}],"author":[{"embeddable":true,"href":"https:\/\/economiaconedmer.com\/economiaenserio\/wp-json\/wp\/v2\/users\/5"}],"replies":[{"embeddable":true,"href":"https:\/\/economiaconedmer.com\/economiaenserio\/wp-json\/wp\/v2\/comments?post=17639"}],"version-history":[{"count":1,"href":"https:\/\/economiaconedmer.com\/economiaenserio\/wp-json\/wp\/v2\/posts\/17639\/revisions"}],"predecessor-version":[{"id":17641,"href":"https:\/\/economiaconedmer.com\/economiaenserio\/wp-json\/wp\/v2\/posts\/17639\/revisions\/17641"}],"wp:featuredmedia":[{"embeddable":true,"href":"https:\/\/economiaconedmer.com\/economiaenserio\/wp-json\/wp\/v2\/media\/17640"}],"wp:attachment":[{"href":"https:\/\/economiaconedmer.com\/economiaenserio\/wp-json\/wp\/v2\/media?parent=17639"}],"wp:term":[{"taxonomy":"category","embeddable":true,"href":"https:\/\/economiaconedmer.com\/economiaenserio\/wp-json\/wp\/v2\/categories?post=17639"},{"taxonomy":"post_tag","embeddable":true,"href":"https:\/\/economiaconedmer.com\/economiaenserio\/wp-json\/wp\/v2\/tags?post=17639"}],"curies":[{"name":"wp","href":"https:\/\/api.w.org\/{rel}","templated":true}]}}