{"id":17602,"date":"2025-10-09T18:43:41","date_gmt":"2025-10-09T23:43:41","guid":{"rendered":"https:\/\/economiaconedmer.com\/economiaenserio\/?p=17602"},"modified":"2025-10-09T18:43:42","modified_gmt":"2025-10-09T23:43:42","slug":"fundacion-santa-fe-gano-3-premios-de-arquitectura-hospitalaria","status":"publish","type":"post","link":"https:\/\/economiaconedmer.com\/economiaenserio\/10\/09\/fundacion-santa-fe-gano-3-premios-de-arquitectura-hospitalaria\/el_resto\/2025\/","title":{"rendered":"Fundaci\u00f3n Santa Fe gan\u00f3 3 premios de arquitectura hospitalaria"},"content":{"rendered":"\n<p><strong>Bogot\u00e1, octubre 8 de 2025.<\/strong> La Fundaci\u00f3n Santa Fe fue reconocida con tres galardones en el 3er Premio Latinoamericano de Arquitectura Hospitalaria (PLAH), un certamen que distingue las mejores obras arquitect\u00f3nicas del sector salud en la regi\u00f3n. Este logro reafirma el liderazgo de la instituci\u00f3n en innovaci\u00f3n, sostenibilidad y dise\u00f1o hospitalario al servicio de las personas.<\/p>\n\n\n\n<p>En esta edici\u00f3n, la Fundaci\u00f3n obtuvo los primeros lugares en las siguientes clave: Edificaciones nuevas con \u00e1rea de construcci\u00f3n igual o inferior a 20.000 m\u00b2, con la Torre de Servicios Ambulatorios.<\/p>\n\n\n\n<p>Edificaciones nuevas con \u00e1rea de construcci\u00f3n superior a 20.000 m\u00b2, con el Complejo Hospitalario de la Fundaci\u00f3n Santa Fe de Bogot\u00e1.<\/p>\n\n\n\n<p>Edificaciones restauradas y\/o renovadas, con el Plan Maestro de Renovaci\u00f3n de la Fundaci\u00f3n Santa Fe de Bogot\u00e1.<\/p>\n\n\n\n<p>Los dos primeros proyectos fueron desarrollados por el arquitecto Giancarlo Mazzanti Sierra y su firma MZZ Arquitectura, mientras que el plan maestro fue dise\u00f1ado por Luis Emilio Quintero Avenda\u00f1o, Mar\u00eda Margarita Vel\u00e1zquez Ni\u00f1o, Lina Mar\u00eda G\u00f3mez Marroqu\u00edn y Ferney S\u00e1nchez Mahecha, del equipo de la Subdirecci\u00f3n de Infraestructura de la Fundaci\u00f3n.<\/p>\n\n\n\n<p>El Premio Latinoamericano de Arquitectura Hospitalaria (PLAH) es otorgado cada dos a\u00f1os por la Sociedad Colombiana de Arquitectos (SCA) y la Asociaci\u00f3n Colombiana de Arquitectura e Ingenier\u00eda Hospitalaria (ACAIH). Reconoce proyectos que integran creatividad, calidad t\u00e9cnica, funcionalidad, sostenibilidad y una adecuada inserci\u00f3n urbana, en l\u00ednea con los Objetivos de Desarrollo Sostenible (ODS).<\/p>\n\n\n\n<p>Para la Fundaci\u00f3n Santa Fe de Bogot\u00e1, estos reconocimientos reflejan su compromiso por ofrecer m\u00e1s y mejor salud en espacios pensados para el bienestar de pacientes, familias y colaboradores. Cada nuevo edificio ha sido concebido como un entorno humano, seguro y sanador, que respalda su modelo de atenci\u00f3n centrado en las personas.<\/p>\n\n\n\n<p>\u201cEn estas tres nuevas arquitecturas que le entregamos al pa\u00eds, logramos conjugar varios aspectos. El primero es un modelo de atenci\u00f3n centrado en las personas, que permite mejorar m\u00e1s f\u00e1cilmente a los individuos en un ambiente totalmente sano, un ambiente&nbsp;sanador\u201d, destac\u00f3 el Dr. Henry Gallardo, director general de la Fundaci\u00f3n Santa Fe de Bogot\u00e1.<\/p>\n\n\n\n<p>\u201cEstos premios no son solo un logro del equipo de arquitectura e infraestructura, sino de toda la comunidad de la Fundaci\u00f3n: del \u00e1rea asistencial, m\u00e9dica y administrativa. Son el reflejo de la arquitectura como parte de nuestra cultura fundacional\u201d, a\u00f1adi\u00f3 Luis Emilio Quintero, subdirector de Infraestructura.<\/p>\n\n\n\n<p>Con este triple galard\u00f3n, la Fundaci\u00f3n Santa Fe de Bogot\u00e1 consolida su posici\u00f3n como uno de los hospitales m\u00e1s destacados de Am\u00e9rica Latina, y celebra un hito institucional que impulsa su visi\u00f3n de ser referente en innovaci\u00f3n hospitalaria, sostenibilidad y excelencia en el cuidado de la salud.<\/p>\n\n\n\n<p><\/p>\n","protected":false},"excerpt":{"rendered":"<p>Bogot\u00e1, octubre 8 de 2025. La Fundaci\u00f3n Santa Fe fue reconocida con tres galardones en el 3er Premio Latinoamericano de Arquitectura Hospitalaria (PLAH), un certamen que distingue las mejores obras arquitect\u00f3nicas del sector salud en la regi\u00f3n. Este logro reafirma el liderazgo de la instituci\u00f3n en innovaci\u00f3n, sostenibilidad y dise\u00f1o hospitalario al servicio de las&#8230;<\/p>\n","protected":false},"author":5,"featured_media":17603,"comment_status":"closed","ping_status":"closed","sticky":false,"template":"","format":"standard","meta":{"_FSMCFIC_featured_image_caption":"","_FSMCFIC_featured_image_nocaption":"","_FSMCFIC_featured_image_hide":"","footnotes":""},"categories":[22],"tags":[],"class_list":["post-17602","post","type-post","status-publish","format-standard","has-post-thumbnail","hentry","category-el_resto"],"_links":{"self":[{"href":"https:\/\/economiaconedmer.com\/economiaenserio\/wp-json\/wp\/v2\/posts\/17602","targetHints":{"allow":["GET"]}}],"collection":[{"href":"https:\/\/economiaconedmer.com\/economiaenserio\/wp-json\/wp\/v2\/posts"}],"about":[{"href":"https:\/\/economiaconedmer.com\/economiaenserio\/wp-json\/wp\/v2\/types\/post"}],"author":[{"embeddable":true,"href":"https:\/\/economiaconedmer.com\/economiaenserio\/wp-json\/wp\/v2\/users\/5"}],"replies":[{"embeddable":true,"href":"https:\/\/economiaconedmer.com\/economiaenserio\/wp-json\/wp\/v2\/comments?post=17602"}],"version-history":[{"count":1,"href":"https:\/\/economiaconedmer.com\/economiaenserio\/wp-json\/wp\/v2\/posts\/17602\/revisions"}],"predecessor-version":[{"id":17604,"href":"https:\/\/economiaconedmer.com\/economiaenserio\/wp-json\/wp\/v2\/posts\/17602\/revisions\/17604"}],"wp:featuredmedia":[{"embeddable":true,"href":"https:\/\/economiaconedmer.com\/economiaenserio\/wp-json\/wp\/v2\/media\/17603"}],"wp:attachment":[{"href":"https:\/\/economiaconedmer.com\/economiaenserio\/wp-json\/wp\/v2\/media?parent=17602"}],"wp:term":[{"taxonomy":"category","embeddable":true,"href":"https:\/\/economiaconedmer.com\/economiaenserio\/wp-json\/wp\/v2\/categories?post=17602"},{"taxonomy":"post_tag","embeddable":true,"href":"https:\/\/economiaconedmer.com\/economiaenserio\/wp-json\/wp\/v2\/tags?post=17602"}],"curies":[{"name":"wp","href":"https:\/\/api.w.org\/{rel}","templated":true}]}}