{"id":17592,"date":"2025-10-08T20:03:56","date_gmt":"2025-10-09T01:03:56","guid":{"rendered":"https:\/\/economiaconedmer.com\/economiaenserio\/?p=17592"},"modified":"2025-10-08T20:03:57","modified_gmt":"2025-10-09T01:03:57","slug":"quien-pidio-pollo-japon","status":"publish","type":"post","link":"https:\/\/economiaconedmer.com\/economiaenserio\/10\/08\/quien-pidio-pollo-japon\/el_bolsillo\/2025\/","title":{"rendered":"\u00bfQui\u00e9n pidi\u00f3 pollo? Jap\u00f3n"},"content":{"rendered":"\n<p>La empresa colombiana Pollo Bucanero envi\u00f3 a Jap\u00f3n el primer env\u00edo de carne de pollo a ese pa\u00eds, uno de los mercados m\u00e1s exigentes del mundo en materia sanitaria animal, y de calidad de productos alimenticios que ingresan a su territorio.<\/p>\n\n\n\n<p>La exportaci\u00f3n colombiana, equivalente a 12,5 toneladas, fue despachada en un contenedor y recibida por las autoridades sanitarias japonesas, que verificaron cumplimiento del 100% de los requisitos para ser distribuido en el comercio nip\u00f3n, uno de los principales importadores de pollo del mundo.<\/p>\n\n\n\n<p>El presidente de la Federaci\u00f3n Nacional de Avicultores (Fenavi), Gonzalo Moreno, dijo que este es otro paso que dan los productores av\u00edcolas colombianos en su estrategia de posicionamiento de los productos del sector en territorio asi\u00e1tico, a donde ya se ha realizado la exportaci\u00f3n de m\u00e1s de 170 contenedores de huevo nacional.   <\/p>\n\n\n\n<p>\u00abNos proponemos seguir avanzando por que tenemos un potencial para exportar unas 350.000 toneladas anuales de pollo. Ya estamos en el mercado de Emiratos \u00c1rabes, y creemos que es posible conquistar nuevos mercados, tales como el Caribe y China\u00bb.<\/p>\n\n\n\n<p> <\/p>\n\n\n\n<p> <\/p>\n","protected":false},"excerpt":{"rendered":"<p>La empresa colombiana Pollo Bucanero envi\u00f3 a Jap\u00f3n el primer env\u00edo de carne de pollo a ese pa\u00eds, uno de los mercados m\u00e1s exigentes del mundo en materia sanitaria animal, y de calidad de productos alimenticios que ingresan a su territorio. La exportaci\u00f3n colombiana, equivalente a 12,5 toneladas, fue despachada en un contenedor y recibida&#8230;<\/p>\n","protected":false},"author":5,"featured_media":17593,"comment_status":"closed","ping_status":"closed","sticky":false,"template":"","format":"standard","meta":{"_FSMCFIC_featured_image_caption":"","_FSMCFIC_featured_image_nocaption":"","_FSMCFIC_featured_image_hide":"","footnotes":""},"categories":[2],"tags":[],"class_list":["post-17592","post","type-post","status-publish","format-standard","has-post-thumbnail","hentry","category-el_bolsillo"],"_links":{"self":[{"href":"https:\/\/economiaconedmer.com\/economiaenserio\/wp-json\/wp\/v2\/posts\/17592","targetHints":{"allow":["GET"]}}],"collection":[{"href":"https:\/\/economiaconedmer.com\/economiaenserio\/wp-json\/wp\/v2\/posts"}],"about":[{"href":"https:\/\/economiaconedmer.com\/economiaenserio\/wp-json\/wp\/v2\/types\/post"}],"author":[{"embeddable":true,"href":"https:\/\/economiaconedmer.com\/economiaenserio\/wp-json\/wp\/v2\/users\/5"}],"replies":[{"embeddable":true,"href":"https:\/\/economiaconedmer.com\/economiaenserio\/wp-json\/wp\/v2\/comments?post=17592"}],"version-history":[{"count":1,"href":"https:\/\/economiaconedmer.com\/economiaenserio\/wp-json\/wp\/v2\/posts\/17592\/revisions"}],"predecessor-version":[{"id":17594,"href":"https:\/\/economiaconedmer.com\/economiaenserio\/wp-json\/wp\/v2\/posts\/17592\/revisions\/17594"}],"wp:featuredmedia":[{"embeddable":true,"href":"https:\/\/economiaconedmer.com\/economiaenserio\/wp-json\/wp\/v2\/media\/17593"}],"wp:attachment":[{"href":"https:\/\/economiaconedmer.com\/economiaenserio\/wp-json\/wp\/v2\/media?parent=17592"}],"wp:term":[{"taxonomy":"category","embeddable":true,"href":"https:\/\/economiaconedmer.com\/economiaenserio\/wp-json\/wp\/v2\/categories?post=17592"},{"taxonomy":"post_tag","embeddable":true,"href":"https:\/\/economiaconedmer.com\/economiaenserio\/wp-json\/wp\/v2\/tags?post=17592"}],"curies":[{"name":"wp","href":"https:\/\/api.w.org\/{rel}","templated":true}]}}