{"id":17589,"date":"2025-10-08T19:41:39","date_gmt":"2025-10-09T00:41:39","guid":{"rendered":"https:\/\/economiaconedmer.com\/economiaenserio\/?p=17589"},"modified":"2025-10-08T19:41:39","modified_gmt":"2025-10-09T00:41:39","slug":"el-77-de-matriz-energetica-del-pais-aun-depende-de-combustibles-fosiles","status":"publish","type":"post","link":"https:\/\/economiaconedmer.com\/economiaenserio\/10\/08\/el-77-de-matriz-energetica-del-pais-aun-depende-de-combustibles-fosiles\/el_resto\/2025\/","title":{"rendered":"El 77% de matriz energ\u00e9tica del pa\u00eds a\u00fan depende de combustibles f\u00f3siles"},"content":{"rendered":"\n<p>Aggreko, empresa creadora de soluciones de transici\u00f3n energ\u00e9tica, present\u00f3 el\u00a0informe\u00a0<a href=\"https:\/\/www.aggreko.com\/es-mx\/sectors\/oil-and-gas\/Aggreko-and-the-Future-of-Energy\" target=\"_blank\" rel=\"noreferrer noopener\"><em>\u201cEl sector del petr\u00f3leo y gas en Am\u00e9rica Latina\u201d (2025)<\/em><\/a><a href=\"https:\/\/www.aggreko.com\/es-mx\/sectors\/oil-and-gas\/Aggreko-and-the-Future-of-Energy\" target=\"_blank\" rel=\"noreferrer noopener\">,<\/a>\u00a0elaborado a partir de la visi\u00f3n de 312 expertos de siete pa\u00edses.\u00a0<\/p>\n\n\n\n<p>El documento recoge percepciones de la industria \u2014desde propietarios, presidentes y directores hasta gerentes\u2014, analiza funciones operacionales y ofrece una mirada a los principales retos y perspectivas que marcar\u00e1n el futuro del sector en la regi\u00f3n.<\/p>\n\n\n\n<p><strong>Colombia: una mirada al sector energ\u00e9tico<br><\/strong>Colombia enfrenta actualmente grandes desaf\u00edos\u00a0en materia de\u00a0<em>oil &amp; gas<\/em>, con los Llanos Orientales como epicentro productivo y compa\u00f1\u00edas como Ecopetrol, Reficar y Cenit liderando el sector. Aunque avanza en proyectos de hidr\u00f3geno verde y autoconsumo, el 77% de la matriz del pa\u00eds sigue dependiendo de combustibles f\u00f3siles, con el gas como recurso clave y unas reservas que pueden agotarse en los pr\u00f3ximos a\u00f1os. <\/p>\n\n\n\n<p>El informe revela que la situaci\u00f3n de Colombia difiere de la registrada en los dem\u00e1s pa\u00edses Latinoamericanos. La pol\u00edtica anti-hidrocarburos del presidente Gustavo Petro, desat\u00f3 una pol\u00e9mica sobre el ritmo de la transici\u00f3n energ\u00e9tica, acelerada por el mandatario, con medidas como la firma del Tratado de No Proliferaci\u00f3n de Combustibles F\u00f3siles y la oposici\u00f3n al fracking.\u00a0<\/p>\n\n\n\n<p>A ello se suma el declive natural de la producci\u00f3n, la presi\u00f3n regulatoria para adoptar pr\u00e1cticas m\u00e1s sostenibles y la necesidad de reducir la dependencia de combustibles importados, lo que refuerza la urgencia de diversificar el suministro. La Asociaci\u00f3n Colombiana de Petr\u00f3leo y Gas (ACP) advierte sobre la ca\u00edda en la producci\u00f3n de gas y la necesidad de agilizar licencias y garantizar la seguridad jur\u00eddica para mantener la autosuficiencia energ\u00e9tica&nbsp;a corto y mediano plazo.<\/p>\n\n\n\n<p>Seg\u00fan la<a href=\"https:\/\/campetrol.org\/wp-content\/uploads\/2025\/02\/Comunicado-Informe-de-Taladros-y-prod-ene-2025-final-1.pdf\" target=\"_blank\" rel=\"noreferrer noopener\">\u00a0C\u00e1mara Colombiana de Bienes y Servicios de Petr\u00f3leo, Gas y Energ\u00eda (Campetrol)<\/a>, la perforaci\u00f3n de pozos en el pa\u00eds se redujo dr\u00e1sticamente: de 55 taladros activos en 2023 se pas\u00f3 a solo 24 en diciembre de 2024.<\/p>\n\n\n\n<p>Si quiere acceder al informe completo, ingrese a el\u00a0informe\u00a0<a href=\"https:\/\/www.aggreko.com\/es-mx\/sectors\/oil-and-gas\/Aggreko-and-the-Future-of-Energy\" target=\"_blank\" rel=\"noreferrer noopener\"><em>\u201cEl sector del petr\u00f3leo y gas en Am\u00e9rica Latina\u201d (2025)<\/em>,<\/a>\u00a0 <\/p>\n\n\n\n<p><\/p>\n","protected":false},"excerpt":{"rendered":"<p>Aggreko, empresa creadora de soluciones de transici\u00f3n energ\u00e9tica, present\u00f3 el\u00a0informe\u00a0\u201cEl sector del petr\u00f3leo y gas en Am\u00e9rica Latina\u201d (2025),\u00a0elaborado a partir de la visi\u00f3n de 312 expertos de siete pa\u00edses.\u00a0 El documento recoge percepciones de la industria \u2014desde propietarios, presidentes y directores hasta gerentes\u2014, analiza funciones operacionales y ofrece una mirada a los principales retos&#8230;<\/p>\n","protected":false},"author":5,"featured_media":17590,"comment_status":"closed","ping_status":"closed","sticky":false,"template":"","format":"standard","meta":{"_FSMCFIC_featured_image_caption":"","_FSMCFIC_featured_image_nocaption":"","_FSMCFIC_featured_image_hide":"","footnotes":""},"categories":[22],"tags":[],"class_list":["post-17589","post","type-post","status-publish","format-standard","has-post-thumbnail","hentry","category-el_resto"],"_links":{"self":[{"href":"https:\/\/economiaconedmer.com\/economiaenserio\/wp-json\/wp\/v2\/posts\/17589","targetHints":{"allow":["GET"]}}],"collection":[{"href":"https:\/\/economiaconedmer.com\/economiaenserio\/wp-json\/wp\/v2\/posts"}],"about":[{"href":"https:\/\/economiaconedmer.com\/economiaenserio\/wp-json\/wp\/v2\/types\/post"}],"author":[{"embeddable":true,"href":"https:\/\/economiaconedmer.com\/economiaenserio\/wp-json\/wp\/v2\/users\/5"}],"replies":[{"embeddable":true,"href":"https:\/\/economiaconedmer.com\/economiaenserio\/wp-json\/wp\/v2\/comments?post=17589"}],"version-history":[{"count":1,"href":"https:\/\/economiaconedmer.com\/economiaenserio\/wp-json\/wp\/v2\/posts\/17589\/revisions"}],"predecessor-version":[{"id":17591,"href":"https:\/\/economiaconedmer.com\/economiaenserio\/wp-json\/wp\/v2\/posts\/17589\/revisions\/17591"}],"wp:featuredmedia":[{"embeddable":true,"href":"https:\/\/economiaconedmer.com\/economiaenserio\/wp-json\/wp\/v2\/media\/17590"}],"wp:attachment":[{"href":"https:\/\/economiaconedmer.com\/economiaenserio\/wp-json\/wp\/v2\/media?parent=17589"}],"wp:term":[{"taxonomy":"category","embeddable":true,"href":"https:\/\/economiaconedmer.com\/economiaenserio\/wp-json\/wp\/v2\/categories?post=17589"},{"taxonomy":"post_tag","embeddable":true,"href":"https:\/\/economiaconedmer.com\/economiaenserio\/wp-json\/wp\/v2\/tags?post=17589"}],"curies":[{"name":"wp","href":"https:\/\/api.w.org\/{rel}","templated":true}]}}