{"id":17583,"date":"2025-10-08T19:20:38","date_gmt":"2025-10-09T00:20:38","guid":{"rendered":"https:\/\/economiaconedmer.com\/economiaenserio\/?p=17583"},"modified":"2025-10-08T20:13:12","modified_gmt":"2025-10-09T01:13:12","slug":"innpulsa-y-tiendanube-lanzan-ecommerce-pro-para-formar-a-emprendedores","status":"publish","type":"post","link":"https:\/\/economiaconedmer.com\/economiaenserio\/10\/08\/innpulsa-y-tiendanube-lanzan-ecommerce-pro-para-formar-a-emprendedores\/el_resto\/2025\/","title":{"rendered":"Con &#8216;Ecommerce Pro&#8217;, iNNpulsa y Tiendanube forman\u00a0emprendedores"},"content":{"rendered":"\n<p><strong><em>Colombia, 8 de octubre de 2025<\/em>\u00a0\u2013\u00a0<\/strong>Con el prop\u00f3sito de impulsar la transformaci\u00f3n digital de las mipymes en el pa\u00eds, surge\u00a0Ecommerce Pro, una iniciativa creada en conjunto entre\u00a0iNNpulsa Colombia, su estrategia CEmprende y Tiendanube. El programa est\u00e1 dise\u00f1ado para fortalecer a 350 negocios consolidados y en etapas de madurez, a trav\u00e9s de formaci\u00f3n especializada en comercio electr\u00f3nico y marketing digital. Su objetivo es preparar a los emprendedores para aprovechar al m\u00e1ximo la temporada comercial de fin de a\u00f1o, marcada por fechas clave como Black Friday, Cyberlunes y Navidad.<\/p>\n\n\n\n<p>Durante el ciclo, que incluye\u00a0<strong>cinco masterclasses<\/strong>, los participantes acceder\u00e1n a clases en vivo, as\u00ed como a herramientas y recursos creados por expertos. Al ser un programa\u00a0100% virtual, permitir\u00e1 llegar a negocios de diferentes regiones del pa\u00eds, fomentando la inclusi\u00f3n digital y contribuyendo al crecimiento del ecosistema emprendedor colombiano.<\/p>\n\n\n\n<p>\u201c<em>Desde iNNpulsa Colombia y con el liderazgo del Ministerio de Comercio, Industria y Turismo, mantenemos nuestro compromiso con el fortalecimiento de los emprendimientos y mipymes colombianas. Esta iniciativa creada en conjunto con Tiendanube es una oportunidad potente para mejorar la presencia de sus negocios en entornos digitales e incrementar sus ventas<\/em>\u201d, destac\u00f3 H\u00e9ctor Julio Fuentes Dur\u00e1n, gerente general de iNNpulsa Colombia.&nbsp;<\/p>\n\n\n\n<p>El programa contar\u00e1 con la participaci\u00f3n de expertos en pagos en l\u00ednea, log\u00edstica inteligente y automatizada, especialistas en publicidad digital y estrategia de contenido org\u00e1nico. Ellos liderar\u00e1n capacitaciones en aspectos clave como la creaci\u00f3n y automatizaci\u00f3n del e-commerce, marketing de contenidos para redes sociales, publicidad digital, medios de pago en l\u00ednea y log\u00edstica eficiente aplicada al comercio electr\u00f3nico.<\/p>\n\n\n\n<p>\u201c<em>Detr\u00e1s de cada emprendedor hay una historia \u00fanica que merece crecer. Con Ecommerce Pro, buscamos que m\u00e1s peque\u00f1os empresarios en Colombia puedan dar el salto digital y potenciar sus ventas con herramientas que antes parec\u00edan lejanas. Nuestro objetivo es acompa\u00f1arlos en cada paso para que la tecnolog\u00eda sea un motor de expansi\u00f3n y no una barrera\u201d,&nbsp;<\/em>asegur\u00f3 Augusto Otero, Expansion Head Latam en Tiendanube.<\/p>\n\n\n\n<p>La convocatoria para Ecommerce Pro estar\u00e1 abierta hasta hoy,\u00a09 de octubre, para personas de todo el pa\u00eds que tengan \u00a0un negocio con ventas demostrables. La participaci\u00f3n es gratuita y se deber\u00e1n tener en cuenta estos requisitos:\u00a0<\/p>\n\n\n\n<p><strong>1.&nbsp;<\/strong>Ser persona natural o jur\u00eddica con un negocio activo en cualquier sector o industria, que comercialice exclusivamente productos f\u00edsicos. No se admitir\u00e1n negocios de servicios, infoproductos ni productos de consumo inmediato.<\/p>\n\n\n\n<p><strong>2.&nbsp;<\/strong>Contar con un perfil de negocio activo en Instagram o Facebook, con publicaciones constantes y evidencia de actividad continua.<\/p>\n\n\n\n<p><strong>3.\u00a0<\/strong>Registrar ventas mensuales superiores a un mill\u00f3n de pesos, a trav\u00e9s de canales online.<\/p>\n\n\n\n<p><strong>4.&nbsp;<\/strong>Tener una operaci\u00f3n m\u00ednima de dos a\u00f1os en el mercado.<\/p>\n\n\n\n<p><strong>5.&nbsp;<\/strong>No tener una tienda virtual activa en Tiendanube ni en otra plataforma de ecommerce.<\/p>\n\n\n\n<p><\/p>\n","protected":false},"excerpt":{"rendered":"<p>Colombia, 8 de octubre de 2025\u00a0\u2013\u00a0Con el prop\u00f3sito de impulsar la transformaci\u00f3n digital de las mipymes en el pa\u00eds, surge\u00a0Ecommerce Pro, una iniciativa creada en conjunto entre\u00a0iNNpulsa Colombia, su estrategia CEmprende y Tiendanube. El programa est\u00e1 dise\u00f1ado para fortalecer a 350 negocios consolidados y en etapas de madurez, a trav\u00e9s de formaci\u00f3n especializada en comercio&#8230;<\/p>\n","protected":false},"author":5,"featured_media":17584,"comment_status":"closed","ping_status":"closed","sticky":false,"template":"","format":"standard","meta":{"_FSMCFIC_featured_image_caption":"","_FSMCFIC_featured_image_nocaption":"","_FSMCFIC_featured_image_hide":"","footnotes":""},"categories":[22],"tags":[],"class_list":["post-17583","post","type-post","status-publish","format-standard","has-post-thumbnail","hentry","category-el_resto"],"_links":{"self":[{"href":"https:\/\/economiaconedmer.com\/economiaenserio\/wp-json\/wp\/v2\/posts\/17583","targetHints":{"allow":["GET"]}}],"collection":[{"href":"https:\/\/economiaconedmer.com\/economiaenserio\/wp-json\/wp\/v2\/posts"}],"about":[{"href":"https:\/\/economiaconedmer.com\/economiaenserio\/wp-json\/wp\/v2\/types\/post"}],"author":[{"embeddable":true,"href":"https:\/\/economiaconedmer.com\/economiaenserio\/wp-json\/wp\/v2\/users\/5"}],"replies":[{"embeddable":true,"href":"https:\/\/economiaconedmer.com\/economiaenserio\/wp-json\/wp\/v2\/comments?post=17583"}],"version-history":[{"count":3,"href":"https:\/\/economiaconedmer.com\/economiaenserio\/wp-json\/wp\/v2\/posts\/17583\/revisions"}],"predecessor-version":[{"id":17601,"href":"https:\/\/economiaconedmer.com\/economiaenserio\/wp-json\/wp\/v2\/posts\/17583\/revisions\/17601"}],"wp:featuredmedia":[{"embeddable":true,"href":"https:\/\/economiaconedmer.com\/economiaenserio\/wp-json\/wp\/v2\/media\/17584"}],"wp:attachment":[{"href":"https:\/\/economiaconedmer.com\/economiaenserio\/wp-json\/wp\/v2\/media?parent=17583"}],"wp:term":[{"taxonomy":"category","embeddable":true,"href":"https:\/\/economiaconedmer.com\/economiaenserio\/wp-json\/wp\/v2\/categories?post=17583"},{"taxonomy":"post_tag","embeddable":true,"href":"https:\/\/economiaconedmer.com\/economiaenserio\/wp-json\/wp\/v2\/tags?post=17583"}],"curies":[{"name":"wp","href":"https:\/\/api.w.org\/{rel}","templated":true}]}}