{"id":17577,"date":"2025-10-08T18:55:35","date_gmt":"2025-10-08T23:55:35","guid":{"rendered":"https:\/\/economiaconedmer.com\/economiaenserio\/?p=17577"},"modified":"2025-10-08T18:55:36","modified_gmt":"2025-10-08T23:55:36","slug":"aracataca-2027-los-nobel-de-literatura-visitaran-macondo","status":"publish","type":"post","link":"https:\/\/economiaconedmer.com\/economiaenserio\/10\/08\/aracataca-2027-los-nobel-de-literatura-visitaran-macondo\/destacados\/2025\/","title":{"rendered":"Aracataca 2027: los Nobel de literatura visitar\u00e1n Macondo"},"content":{"rendered":"\n<p><strong>Por Jorge\u00e1\u00a0 S\u00e1nchez Vargas<\/strong><\/p>\n\n\n\n<p>En marzo de 2027, cuando se cumplan cien a\u00f1os del nacimiento de Gabriel Garc\u00eda M\u00e1rquez, Aracataca dejar\u00e1 de ser un peque\u00f1o pueblo del Caribe colombiano para convertirse, por unos d\u00edas, en el centro del mundo literario. All\u00ed, en el lugar donde naci\u00f3 el hombre que invent\u00f3 Macondo y escenific\u00f3 la realidad y la fantas\u00eda, se proyecta una cumbre sin precedentes: la reuni\u00f3n de los premios Nobel de literatura vivos.<\/p>\n\n\n\n<p>La idea no naci\u00f3 en un despacho oficial ni en una gran capital, sino en las conversaciones y cavilaciones del escritor y analista Le\u00f3n Valencia y de Catalina Valencia, gestora cultural y exdirectora de la Secretar\u00eda de Cultura de Bogot\u00e1. Ambos sue\u00f1an con un acontecimiento trascendente, un acto que coloque a Colombia en la agenda del mundo no por la pobreza ni el olvido, ni la guerra ni la violencia (aunque tambi\u00e9n), sino por el poder de la palabra, la fuerza de la imaginaci\u00f3n y la posibilidad de ser un escenario de paz.<\/p>\n\n\n\n<p>A su lado ya se sentaron la Fundaci\u00f3n Pares, la Fundaci\u00f3n Gabo y el Gobierno del Magdalena. El proyecto requiere a\u00fan estructuraci\u00f3n y recursos ingentes, voluntades firmes y acciones puntuales para movilizar a escritores que residen en distintas latitudes. Pero el coraz\u00f3n de la propuesta late con fuerza para dise\u00f1ar una agenda novedosa, donde las letras conversen con la realidad social y pol\u00edtica del mundo, y donde los escritores m\u00e1s grandes de nuestra \u00e9poca reafirmen su compromiso con la humanidad.<\/p>\n\n\n\n<p>No son cuentas peregrinas. Son retos realizables. Desde 1901, la Academia Sueca de los Nobel ha otorgado 121 premios de Literatura. Apenas 17 de ellos han sido para mujeres, la mayor\u00eda en los \u00faltimos a\u00f1os, y en siete ocasiones \u2014durante las guerras mundiales\u2014 el galard\u00f3n fue suspendido. Cada premio encarna no solo una obra, sino una visi\u00f3n del mundo. La tarea entonces es lograr que, en 2027, Aracataca pueda recibir a los siguientes premiados que viven:<\/p>\n\n\n\n<p>*Han Kang (Corea del Sur, 2024), autora de La vegetariana, Actos humanos y No soy nadie, donde el cuerpo se vuelve territorio de resistencia.<\/p>\n\n\n\n<p>*Jon Fosse (Noruega, 2023), dramaturgo del silencio y la introspecci\u00f3n, creador de Melancol\u00eda, El otro nombre y Yo es otro.<\/p>\n\n\n\n<p>*Annie Ernaux (Francia, 2022), que en Los a\u00f1os, El lugar y La verg\u00fcenza convierte la memoria femenina en un mapa social.<\/p>\n\n\n\n<p>*Abdulrazak Gurnah (Tanzania\/Reino Unido, 2021), autor de Para\u00edso, A orillas del mar y Deserci\u00f3n, narrador de exilios, colonialismos y migraciones.<\/p>\n\n\n\n<p>*Olga Tokarczuk (Polonia, 2018), arquitecta de mundos m\u00edticos en Los errantes, Sobre los huesos de los muertos y Un lugar llamado anta\u00f1o.<\/p>\n\n\n\n<p>*Kazuo Ishiguro (Reino Unido\/Jap\u00f3n, 2017), explorador de la memoria y la identidad en Lo que queda del d\u00eda, Nunca me abandones y Klara y el Sol.<\/p>\n\n\n\n<p>*Bob Dylan (EE. UU., 2016), trovador y poeta de Like a Rolling Stone, Blowin\u2019 in the Wind y The Times They Are A-Changin\u2019, quien convirti\u00f3 la canci\u00f3n en literatura.<\/p>\n\n\n\n<p>*Svetlana Alexievich (Bielorrusia, 2015), cronista coral de la historia en Voces de Chern\u00f3bil, La guerra no tiene rostro de mujer y El fin del \u201chomo sovieticus\u201d.<\/p>\n\n\n\n<p>*Patrick Modiano (Francia, 2014), caminante de la memoria en Dora Bruder, En el caf\u00e9 de la juventud perdida y Barrio perdido.<\/p>\n\n\n\n<p>*Mo Yan (China, 2012), heredero del realismo m\u00e1gico oriental, autor de Sorgo rojo, Grandes pechos, amplias caderas y Ranas.<\/p>\n\n\n\n<p>*J. M. Coetzee (Sud\u00e1frica\/Australia, 2003), diseccionador de la culpa y la injusticia en Desgracia, Esperando a los b\u00e1rbaros y Elizabeth Costello.<\/p>\n\n\n\n<p>Cada uno de ellos ser\u00eda un latido distinto en esta sinfon\u00eda de voces que se quiere escuchar en la tierra de Gabo. Esa es su raz\u00f3n de ser porque el proyecto de Aracataca no es solo una reuni\u00f3n de escritores. Es tambi\u00e9n un homenaje a ese ej\u00e9rcito silencioso que mantiene viva la literatura: las bibliotecas, las librer\u00edas y los editores, en un tiempo donde las pantallas parecen dictar la velocidad del pensamiento. Pero ese universo resiste con la calma del papel y la persistencia de la palabra.<\/p>\n\n\n\n<p>Es cuesti\u00f3n de mirar el tiempo: en la m\u00edtica Alejandr\u00eda, donde ardi\u00f3 el saber del mundo; o caminar las callejuelas de Oporto y Lisboa, donde el polvo y la madera guardan secretos de navegantes; o en Bogot\u00e1, donde la biblioteca Luis \u00c1ngel Arango late como coraz\u00f3n de la cultura; en Oxford, Par\u00eds o Atenas, donde los estudiantes respiran siglos de letras; en Tokio, Pek\u00edn o Delhi, donde la sabidur\u00eda se multiplica entre ideogramas y papel; en M\u00e9xico, San Salvador, Montevideo o Buenos Aires, las bibliotecas nacionales son templos de la palabra; y en tantos pueblos del planeta \u2014de Valpara\u00edso a Cusco y a Granada, de Hoi An en Vietnam a Rotorua en Nueva Zelanda, de Nsukka, sede de la Universidad de Nigeria,&nbsp; de Kumasi, capital del pueblo ashanti, en Ghana, en fin, en alguna parte siempre habr\u00e1 alg\u00fan librero que abre cada ma\u00f1ana su puerta para que los libros sigan respirando.<\/p>\n\n\n\n<p>Las bibliotecas y las librer\u00edas son las verdaderas rep\u00fablicas de la imaginaci\u00f3n. Sin su silencio y sin sus guardianes \u2014los libreros y bibliotecarios\u2014 casi ning\u00fan escritor existir\u00eda; sin sus estantes, ning\u00fan Nobel tendr\u00eda lectores. En sus pasillos se resguardan las semillas del pensamiento, las voces que el tiempo se niega a callar.<\/p>\n\n\n\n<p>Por eso, la cumbre en Aracataca ser\u00e1 m\u00e1s que un evento: ser\u00e1 un manifiesto. Una declaraci\u00f3n de que la literatura y su contexto puede ser br\u00fajula en tiempos inciertos, que la palabra es capaz de unir donde la pol\u00edtica divide, que los libros siguen siendo refugio y esperanza.<\/p>\n\n\n\n<p>Macondo, con su polvo dorado, sus mangos, sus casas de madera y su gente maravillosa, se prepara para recibir voces que han narrado la fragilidad y la grandeza humana. En marzo de 2027, los Nobel vivos, provenientes desde distintos rincones del planeta, podr\u00edan encontrarse en el mismo lugar donde Garc\u00eda M\u00e1rquez aprendi\u00f3 que la realidad se cuenta al pie de la letra y que los pueblos peque\u00f1os tambi\u00e9n pueden contener al universo entero.<\/p>\n\n\n\n<p>Ese d\u00eda, Aracataca no ser\u00e1 solo Aracataca. Ser\u00e1 Alejandr\u00eda, Lisboa, Bogot\u00e1, Atenas, Par\u00eds, Tokio, Caracas o Buenos Aires, pero tambi\u00e9n Santa Marta, Quibd\u00f3, Tur\u00edn, Sevilla, San Sebasti\u00e1n, Santander, Santiago de Compostela, Minneapolis, Burdeos, Paipa, Tibasosa, Hoi An, Rotorua, Gyeongju y otros pueblos tra\u00eddos de la geograf\u00eda remota. Macondo ser\u00e1, al mismo tiempo y en una sola voz, todos los Nobel vivos, y las bibliotecas y librer\u00edas del mundo reunidas en un pueblo del Caribe.<\/p>\n\n\n\n<p>Macondo despertar\u00e1 otra vez, para recordarnos que la literatura no solo cuenta la vida: la transforma<\/p>\n","protected":false},"excerpt":{"rendered":"<p>Por Jorge\u00e1\u00a0 S\u00e1nchez Vargas En marzo de 2027, cuando se cumplan cien a\u00f1os del nacimiento de Gabriel Garc\u00eda M\u00e1rquez, Aracataca dejar\u00e1 de ser un peque\u00f1o pueblo del Caribe colombiano para convertirse, por unos d\u00edas, en el centro del mundo literario. All\u00ed, en el lugar donde naci\u00f3 el hombre que invent\u00f3 Macondo y escenific\u00f3 la realidad&#8230;<\/p>\n","protected":false},"author":5,"featured_media":17578,"comment_status":"closed","ping_status":"closed","sticky":false,"template":"","format":"standard","meta":{"_FSMCFIC_featured_image_caption":"","_FSMCFIC_featured_image_nocaption":"","_FSMCFIC_featured_image_hide":"","footnotes":""},"categories":[21],"tags":[],"class_list":["post-17577","post","type-post","status-publish","format-standard","has-post-thumbnail","hentry","category-destacados"],"_links":{"self":[{"href":"https:\/\/economiaconedmer.com\/economiaenserio\/wp-json\/wp\/v2\/posts\/17577","targetHints":{"allow":["GET"]}}],"collection":[{"href":"https:\/\/economiaconedmer.com\/economiaenserio\/wp-json\/wp\/v2\/posts"}],"about":[{"href":"https:\/\/economiaconedmer.com\/economiaenserio\/wp-json\/wp\/v2\/types\/post"}],"author":[{"embeddable":true,"href":"https:\/\/economiaconedmer.com\/economiaenserio\/wp-json\/wp\/v2\/users\/5"}],"replies":[{"embeddable":true,"href":"https:\/\/economiaconedmer.com\/economiaenserio\/wp-json\/wp\/v2\/comments?post=17577"}],"version-history":[{"count":1,"href":"https:\/\/economiaconedmer.com\/economiaenserio\/wp-json\/wp\/v2\/posts\/17577\/revisions"}],"predecessor-version":[{"id":17579,"href":"https:\/\/economiaconedmer.com\/economiaenserio\/wp-json\/wp\/v2\/posts\/17577\/revisions\/17579"}],"wp:featuredmedia":[{"embeddable":true,"href":"https:\/\/economiaconedmer.com\/economiaenserio\/wp-json\/wp\/v2\/media\/17578"}],"wp:attachment":[{"href":"https:\/\/economiaconedmer.com\/economiaenserio\/wp-json\/wp\/v2\/media?parent=17577"}],"wp:term":[{"taxonomy":"category","embeddable":true,"href":"https:\/\/economiaconedmer.com\/economiaenserio\/wp-json\/wp\/v2\/categories?post=17577"},{"taxonomy":"post_tag","embeddable":true,"href":"https:\/\/economiaconedmer.com\/economiaenserio\/wp-json\/wp\/v2\/tags?post=17577"}],"curies":[{"name":"wp","href":"https:\/\/api.w.org\/{rel}","templated":true}]}}