{"id":17510,"date":"2025-10-03T18:22:57","date_gmt":"2025-10-03T23:22:57","guid":{"rendered":"https:\/\/economiaconedmer.com\/economiaenserio\/?p=17510"},"modified":"2025-10-03T18:22:58","modified_gmt":"2025-10-03T23:22:58","slug":"jetsmart-abre-vuelo-bogota-san-andres-en-alianza-con-on-vacation","status":"publish","type":"post","link":"https:\/\/economiaconedmer.com\/economiaenserio\/10\/03\/jetsmart-abre-vuelo-bogota-san-andres-en-alianza-con-on-vacation\/el_resto\/2025\/","title":{"rendered":"JetSMART abre vuelo Bogot\u00e1-San Andr\u00e9s en alianza con On Vacation"},"content":{"rendered":"\n<p><strong>Bogot\u00e1, 3 de octubre de 2025.<\/strong>\u00a0La aerol\u00ednea JetSMART sigue apost\u00e1ndole al turismo nacional. A partir del 15 de octubre, la aerol\u00ednea dispondr\u00e1 de una nueva ruta que conecta directamente a Bogot\u00e1 con el archipi\u00e9lago de San Andr\u00e9s, Providencia y Santa Catalina, ofreciendo un vuelo diario para que m\u00e1s viajeros puedan disfrutar del mar de los siete colores, sus playas de arena blanca y toda la riqueza cultural del Caribe insular.<\/p>\n\n\n\n<p>Con esta nueva ruta,&nbsp;JetSMART&nbsp;refuerza su compromiso por llevar a m\u00e1s colombianos a conocer y redescubrir la magia de San Andr\u00e9s, un destino que merece estar m\u00e1s cerca de todos. La operaci\u00f3n contar\u00e1 con&nbsp;186 sillas por trayecto, lo que se traduce en&nbsp;15,428&nbsp;sillas&nbsp;mensualeshacia la isla desde Bogot\u00e1. Sumadas a las&nbsp;rutas existentes desde Medell\u00edn (17&nbsp;frecuencias&nbsp;semanales)y Cali (9&nbsp;frecuencias semanales)&nbsp;este aumento de capacidad&nbsp;iniciara a&nbsp;partir de&nbsp;diciembre permitiendo&nbsp;ofrecer un&nbsp;total de 59,148&nbsp;sillas&nbsp;mensuales&nbsp;hacia San Andr\u00e9s.<\/p>\n\n\n\n<p><em>\u201cPara&nbsp;<\/em><em>JetSMART<\/em><em>&nbsp;es una prioridad acercar a m\u00e1s personas a destinos emblem\u00e1ticos como San Andr\u00e9s, que no solo representa uno de los paisajes m\u00e1s impresionantes de Colombia, sino tambi\u00e9n una cultura vibrante y una comunidad que necesita del impulso del turismo. Esperamos que esta ruta tenga una alta demanda que nos permita crecer r\u00e1pidamente\u201d,<\/em>&nbsp;afirm\u00f3 Mario Garc\u00eda, Country Manager de&nbsp;JetSMART&nbsp;en Colombia.<\/p>\n\n\n\n<p>Adem\u00e1s de ampliar la conectividad<strong>,&nbsp;<\/strong><strong>JetSMART<\/strong><strong>&nbsp;tambi\u00e9n quiere ser parte del impulso que la isla necesita para seguir siendo uno de los destinos m\u00e1s relevantes del pa\u00eds.<\/strong>&nbsp;Por eso, trabajar\u00e1 de la mano con la Gobernaci\u00f3n del Archipi\u00e9lago, ANATO,&nbsp;Cotelco, Tour Operadores y otros actores clave, para generar sinergias que fortalezcan el sector tur\u00edstico&nbsp;local.&nbsp;<strong>Muy<\/strong><strong>&nbsp;pronto, el para\u00edso estar\u00e1 m\u00e1s cerca.<\/strong><\/p>\n\n\n\n<p>En el marco del inicio de la nueva ruta Bogot\u00e1\u2013San Andr\u00e9s,&nbsp;JetSMART, junto a&nbsp;On&nbsp;Vacation, presentar\u00e1 la campa\u00f1a&nbsp;<strong>\u201cUn viaje al para\u00edso\u201d<\/strong>, una iniciativa que busca resaltar la importancia del archipi\u00e9lago para el turismo colombiano y acercar a m\u00e1s viajeros a este destino emblem\u00e1tico.&nbsp;Esta alianza entre&nbsp;JetSMART&nbsp;y&nbsp;On&nbsp;Vacationabre nuevas oportunidades para el desarrollo tur\u00edstico y la conectividad, creando experiencias que impactar\u00e1n de forma positiva a miles de viajeros que sue\u00f1an con descubrir o volver a vivir la magia del Caribe colombiano.<\/p>\n\n\n\n<p>Con este anuncio, JetSMART sigue consolidando su presencia en Colombia y contribuyendo a que m\u00e1s personas puedan volar con seguridad, comodidad y precios accesibles.<\/p>\n\n\n\n<p><\/p>\n","protected":false},"excerpt":{"rendered":"<p>Bogot\u00e1, 3 de octubre de 2025.\u00a0La aerol\u00ednea JetSMART sigue apost\u00e1ndole al turismo nacional. A partir del 15 de octubre, la aerol\u00ednea dispondr\u00e1 de una nueva ruta que conecta directamente a Bogot\u00e1 con el archipi\u00e9lago de San Andr\u00e9s, Providencia y Santa Catalina, ofreciendo un vuelo diario para que m\u00e1s viajeros puedan disfrutar del mar de los&#8230;<\/p>\n","protected":false},"author":5,"featured_media":17511,"comment_status":"closed","ping_status":"closed","sticky":false,"template":"","format":"standard","meta":{"_FSMCFIC_featured_image_caption":"","_FSMCFIC_featured_image_nocaption":"","_FSMCFIC_featured_image_hide":"","footnotes":""},"categories":[22],"tags":[],"class_list":["post-17510","post","type-post","status-publish","format-standard","has-post-thumbnail","hentry","category-el_resto"],"_links":{"self":[{"href":"https:\/\/economiaconedmer.com\/economiaenserio\/wp-json\/wp\/v2\/posts\/17510","targetHints":{"allow":["GET"]}}],"collection":[{"href":"https:\/\/economiaconedmer.com\/economiaenserio\/wp-json\/wp\/v2\/posts"}],"about":[{"href":"https:\/\/economiaconedmer.com\/economiaenserio\/wp-json\/wp\/v2\/types\/post"}],"author":[{"embeddable":true,"href":"https:\/\/economiaconedmer.com\/economiaenserio\/wp-json\/wp\/v2\/users\/5"}],"replies":[{"embeddable":true,"href":"https:\/\/economiaconedmer.com\/economiaenserio\/wp-json\/wp\/v2\/comments?post=17510"}],"version-history":[{"count":1,"href":"https:\/\/economiaconedmer.com\/economiaenserio\/wp-json\/wp\/v2\/posts\/17510\/revisions"}],"predecessor-version":[{"id":17512,"href":"https:\/\/economiaconedmer.com\/economiaenserio\/wp-json\/wp\/v2\/posts\/17510\/revisions\/17512"}],"wp:featuredmedia":[{"embeddable":true,"href":"https:\/\/economiaconedmer.com\/economiaenserio\/wp-json\/wp\/v2\/media\/17511"}],"wp:attachment":[{"href":"https:\/\/economiaconedmer.com\/economiaenserio\/wp-json\/wp\/v2\/media?parent=17510"}],"wp:term":[{"taxonomy":"category","embeddable":true,"href":"https:\/\/economiaconedmer.com\/economiaenserio\/wp-json\/wp\/v2\/categories?post=17510"},{"taxonomy":"post_tag","embeddable":true,"href":"https:\/\/economiaconedmer.com\/economiaenserio\/wp-json\/wp\/v2\/tags?post=17510"}],"curies":[{"name":"wp","href":"https:\/\/api.w.org\/{rel}","templated":true}]}}