{"id":17507,"date":"2025-10-03T18:14:00","date_gmt":"2025-10-03T23:14:00","guid":{"rendered":"https:\/\/economiaconedmer.com\/economiaenserio\/?p=17507"},"modified":"2025-10-03T18:14:00","modified_gmt":"2025-10-03T23:14:00","slug":"she-is-global-forum-2025-bogota-epicentro-de-equidad-de-genero","status":"publish","type":"post","link":"https:\/\/economiaconedmer.com\/economiaenserio\/10\/03\/she-is-global-forum-2025-bogota-epicentro-de-equidad-de-genero\/el_resto\/2025\/","title":{"rendered":"She Is Global Forum 2025: Bogot\u00e1, epicentro de equidad de g\u00e9nero"},"content":{"rendered":"\n<p><strong>Bogot\u00e1, octubre 3 de 2025.<\/strong> La capital de Colombia ser\u00e1 el coraz\u00f3n de la conversaci\u00f3n global sobre equidad de g\u00e9nero, con la llegada de la\u00a0<em>s\u00e9ptima edici\u00f3n del She Is Global Forum<\/em>, el evento m\u00e1s grande de Latinoam\u00e9rica y uno de los m\u00e1s influyentes del mundo en temas de liderazgo femenino, innovaci\u00f3n social y transformaci\u00f3n sostenible.<\/p>\n\n\n\n<p>Durante dos d\u00edas, el 19 y 20 de noviembre, el Centro de Convenciones del Hotel Cosmos 100 &#8211; DoubleTree by Hilton Bogot\u00e1 ser\u00e1 escenario de un encuentro que va m\u00e1s all\u00e1 de la reflexi\u00f3n:&nbsp;un verdadero movimiento que une a gobiernos, empresas, academia, cooperaci\u00f3n internacional y sociedad civil bajo un mismo prop\u00f3sito: construir un futuro donde la esperanza se convierta en cambio real para millones de mujeres y comunidades en la regi\u00f3n.<\/p>\n\n\n\n<p>El tema central de 2025 ser\u00e1&nbsp;<em>La Esperanza<\/em>. Un eje que trasciende lo simb\u00f3lico para consolidarse como una fuerza transformadora que conecta proyectos, impulsa soluciones y genera impactos concretos en los territorios. \u201cCreemos en la esperanza como motor de cambio: no es un ideal abstracto, es la base sobre la cual construimos oportunidades, resiliencia y futuro para toda la regi\u00f3n.\u201d, afirm\u00f3 Leidy Mart\u00ednez, directora ejecutiva de la Fundaci\u00f3n She Is.&nbsp;<\/p>\n\n\n\n<p>Este encuentro \u00fanico&nbsp;ofrece mucho m\u00e1s que conferencias. Su agenda integra paneles de discusi\u00f3n, workshops certificados, conferencias magistrales y experiencias interactivas que conectan directamente con la realidad de los territorios.<\/p>\n\n\n\n<p>\u25cf&nbsp;El&nbsp;<strong>Innovation Tank \u2013 Ring de los Sue\u00f1os<\/strong>&nbsp;ser\u00e1 un espacio \u00fanico para que emprendedoras de Colombia y Latinoam\u00e9rica presenten sus proyectos frente a inversionistas, accedan a formaci\u00f3n especializada y compitan por capital semilla y becas universitarias. Un verdadero trampol\u00edn para los sue\u00f1os de cientos de mujeres que lideran con prop\u00f3sito.&nbsp;<strong>Las inscripciones ya est\u00e1n abiertas en&nbsp;<\/strong><a rel=\"noreferrer noopener\" target=\"_blank\" href=\"https:\/\/www.sheisforum.com\/\"><strong>www.sheisforum.com<\/strong><\/a><strong>&nbsp;y la convocatoria estar\u00e1 disponible hasta el 15 de octubre.<\/strong><\/p>\n\n\n\n<p>\u25cf&nbsp;Los&nbsp;<strong>She Is Global Awards<\/strong>&nbsp;celebrar\u00e1n la gran noche de la alfombra morada, donde se reconocer\u00e1n a mujeres, ni\u00f1as y organizaciones en m\u00e1s de 20 categor\u00edas, visibilizando su contribuci\u00f3n a la equidad de g\u00e9nero y a la construcci\u00f3n de un mundo m\u00e1s justo.&nbsp;<strong>Las postulaciones tambi\u00e9n se encuentran abiertas en nuestra p\u00e1gina web hasta el 15 de octubre.<\/strong><\/p>\n\n\n\n<p>Adem\u00e1s, abrir\u00e1 espacios para visibilizar iniciativas de los 32 departamentos de Colombia, conectando comunidades, empresas y sector p\u00fablico en un ejercicio de articulaci\u00f3n que proyecta al pa\u00eds como referente regional en innovaci\u00f3n social y compromiso con la equidad.<\/p>\n\n\n\n<p>Respaldado por el&nbsp;sello Marca Pa\u00eds, Colombia abre sus puertas al mundo como anfitri\u00f3n del&nbsp;<em>She Is Global Forum<\/em>, una vitrina internacional que muestra al pa\u00eds en su mejor versi\u00f3n: innovador, abierto, lleno de talento y decidido a impulsar la inversi\u00f3n, el turismo y, sobre todo, la equidad de g\u00e9nero.<\/p>\n\n\n\n<p>She Is Global Forum 2025: La Esperanza se convierte en cambio. Bogot\u00e1 ser\u00e1 el escenario donde voces, proyectos y sue\u00f1os se unan para transformar el futuro de Latinoam\u00e9rica.<\/p>\n\n\n\n<p><\/p>\n","protected":false},"excerpt":{"rendered":"<p>Bogot\u00e1, octubre 3 de 2025. La capital de Colombia ser\u00e1 el coraz\u00f3n de la conversaci\u00f3n global sobre equidad de g\u00e9nero, con la llegada de la\u00a0s\u00e9ptima edici\u00f3n del She Is Global Forum, el evento m\u00e1s grande de Latinoam\u00e9rica y uno de los m\u00e1s influyentes del mundo en temas de liderazgo femenino, innovaci\u00f3n social y transformaci\u00f3n sostenible&#8230;.<\/p>\n","protected":false},"author":5,"featured_media":17508,"comment_status":"closed","ping_status":"closed","sticky":false,"template":"","format":"standard","meta":{"_FSMCFIC_featured_image_caption":"","_FSMCFIC_featured_image_nocaption":"","_FSMCFIC_featured_image_hide":"","footnotes":""},"categories":[22],"tags":[],"class_list":["post-17507","post","type-post","status-publish","format-standard","has-post-thumbnail","hentry","category-el_resto"],"_links":{"self":[{"href":"https:\/\/economiaconedmer.com\/economiaenserio\/wp-json\/wp\/v2\/posts\/17507","targetHints":{"allow":["GET"]}}],"collection":[{"href":"https:\/\/economiaconedmer.com\/economiaenserio\/wp-json\/wp\/v2\/posts"}],"about":[{"href":"https:\/\/economiaconedmer.com\/economiaenserio\/wp-json\/wp\/v2\/types\/post"}],"author":[{"embeddable":true,"href":"https:\/\/economiaconedmer.com\/economiaenserio\/wp-json\/wp\/v2\/users\/5"}],"replies":[{"embeddable":true,"href":"https:\/\/economiaconedmer.com\/economiaenserio\/wp-json\/wp\/v2\/comments?post=17507"}],"version-history":[{"count":1,"href":"https:\/\/economiaconedmer.com\/economiaenserio\/wp-json\/wp\/v2\/posts\/17507\/revisions"}],"predecessor-version":[{"id":17509,"href":"https:\/\/economiaconedmer.com\/economiaenserio\/wp-json\/wp\/v2\/posts\/17507\/revisions\/17509"}],"wp:featuredmedia":[{"embeddable":true,"href":"https:\/\/economiaconedmer.com\/economiaenserio\/wp-json\/wp\/v2\/media\/17508"}],"wp:attachment":[{"href":"https:\/\/economiaconedmer.com\/economiaenserio\/wp-json\/wp\/v2\/media?parent=17507"}],"wp:term":[{"taxonomy":"category","embeddable":true,"href":"https:\/\/economiaconedmer.com\/economiaenserio\/wp-json\/wp\/v2\/categories?post=17507"},{"taxonomy":"post_tag","embeddable":true,"href":"https:\/\/economiaconedmer.com\/economiaenserio\/wp-json\/wp\/v2\/tags?post=17507"}],"curies":[{"name":"wp","href":"https:\/\/api.w.org\/{rel}","templated":true}]}}