{"id":17441,"date":"2025-10-01T07:18:46","date_gmt":"2025-10-01T12:18:46","guid":{"rendered":"https:\/\/economiaconedmer.com\/economiaenserio\/?p=17441"},"modified":"2025-10-01T07:18:48","modified_gmt":"2025-10-01T12:18:48","slug":"gestores-sociales-firman-pacto-promovido-por-veolia-para-cumplir-los-ods","status":"publish","type":"post","link":"https:\/\/economiaconedmer.com\/economiaenserio\/10\/01\/gestores-sociales-firman-pacto-promovido-por-veolia-para-cumplir-los-ods\/el_resto\/2025\/","title":{"rendered":"Gestores sociales firman pacto promovido por Veolia para cumplir los ODS"},"content":{"rendered":"\n<p><em>En el marco del D\u00eda Mundial de los Objetivos de Desarrollo Sostenible, ODS, Veolia Colombia lider\u00f3 en Cartagena la II Cumbre de Gesti\u00f3n Social \u201cTransformaci\u00f3n ecol\u00f3gica y bienestar para los territorios\u201d.<\/em><\/p>\n\n\n\n<p>El evento reuni\u00f3 a gestores sociales de ciudades y municipios en los que opera la compa\u00f1\u00eda, consolidando un espacio de di\u00e1logo y socializaci\u00f3n de buenas pr\u00e1cticas en el que se destac\u00f3 la gesti\u00f3n de alianzas entre el sector p\u00fablico, privado y comunitario para la generaci\u00f3n de valor compartido. Uno de los principales hitos fue la firma del Pacto para la transformaci\u00f3n ecol\u00f3gica, un compromiso conjunto para impulsar iniciativas que promuevan el bienestar social, la protecci\u00f3n ambiental y el equilibrio econ\u00f3mico.<\/p>\n\n\n\n<p>\u201c<em>De acuerdo con las Naciones Unidas, nos encontramos en un momento cr\u00edtico al respecto del cumplimiento de la Agenda 2030; seg\u00fan el \u00f3rgano, solo el 35% de las metas de los ODS est\u00e1n progresando adecuadamente, donde apenas el 18% est\u00e1 verdaderamente en camino y otro 17% muestra avances moderados.<\/em><em>&nbsp;<\/em><em>A menos de 5 a\u00f1os de llegar al plazo, necesitamos acelerar nuestros esfuerzos y aqu\u00ed es donde el sector empresarial juega un papel fundamental para cambiar esta realidad<\/em>.\u201d, afirm\u00f3&nbsp;<em>Judith Buelvas,&nbsp;<\/em><em>Directora<\/em><em>&nbsp;de Veolia&nbsp;<\/em>Colombia<\/p>\n\n\n\n<p>Durante la Cumbre se destacaron iniciativas de impacto ambiental positivo, empoderamiento de la mujer, emprendimiento, articulaci\u00f3n del ecosistema de aprovechamiento de residuos, regeneraci\u00f3n de recursos e importancia del sector de servicios p\u00fablicos para el desarrollo del pa\u00eds.&nbsp;<\/p>\n\n\n\n<p><em>\u201cEn Misi\u00f3n Nutrici\u00f3n, cada vez que llegamos a una nueva localidad lo primero que hacemos es identificar d\u00f3nde realmente falta cobertura, revisando datos de salud y de integraci\u00f3n social. Usamos la infraestructura de fundaciones en puntos donde no existe esa oferta, aunque a veces eso implique un esfuerzo f\u00edsico y log\u00edstico mayor, preferimos llevar la ayuda hacia las zonas perif\u00e9ricas y rurales, ya que Bogot\u00e1 es un 75% rural. Con la informaci\u00f3n correcta, podemos llegar a las familias con mayores \u00edndices de desnutrici\u00f3n infantil y conectarlas con nuestros puntos de recolecci\u00f3n, asegurando que el alimento llegue a quienes m\u00e1s lo necesitan.\u201d&nbsp;<\/em>Comparti\u00f3 en su intervenci\u00f3n&nbsp;Carolina&nbsp;Deik,&nbsp;Gestora Social y&nbsp;Primera Dama&nbsp;de Bogot\u00e1.<\/p>\n\n\n\n<p>Por su parte,&nbsp;Liliana&nbsp;Majana&nbsp;Pupo, Gestora&nbsp;Social&nbsp;y&nbsp;Primera Dama&nbsp;de Cartagena&nbsp;coment\u00f3<strong>&nbsp;<\/strong><em>\u00abNecesit\u00e1bamos transformar nuestra ciudad en una&nbsp;<\/em><em>superciudad<\/em><em>, con proyectos s\u00f3lidos en educaci\u00f3n y servicios. Hoy, gracias a la hist\u00f3rica inversi\u00f3n en infraestructura educativa, hemos construido cinco nuevos colegios de gran escala que abrir\u00e1n oportunidades a m\u00e1s de cinco mil ni\u00f1os, ni\u00f1as y j\u00f3venes. No hablamos solo de ladrillos y cemento: hablamos de futuro, de entornos dignos y adecuados para el aprendizaje. Este gobierno lo tiene muy claro\u201d.&nbsp;<\/em><\/p>\n","protected":false},"excerpt":{"rendered":"<p>En el marco del D\u00eda Mundial de los Objetivos de Desarrollo Sostenible, ODS, Veolia Colombia lider\u00f3 en Cartagena la II Cumbre de Gesti\u00f3n Social \u201cTransformaci\u00f3n ecol\u00f3gica y bienestar para los territorios\u201d. El evento reuni\u00f3 a gestores sociales de ciudades y municipios en los que opera la compa\u00f1\u00eda, consolidando un espacio de di\u00e1logo y socializaci\u00f3n de&#8230;<\/p>\n","protected":false},"author":5,"featured_media":17442,"comment_status":"closed","ping_status":"closed","sticky":false,"template":"","format":"standard","meta":{"_FSMCFIC_featured_image_caption":"","_FSMCFIC_featured_image_nocaption":"","_FSMCFIC_featured_image_hide":"","footnotes":""},"categories":[22],"tags":[],"class_list":["post-17441","post","type-post","status-publish","format-standard","has-post-thumbnail","hentry","category-el_resto"],"_links":{"self":[{"href":"https:\/\/economiaconedmer.com\/economiaenserio\/wp-json\/wp\/v2\/posts\/17441","targetHints":{"allow":["GET"]}}],"collection":[{"href":"https:\/\/economiaconedmer.com\/economiaenserio\/wp-json\/wp\/v2\/posts"}],"about":[{"href":"https:\/\/economiaconedmer.com\/economiaenserio\/wp-json\/wp\/v2\/types\/post"}],"author":[{"embeddable":true,"href":"https:\/\/economiaconedmer.com\/economiaenserio\/wp-json\/wp\/v2\/users\/5"}],"replies":[{"embeddable":true,"href":"https:\/\/economiaconedmer.com\/economiaenserio\/wp-json\/wp\/v2\/comments?post=17441"}],"version-history":[{"count":1,"href":"https:\/\/economiaconedmer.com\/economiaenserio\/wp-json\/wp\/v2\/posts\/17441\/revisions"}],"predecessor-version":[{"id":17443,"href":"https:\/\/economiaconedmer.com\/economiaenserio\/wp-json\/wp\/v2\/posts\/17441\/revisions\/17443"}],"wp:featuredmedia":[{"embeddable":true,"href":"https:\/\/economiaconedmer.com\/economiaenserio\/wp-json\/wp\/v2\/media\/17442"}],"wp:attachment":[{"href":"https:\/\/economiaconedmer.com\/economiaenserio\/wp-json\/wp\/v2\/media?parent=17441"}],"wp:term":[{"taxonomy":"category","embeddable":true,"href":"https:\/\/economiaconedmer.com\/economiaenserio\/wp-json\/wp\/v2\/categories?post=17441"},{"taxonomy":"post_tag","embeddable":true,"href":"https:\/\/economiaconedmer.com\/economiaenserio\/wp-json\/wp\/v2\/tags?post=17441"}],"curies":[{"name":"wp","href":"https:\/\/api.w.org\/{rel}","templated":true}]}}