{"id":17435,"date":"2025-09-30T18:43:50","date_gmt":"2025-09-30T23:43:50","guid":{"rendered":"https:\/\/economiaconedmer.com\/economiaenserio\/?p=17435"},"modified":"2025-09-30T18:47:48","modified_gmt":"2025-09-30T23:47:48","slug":"banrepublica-dejo-quieta-su-tasa-de-interes-925","status":"publish","type":"post","link":"https:\/\/economiaconedmer.com\/economiaenserio\/09\/30\/banrepublica-dejo-quieta-su-tasa-de-interes-925\/el_bolsillo\/2025\/","title":{"rendered":"Banrep\u00fablica dej\u00f3 quieta su tasa de inter\u00e9s: 9,25%"},"content":{"rendered":"\n<p><strong>Bogot\u00e1, septiembre 30 de 2025.<\/strong> Como lo hab\u00edan pronosticado los analistas econ\u00f3micos, el Banco de la Rep\u00fablica mantuvo su tasa de inter\u00e9s de referencia  en 9,25%, en la decisi\u00f3n tomada este martes, 30 de septiembre de 2025. La Junta Directiva vot\u00f3 por mantener la tasa sin cambios, considerando la reducci\u00f3n de la inflaci\u00f3n y el dinamismo de la econom\u00eda, aunque tambi\u00e9n evalu\u00f3 los riesgos econ\u00f3micos.\u00a0<\/p>\n\n\n\n<p>La actual tasa (9,25%) es la misma que rige desde abril pasado. La decisi\u00f3n de mantener la tasa de inter\u00e9s obedece a que la inflaci\u00f3n de agosto\u00a0reaccion\u00f3 nuevamente al situarse de nuevo por encima del 5%, llegando a 5,1%, cuando se esperaba que se mantuviera por debajo de esa barrera. <\/p>\n\n\n\n<p>La junta del Emisor dijo que la econom\u00eda colombiana creci\u00f3 2,5 % entre el trimestre abril-junio de 2025, y agreg\u00f3 que persiste la incertidumbre sobre los efectos de la pol\u00edtica comercial de los Estados Unidos y las tensiones geopol\u00edticas regionales y globales\u00bb.<\/p>\n\n\n\n<p>Por su parte, en una primer declaraci\u00f3n, el ministro de Hacienda, Germ\u00e1n \u00c1vila, calific\u00f3 la decisi\u00f3n de mantener la tasa de inter\u00e9s como conservadora y dijo que no \u00abestimula el crecimiento econ\u00f3mico, ni la mayor activaci\u00f3n de la econom\u00eda\u00bb.<\/p>\n\n\n\n<p><\/p>\n","protected":false},"excerpt":{"rendered":"<p>Bogot\u00e1, septiembre 30 de 2025. Como lo hab\u00edan pronosticado los analistas econ\u00f3micos, el Banco de la Rep\u00fablica mantuvo su tasa de inter\u00e9s de referencia en 9,25%, en la decisi\u00f3n tomada este martes, 30 de septiembre de 2025. La Junta Directiva vot\u00f3 por mantener la tasa sin cambios, considerando la reducci\u00f3n de la inflaci\u00f3n y el&#8230;<\/p>\n","protected":false},"author":5,"featured_media":17438,"comment_status":"closed","ping_status":"closed","sticky":false,"template":"","format":"standard","meta":{"_FSMCFIC_featured_image_caption":"","_FSMCFIC_featured_image_nocaption":"","_FSMCFIC_featured_image_hide":"","footnotes":""},"categories":[2],"tags":[],"class_list":["post-17435","post","type-post","status-publish","format-standard","has-post-thumbnail","hentry","category-el_bolsillo"],"_links":{"self":[{"href":"https:\/\/economiaconedmer.com\/economiaenserio\/wp-json\/wp\/v2\/posts\/17435","targetHints":{"allow":["GET"]}}],"collection":[{"href":"https:\/\/economiaconedmer.com\/economiaenserio\/wp-json\/wp\/v2\/posts"}],"about":[{"href":"https:\/\/economiaconedmer.com\/economiaenserio\/wp-json\/wp\/v2\/types\/post"}],"author":[{"embeddable":true,"href":"https:\/\/economiaconedmer.com\/economiaenserio\/wp-json\/wp\/v2\/users\/5"}],"replies":[{"embeddable":true,"href":"https:\/\/economiaconedmer.com\/economiaenserio\/wp-json\/wp\/v2\/comments?post=17435"}],"version-history":[{"count":1,"href":"https:\/\/economiaconedmer.com\/economiaenserio\/wp-json\/wp\/v2\/posts\/17435\/revisions"}],"predecessor-version":[{"id":17436,"href":"https:\/\/economiaconedmer.com\/economiaenserio\/wp-json\/wp\/v2\/posts\/17435\/revisions\/17436"}],"wp:featuredmedia":[{"embeddable":true,"href":"https:\/\/economiaconedmer.com\/economiaenserio\/wp-json\/wp\/v2\/media\/17438"}],"wp:attachment":[{"href":"https:\/\/economiaconedmer.com\/economiaenserio\/wp-json\/wp\/v2\/media?parent=17435"}],"wp:term":[{"taxonomy":"category","embeddable":true,"href":"https:\/\/economiaconedmer.com\/economiaenserio\/wp-json\/wp\/v2\/categories?post=17435"},{"taxonomy":"post_tag","embeddable":true,"href":"https:\/\/economiaconedmer.com\/economiaenserio\/wp-json\/wp\/v2\/tags?post=17435"}],"curies":[{"name":"wp","href":"https:\/\/api.w.org\/{rel}","templated":true}]}}