{"id":17432,"date":"2025-09-30T18:25:18","date_gmt":"2025-09-30T23:25:18","guid":{"rendered":"https:\/\/economiaconedmer.com\/economiaenserio\/?p=17432"},"modified":"2025-09-30T18:25:18","modified_gmt":"2025-09-30T23:25:18","slug":"el-desempleo-sigue-a-la-baja-en-agosto-cayo-a-86","status":"publish","type":"post","link":"https:\/\/economiaconedmer.com\/economiaenserio\/09\/30\/el-desempleo-sigue-a-la-baja-en-agosto-cayo-a-86\/el_bolsillo\/2025\/","title":{"rendered":"El desempleo sigue a la baja: en agosto cay\u00f3 a 8,6%"},"content":{"rendered":"\n<p>En agosto de 2025, la tasa de desempleo de Colombia fue del 8,6%. Seg\u00fan el Dane, las actividades que m\u00e1s contribuyeron a la reducci\u00f3n de la desocupaci\u00f3n fueron la industria manufactureras (199 mil personas), construcci\u00f3n (178 mil personas) y transporte y almacenamiento (172 mil personas), fueron las ramas de actividad econ\u00f3mica con mayores aumentos en el n\u00famero de ocupados para agosto de 2025. En contraste, se registr\u00f3 disminuci\u00f3n en agricultura, ganader\u00eda, caza, silvicultura y pesca con 237 mil<br>personas menos en el n\u00famero de ocupados.<\/p>\n\n\n\n<p>En comparaci\u00f3n con el mes de agosto del a\u00f1o anterior, la poblaci\u00f3n desocupada a nivel nacional<br>present\u00f3 una disminuci\u00f3n de 265 mil personas. Este descenso se present\u00f3 principalmente en los<br>dominios geogr\u00e1ficos de 13 ciudades y \u00e1reas metropolitanas con 21,6%, seguido de diez ciudades<br>con 13,9% (variaciones estad\u00edsticamente significativas).<\/p>\n\n\n\n<p>Para el periodo junio \u2013 agosto 2025 la Tasa de Desocupaci\u00f3n nacional fue del 8,7% y la Tasa de<br>Ocupaci\u00f3n fue 58,6%, estas tasas presentaron variaciones estad\u00edsticamente significativas en<br>comparaci\u00f3n con el mismo periodo del a\u00f1o anterior. Por su parte, la Tasa Global de Participaci\u00f3n<br>(TGP) fue de 64,2%.<br>Las ciudades que presentaron mayores tasas de desocupaci\u00f3n para este periodo fueron: Quibd\u00f3<br>(24,4%) con una diferencia de -1,1 p.p. respecto al mismo periodo del 2024 (25,5%), seguido de<br>Riohacha (14,2%) e Ibagu\u00e9 (12,5%). En contraste, las ciudades que mostraron menores tasas de<br>desocupaci\u00f3n fueron: Medell\u00edn A.M. (6,4%), Villavicencio (7,3%) y Cali A.M. (7,8%).<\/p>\n","protected":false},"excerpt":{"rendered":"<p>En agosto de 2025, la tasa de desempleo de Colombia fue del 8,6%. Seg\u00fan el Dane, las actividades que m\u00e1s contribuyeron a la reducci\u00f3n de la desocupaci\u00f3n fueron la industria manufactureras (199 mil personas), construcci\u00f3n (178 mil personas) y transporte y almacenamiento (172 mil personas), fueron las ramas de actividad econ\u00f3mica con mayores aumentos en&#8230;<\/p>\n","protected":false},"author":5,"featured_media":17224,"comment_status":"closed","ping_status":"closed","sticky":false,"template":"","format":"standard","meta":{"_FSMCFIC_featured_image_caption":"","_FSMCFIC_featured_image_nocaption":"","_FSMCFIC_featured_image_hide":"","footnotes":""},"categories":[2],"tags":[],"class_list":["post-17432","post","type-post","status-publish","format-standard","has-post-thumbnail","hentry","category-el_bolsillo"],"_links":{"self":[{"href":"https:\/\/economiaconedmer.com\/economiaenserio\/wp-json\/wp\/v2\/posts\/17432","targetHints":{"allow":["GET"]}}],"collection":[{"href":"https:\/\/economiaconedmer.com\/economiaenserio\/wp-json\/wp\/v2\/posts"}],"about":[{"href":"https:\/\/economiaconedmer.com\/economiaenserio\/wp-json\/wp\/v2\/types\/post"}],"author":[{"embeddable":true,"href":"https:\/\/economiaconedmer.com\/economiaenserio\/wp-json\/wp\/v2\/users\/5"}],"replies":[{"embeddable":true,"href":"https:\/\/economiaconedmer.com\/economiaenserio\/wp-json\/wp\/v2\/comments?post=17432"}],"version-history":[{"count":1,"href":"https:\/\/economiaconedmer.com\/economiaenserio\/wp-json\/wp\/v2\/posts\/17432\/revisions"}],"predecessor-version":[{"id":17434,"href":"https:\/\/economiaconedmer.com\/economiaenserio\/wp-json\/wp\/v2\/posts\/17432\/revisions\/17434"}],"wp:featuredmedia":[{"embeddable":true,"href":"https:\/\/economiaconedmer.com\/economiaenserio\/wp-json\/wp\/v2\/media\/17224"}],"wp:attachment":[{"href":"https:\/\/economiaconedmer.com\/economiaenserio\/wp-json\/wp\/v2\/media?parent=17432"}],"wp:term":[{"taxonomy":"category","embeddable":true,"href":"https:\/\/economiaconedmer.com\/economiaenserio\/wp-json\/wp\/v2\/categories?post=17432"},{"taxonomy":"post_tag","embeddable":true,"href":"https:\/\/economiaconedmer.com\/economiaenserio\/wp-json\/wp\/v2\/tags?post=17432"}],"curies":[{"name":"wp","href":"https:\/\/api.w.org\/{rel}","templated":true}]}}