{"id":17418,"date":"2025-09-30T08:26:36","date_gmt":"2025-09-30T13:26:36","guid":{"rendered":"https:\/\/economiaconedmer.com\/economiaenserio\/?p=17418"},"modified":"2025-09-30T08:26:37","modified_gmt":"2025-09-30T13:26:37","slug":"sociedad-de-arquitectos-lanza-su-congreso-2025","status":"publish","type":"post","link":"https:\/\/economiaconedmer.com\/economiaenserio\/09\/30\/sociedad-de-arquitectos-lanza-su-congreso-2025\/corticas\/2025\/","title":{"rendered":"Sociedad de Arquitectos lanza su Congreso 2025"},"content":{"rendered":"\n<p>La Sociedad Colombiana de Arquitectos (SCA) anunci\u00f3 la realizaci\u00f3n del XXXXIX Congreso Colombiano de Arquitectura y Urbanismo 2025, bajo el lema\u00a0Regeneraci\u00f3n y futuro: ciudades y arquitectura frente al cambio clim\u00e1tico.<\/p>\n\n\n\n<p>El evento se llevar\u00e1 a cabo los d\u00edas 23 y 24 de octubre en dos ic\u00f3nicos escenarios de Bogot\u00e1: \u00c1gora Bogot\u00e1 y el Centro Felicidad (CEFE) de Chapinero, este \u00faltimo facilitado por la Alcald\u00eda de Bogot\u00e1. El Congreso reunir\u00e1 a m\u00e1s de 1,000 asistentes y contar\u00e1 con un panel de m\u00e1s de 50 conferencistas de talla nacional e internacional.\u00a0 Mauricio Uribe Gonz\u00e1lez, Presidente Nacional de la SCA afirma que ese congreso es la oportunidad para \u201cCompartir conocimientos, buenas pr\u00e1cticas y sobre todo proyectos reales que demuestran el poder de la buena arquitectura para reafirmar nuestra identidad, aportar al desarrollo econ\u00f3mico y, como en este caso, ilustrar de manera realista la contribuci\u00f3n de los arquitectos y los gobiernos al ordenamiento territorial, la funci\u00f3n social de la arquitectura y la mitigaci\u00f3n del cambio clim\u00e1tico\u201d.<\/p>\n","protected":false},"excerpt":{"rendered":"<p>La Sociedad Colombiana de Arquitectos (SCA) anunci\u00f3 la realizaci\u00f3n del XXXXIX Congreso Colombiano de Arquitectura y Urbanismo 2025, bajo el lema\u00a0Regeneraci\u00f3n y futuro: ciudades y arquitectura frente al cambio clim\u00e1tico. El evento se llevar\u00e1 a cabo los d\u00edas 23 y 24 de octubre en dos ic\u00f3nicos escenarios de Bogot\u00e1: \u00c1gora Bogot\u00e1 y el Centro Felicidad&#8230;<\/p>\n","protected":false},"author":5,"featured_media":0,"comment_status":"closed","ping_status":"closed","sticky":false,"template":"","format":"standard","meta":{"_FSMCFIC_featured_image_caption":"","_FSMCFIC_featured_image_nocaption":"","_FSMCFIC_featured_image_hide":"","footnotes":""},"categories":[23],"tags":[],"class_list":["post-17418","post","type-post","status-publish","format-standard","hentry","category-corticas"],"_links":{"self":[{"href":"https:\/\/economiaconedmer.com\/economiaenserio\/wp-json\/wp\/v2\/posts\/17418","targetHints":{"allow":["GET"]}}],"collection":[{"href":"https:\/\/economiaconedmer.com\/economiaenserio\/wp-json\/wp\/v2\/posts"}],"about":[{"href":"https:\/\/economiaconedmer.com\/economiaenserio\/wp-json\/wp\/v2\/types\/post"}],"author":[{"embeddable":true,"href":"https:\/\/economiaconedmer.com\/economiaenserio\/wp-json\/wp\/v2\/users\/5"}],"replies":[{"embeddable":true,"href":"https:\/\/economiaconedmer.com\/economiaenserio\/wp-json\/wp\/v2\/comments?post=17418"}],"version-history":[{"count":1,"href":"https:\/\/economiaconedmer.com\/economiaenserio\/wp-json\/wp\/v2\/posts\/17418\/revisions"}],"predecessor-version":[{"id":17419,"href":"https:\/\/economiaconedmer.com\/economiaenserio\/wp-json\/wp\/v2\/posts\/17418\/revisions\/17419"}],"wp:attachment":[{"href":"https:\/\/economiaconedmer.com\/economiaenserio\/wp-json\/wp\/v2\/media?parent=17418"}],"wp:term":[{"taxonomy":"category","embeddable":true,"href":"https:\/\/economiaconedmer.com\/economiaenserio\/wp-json\/wp\/v2\/categories?post=17418"},{"taxonomy":"post_tag","embeddable":true,"href":"https:\/\/economiaconedmer.com\/economiaenserio\/wp-json\/wp\/v2\/tags?post=17418"}],"curies":[{"name":"wp","href":"https:\/\/api.w.org\/{rel}","templated":true}]}}