{"id":17290,"date":"2025-09-23T19:50:03","date_gmt":"2025-09-24T00:50:03","guid":{"rendered":"https:\/\/economiaconedmer.com\/economiaenserio\/?p=17290"},"modified":"2025-09-23T19:50:04","modified_gmt":"2025-09-24T00:50:04","slug":"alianza-alegra-com-visa-facilitara-acceso-de-pymes-a-ia","status":"publish","type":"post","link":"https:\/\/economiaconedmer.com\/economiaenserio\/09\/23\/alianza-alegra-com-visa-facilitara-acceso-de-pymes-a-ia\/destacados\/2025\/","title":{"rendered":"Alianza Alegra.com-Visa facilitar\u00e1 acceso de pymes a IA"},"content":{"rendered":"\n<p>Am\u00e9rica Latina alberga m\u00e1s de 11 millones de peque\u00f1as y medianas empresas (pymes), que representan el 99% del tejido empresarial y generan m\u00e1s del 60% del empleo formal, seg\u00fan la Comisi\u00f3n Econ\u00f3mica para Am\u00e9rica Latina y el Caribe (2024). Sin embargo, la digitalizaci\u00f3n y la adopci\u00f3n de nuevas tecnolog\u00edas contin\u00faan siendo un reto para su competitividad y sostenibilidad.&nbsp;<\/p>\n\n\n\n<p>En este contexto, Alegra.com, software pionero en integrar inteligencia artificial en la gesti\u00f3n contable, y Visa, l\u00edder global en pagos digitales, establecieron en agosto de 2025 una alianza estrat\u00e9gica que busca impactar a miles de empresas en la regi\u00f3n. El acuerdo combina la experiencia global de Visa con la innovaci\u00f3n tecnol\u00f3gica de Alegra.com para brindar a las peque\u00f1as y medianas empresas acceso preferencial a soluciones de gesti\u00f3n empresarial de \u00faltima generaci\u00f3n.<\/p>\n\n\n\n<p>A trav\u00e9s de este acuerdo, las peque\u00f1as y medianas empresas que utilicen tarjetas&nbsp;<em>Visa Negocios<\/em>&nbsp;podr\u00e1n acceder a&nbsp;<strong>descuentos exclusi<\/strong><strong>vos en la plataforma de Alegra.com<\/strong>, incluyendo herramientas que simplifican la contabilidad, automatizan la facturaci\u00f3n electr\u00f3nica y optimizan la administraci\u00f3n financiera, todo potenciado con inteligencia artificial para reducir hasta en un 90% el tiempo&nbsp;de gesti\u00f3n administrativa y asegurar el cumplimiento fiscal.<\/p>\n\n\n\n<p>\u201cEn Visa, estamos comprometidos en ofrecer valor agregado a los negocios que forman parte de nuestra red. Sabemos que la digitalizaci\u00f3n es clave para el crecimiento de las pymes y, mediante esta alianza con Alegra.com, buscamos facilitar su acceso a herramientas innovadoras que les permitan ser m\u00e1s competitivas y sostenibles en el tiempo\u201d, se\u00f1al\u00f3&nbsp;<strong>Jose<\/strong><strong>&nbsp;Luis Gonzales, l\u00edder de Soluciones Comerciales en Visa Am\u00e9rica Latina y el Caribe<\/strong>.<\/p>\n\n\n\n<p>Por su parte,&nbsp;<strong>Jorge Soto, CEO de Alegra.com<\/strong>, se\u00f1al\u00f3: \u201c<em>Nuestro objetivo es que las pymes dediquen menos tiempo a tareas operativas y m\u00e1s a su crecimiento. Con este acuerdo con Visa, facilitamos el acceso a soluciones con inteligencia artificial que transforman la gest<\/em><em>i\u00f3n empresarial y promueven la inclusi\u00f3n digital en la regi\u00f3n<\/em>\u201d.<\/p>\n\n\n\n<p>La alianza contempla beneficios exclusivos para nuevos usuarios de&nbsp;<em>Visa Negocios<\/em>&nbsp;en todos los pa\u00edses donde opera Alegra.com. Adem\u00e1s, abre la puerta a futuras colaboraciones conjuntas orientadas a la educaci\u00f3n financiera, la inclusi\u00f3n digital y la innovaci\u00f3n en el ecosistema empresarial latinoamericano.<\/p>\n\n\n\n<p><\/p>\n","protected":false},"excerpt":{"rendered":"<p>Am\u00e9rica Latina alberga m\u00e1s de 11 millones de peque\u00f1as y medianas empresas (pymes), que representan el 99% del tejido empresarial y generan m\u00e1s del 60% del empleo formal, seg\u00fan la Comisi\u00f3n Econ\u00f3mica para Am\u00e9rica Latina y el Caribe (2024). Sin embargo, la digitalizaci\u00f3n y la adopci\u00f3n de nuevas tecnolog\u00edas contin\u00faan siendo un reto para su&#8230;<\/p>\n","protected":false},"author":5,"featured_media":0,"comment_status":"closed","ping_status":"closed","sticky":false,"template":"","format":"standard","meta":{"_FSMCFIC_featured_image_caption":"","_FSMCFIC_featured_image_nocaption":"","_FSMCFIC_featured_image_hide":"","footnotes":""},"categories":[21],"tags":[],"class_list":["post-17290","post","type-post","status-publish","format-standard","hentry","category-destacados"],"_links":{"self":[{"href":"https:\/\/economiaconedmer.com\/economiaenserio\/wp-json\/wp\/v2\/posts\/17290","targetHints":{"allow":["GET"]}}],"collection":[{"href":"https:\/\/economiaconedmer.com\/economiaenserio\/wp-json\/wp\/v2\/posts"}],"about":[{"href":"https:\/\/economiaconedmer.com\/economiaenserio\/wp-json\/wp\/v2\/types\/post"}],"author":[{"embeddable":true,"href":"https:\/\/economiaconedmer.com\/economiaenserio\/wp-json\/wp\/v2\/users\/5"}],"replies":[{"embeddable":true,"href":"https:\/\/economiaconedmer.com\/economiaenserio\/wp-json\/wp\/v2\/comments?post=17290"}],"version-history":[{"count":1,"href":"https:\/\/economiaconedmer.com\/economiaenserio\/wp-json\/wp\/v2\/posts\/17290\/revisions"}],"predecessor-version":[{"id":17291,"href":"https:\/\/economiaconedmer.com\/economiaenserio\/wp-json\/wp\/v2\/posts\/17290\/revisions\/17291"}],"wp:attachment":[{"href":"https:\/\/economiaconedmer.com\/economiaenserio\/wp-json\/wp\/v2\/media?parent=17290"}],"wp:term":[{"taxonomy":"category","embeddable":true,"href":"https:\/\/economiaconedmer.com\/economiaenserio\/wp-json\/wp\/v2\/categories?post=17290"},{"taxonomy":"post_tag","embeddable":true,"href":"https:\/\/economiaconedmer.com\/economiaenserio\/wp-json\/wp\/v2\/tags?post=17290"}],"curies":[{"name":"wp","href":"https:\/\/api.w.org\/{rel}","templated":true}]}}