{"id":17168,"date":"2025-09-17T17:59:50","date_gmt":"2025-09-17T22:59:50","guid":{"rendered":"https:\/\/economiaconedmer.com\/economiaenserio\/?p=17168"},"modified":"2025-09-17T18:02:32","modified_gmt":"2025-09-17T23:02:32","slug":"gira-para-sensibilizar-y-visibilizar-el-parkinson","status":"publish","type":"post","link":"https:\/\/economiaconedmer.com\/economiaenserio\/09\/17\/gira-para-sensibilizar-y-visibilizar-el-parkinson\/destacados\/2025\/","title":{"rendered":"Gira para sensibilizar y visibilizar el Parkinson"},"content":{"rendered":"\n<p><strong>Septiembre<\/strong><strong>\u00a017 de 2025.<\/strong>\u00a0Despu\u00e9s del \u00e9xito del lanzamiento \u00a0de su campa\u00f1a en Bogot\u00e1 y Barranquilla como embajadora del Parkinson; la l\u00edder femenina, abogada y notaria Patricia T\u00e9llez Lombana, da continuidad a su gira llegando a Medell\u00edn a mediados de septiembre.\u00a0<\/p>\n\n\n\n<p>El objetivo es claro y se trata de tocar los corazones de las personas, entidades y comunidad en general dando visibilidad a esta enfermedad desde la experiencia propia de la embajadora. Combatir los mitos y &nbsp;creencias falsas que se han generado desde el desconocimiento acerca del Parkinson permite que se cree sensibilidad y que el tema se ponga en la agenda de todos.<\/p>\n\n\n\n<p>Apoyada en los medios de comunicaci\u00f3n, quienes de una manera abierta y solidar\u00eda se han sumado a esta campa\u00f1a; Patricia T\u00e9llez Lombana ha iniciado un proceso y tarea ardua por su cuenta resaltando la importancia de dar visibilidad a esta condici\u00f3n desde lo humano. Desde el 23 de septiembre estar\u00e1 en Medell\u00edn, ciudad que como todas en Colombia, no cuenta con cifras exactas, ni un c\u00e1lculo de cu\u00e1ntas personas del total de habitantes est\u00e1n en esta condici\u00f3n.&nbsp;<\/p>\n\n\n\n<p>En el contexto nacional se estima que en Colombia hay m\u00e1s de 220.000 personas con la enfermedad, la ausencia de un registro nacional y la falta de estudios regionales o locales acerca de enfermedades neurol\u00f3gicas hace que sea imposible saber d\u00f3nde est\u00e1n y cu\u00e1ntos son los pacientes.<\/p>\n\n\n\n<p>Otra de las razones para que no existan cifras reales es el diagn\u00f3stico tard\u00edo y la falta de informaci\u00f3n, uno de los objetivos importantes es generar conciencia acerca de la importancia de la creaci\u00f3n de una ley en espec\u00edfico para el Parkinson que permita crear una ruta sino que, trabaje en comunidad para que los pasos que se den desde el diagn\u00f3stico temprano sean acertados.&nbsp;<\/p>\n\n\n\n<p>\u201cEs por esto que hago una seria invitaci\u00f3n a poner la mirada en la creaci\u00f3n y evoluci\u00f3n de una ley en espec\u00edfico que dentro de los puntos clave, incluya no solo ese diagn\u00f3stico, que hoy en d\u00eda se da con gran dificultad, sino que tambi\u00e9n permita que el proceso y &nbsp;la atenci\u00f3n sea \u00f3ptima, es decir se cree una ruta de atenci\u00f3n id\u00f3nea\u201d afirma Patricia T\u00e9llez Lombana embajadora del Parkinson.<\/p>\n\n\n\n<p>A trav\u00e9s de estas entrevistas la campa\u00f1a busca hacer un llamado a la comunidad en general para romper los mitos de esta enfermedad a\u00fan cargada de estigmas, silencios y exclusiones; \u201cMi cuerpo tiembla unas veces y otras se pone r\u00edgido, sin embargo mi alma siente la firme fortaleza de encontrar esos espacios por todas las personas que viven &nbsp;con Parkinson y no tienen a\u00fan un espacio para ser escuchados con dignidad.&nbsp;<\/p>\n","protected":false},"excerpt":{"rendered":"<p>Septiembre\u00a017 de 2025.\u00a0Despu\u00e9s del \u00e9xito del lanzamiento \u00a0de su campa\u00f1a en Bogot\u00e1 y Barranquilla como embajadora del Parkinson; la l\u00edder femenina, abogada y notaria Patricia T\u00e9llez Lombana, da continuidad a su gira llegando a Medell\u00edn a mediados de septiembre.\u00a0 El objetivo es claro y se trata de tocar los corazones de las personas, entidades y&#8230;<\/p>\n","protected":false},"author":5,"featured_media":17170,"comment_status":"closed","ping_status":"closed","sticky":false,"template":"","format":"standard","meta":{"_FSMCFIC_featured_image_caption":"","_FSMCFIC_featured_image_nocaption":"","_FSMCFIC_featured_image_hide":"","footnotes":""},"categories":[21],"tags":[],"class_list":["post-17168","post","type-post","status-publish","format-standard","has-post-thumbnail","hentry","category-destacados"],"_links":{"self":[{"href":"https:\/\/economiaconedmer.com\/economiaenserio\/wp-json\/wp\/v2\/posts\/17168","targetHints":{"allow":["GET"]}}],"collection":[{"href":"https:\/\/economiaconedmer.com\/economiaenserio\/wp-json\/wp\/v2\/posts"}],"about":[{"href":"https:\/\/economiaconedmer.com\/economiaenserio\/wp-json\/wp\/v2\/types\/post"}],"author":[{"embeddable":true,"href":"https:\/\/economiaconedmer.com\/economiaenserio\/wp-json\/wp\/v2\/users\/5"}],"replies":[{"embeddable":true,"href":"https:\/\/economiaconedmer.com\/economiaenserio\/wp-json\/wp\/v2\/comments?post=17168"}],"version-history":[{"count":1,"href":"https:\/\/economiaconedmer.com\/economiaenserio\/wp-json\/wp\/v2\/posts\/17168\/revisions"}],"predecessor-version":[{"id":17169,"href":"https:\/\/economiaconedmer.com\/economiaenserio\/wp-json\/wp\/v2\/posts\/17168\/revisions\/17169"}],"wp:featuredmedia":[{"embeddable":true,"href":"https:\/\/economiaconedmer.com\/economiaenserio\/wp-json\/wp\/v2\/media\/17170"}],"wp:attachment":[{"href":"https:\/\/economiaconedmer.com\/economiaenserio\/wp-json\/wp\/v2\/media?parent=17168"}],"wp:term":[{"taxonomy":"category","embeddable":true,"href":"https:\/\/economiaconedmer.com\/economiaenserio\/wp-json\/wp\/v2\/categories?post=17168"},{"taxonomy":"post_tag","embeddable":true,"href":"https:\/\/economiaconedmer.com\/economiaenserio\/wp-json\/wp\/v2\/tags?post=17168"}],"curies":[{"name":"wp","href":"https:\/\/api.w.org\/{rel}","templated":true}]}}