{"id":17162,"date":"2025-09-17T17:08:03","date_gmt":"2025-09-17T22:08:03","guid":{"rendered":"https:\/\/economiaconedmer.com\/economiaenserio\/?p=17162"},"modified":"2025-09-17T17:42:03","modified_gmt":"2025-09-17T22:42:03","slug":"dia-de-los-residuos-el-paisenfrenta-el-reto-de-24-millones-de-toneladas-al-ano","status":"publish","type":"post","link":"https:\/\/economiaconedmer.com\/economiaenserio\/09\/17\/dia-de-los-residuos-el-paisenfrenta-el-reto-de-24-millones-de-toneladas-al-ano\/muy_sano\/2025\/","title":{"rendered":"D\u00eda de los Residuos: el pa\u00eds enfrenta el reto de 24 millones de toneladas al a\u00f1o\u00a0"},"content":{"rendered":"\n<p><strong>Bogot\u00e1, 17 de septiembre de 2025.<\/strong>\u00a0Colombia produce cada a\u00f1o alrededor de\u00a024 millones de toneladas de residuos.\u00a0En este contexto,\u00a074.313 recicladores de oficio\u00a0cumplen un rol clave en la econom\u00eda circular al rescatar materiales que, de no ser recuperados, terminar\u00edan en rellenos sanitarios. Sin embargo, la mayor\u00eda de ellos desarrollan esta labor en condiciones precarias, sin acceso a salud, seguridad laboral ni herramientas b\u00e1sicas.\u00a0<\/p>\n\n\n\n<p>En el marco del\u00a0D\u00eda Mundial de los Residuos, que se conmemora el 22 de septiembre, su papel cobra especial relevancia: los recicladores son actores invisibles en la cadena de la econom\u00eda circular, pero fundamentales para evitar que toneladas de desechos lleguen a rellenos sanitarios que hoy se encuentran cerca de su l\u00edmite de capacidad.<\/p>\n\n\n\n<p>La situaci\u00f3n refleja una tendencia regional: en\u00a0Am\u00e9rica Latina y el Caribe las tasas de reciclaje se mantienen en torno al 4 %,\u00a0muy lejos de los avances en Europa, donde en las \u00faltimas dos d\u00e9cadas se pas\u00f3 del 33 % al 49 %, de acuerdo a datos del Foro Econ\u00f3mico Mundial.<\/p>\n\n\n\n<p><em>\u201cEl reciclaje ya no es una acci\u00f3n aislada, sino un eje estrat\u00e9gico para las compa\u00f1\u00edas que buscan competitividad y sostenibilidad. Desde Tork realizamos un seguimiento permanente de nuestras emisiones y procesos para identificar oportunidades de mejora. Nuestro prop\u00f3sito es avanzar hacia modelos productivos que reduzcan el impacto ambiental y fortalezcan la cultura del reciclaje en todas las etapas de la cadena de valor\u201d,<\/em>\u00a0destac\u00f3\u00a0Felipe G\u00f3mez, director de negocios en TORK Colombia.<\/p>\n\n\n\n<p>En esa l\u00ednea, el\u00a0Estudio de Sostenibilidad Empresarial 2024 de Deloitte\u00a0revela que el\u00a085 % de los l\u00edderes empresariales\u00a0han aumentado las\u00a0inversiones en sostenibilidad en el \u00faltimo a\u00f1o como parte de su estrategia para mitigar el impacto ambiental.<\/p>\n\n\n\n<p><strong>Aportes del sector privado a la econom\u00eda circular<\/strong><\/p>\n\n\n\n<p>TORK\u00ae, antes Familia Institucional, ha liderado en Colombia y Latinoam\u00e9rica diferentes iniciativas para dignificar la labor de los recicladores y fortalecer los modelos de reciclaje empresarial, entre ellas destacan:<\/p>\n\n\n\n<ul class=\"wp-block-list\">\n<li>Recuperaci\u00f3n del 95 % de los residuos en la planta de Cajic\u00e1, con la meta de alcanzar el 100 % de reutilizaci\u00f3n para 2030.<\/li>\n<\/ul>\n\n\n\n<ul class=\"wp-block-list\">\n<li>Reutilizaci\u00f3n total del lodo papelero como compostaje, en alianza con ladrilleras, evitando as\u00ed su disposici\u00f3n en rellenos sanitarios.<\/li>\n<\/ul>\n\n\n\n<ul class=\"wp-block-list\">\n<li>Recuperaci\u00f3n de m\u00e1s de 6.000 dispensadores en Latinoam\u00e9rica, con 1.700 unidades restauradas en 2024; los no reutilizables se transforman en materia prima para nuevos productos de higiene.<\/li>\n<\/ul>\n\n\n\n<p><strong>Casos de innovaci\u00f3n: del vaso rojo a la higiene<\/strong><\/p>\n\n\n\n<p>Los avances en la reducci\u00f3n de residuos han sido posibles gracias a proyectos que integran\u00a0<strong>innovaci\u00f3n y sostenibilidad<\/strong>. Un ejemplo destacado es el piloto desarrollado por\u00a0TORK en Colombia en alianza con Juan Valdez, orientado a transformar los tradicionales vasos rojos de la marca cafetera en productos de higiene.<\/p>\n\n\n\n<p>Solo en 2024, esta iniciativa permiti\u00f3\u00a0recuperar m\u00e1s de 797 kilos de cart\u00f3n y 262 kilos de vasos con recubrimiento Polyboard, demostrando que los residuos pueden reincorporarse a la cadena productiva y convertirse en recursos de valor.<\/p>\n\n\n\n<p><strong>Salud visual: apuesta por la seguridad de los recicladores<\/strong><\/p>\n\n\n\n<p>De forma complementaria, en los \u00faltimos dos a\u00f1os, la compa\u00f1\u00eda y la\u00a0Fundaci\u00f3n Grupo Familia\u00a0han liderado\u00a0cinco jornadas de salud visual\u00a0en ciudades como Cajic\u00e1, Bogot\u00e1, Barranquilla, Cartagena, Santa Marta y Medell\u00edn, beneficiando a m\u00e1s de\u00a0180 recicladores.<\/p>\n\n\n\n<p>La estrategia, realizada en alianza con la Cl\u00ednica de Optometr\u00eda de la Universidad de La Salle y la Fundaci\u00f3n Oftalmol\u00f3gica del Caribe, permiti\u00f3 entregar gafas formuladas a quienes lo necesitaban. Esto reduce riesgos laborales, mejora la clasificaci\u00f3n de materiales y evita el uso de gafas inadecuadas encontradas entre los residuos.<\/p>\n","protected":false},"excerpt":{"rendered":"<p>Bogot\u00e1, 17 de septiembre de 2025.\u00a0Colombia produce cada a\u00f1o alrededor de\u00a024 millones de toneladas de residuos.\u00a0En este contexto,\u00a074.313 recicladores de oficio\u00a0cumplen un rol clave en la econom\u00eda circular al rescatar materiales que, de no ser recuperados, terminar\u00edan en rellenos sanitarios. Sin embargo, la mayor\u00eda de ellos desarrollan esta labor en condiciones precarias, sin acceso a&#8230;<\/p>\n","protected":false},"author":5,"featured_media":17164,"comment_status":"closed","ping_status":"closed","sticky":false,"template":"","format":"standard","meta":{"_FSMCFIC_featured_image_caption":"","_FSMCFIC_featured_image_nocaption":"","_FSMCFIC_featured_image_hide":"","footnotes":""},"categories":[17],"tags":[],"class_list":["post-17162","post","type-post","status-publish","format-standard","has-post-thumbnail","hentry","category-muy_sano"],"_links":{"self":[{"href":"https:\/\/economiaconedmer.com\/economiaenserio\/wp-json\/wp\/v2\/posts\/17162","targetHints":{"allow":["GET"]}}],"collection":[{"href":"https:\/\/economiaconedmer.com\/economiaenserio\/wp-json\/wp\/v2\/posts"}],"about":[{"href":"https:\/\/economiaconedmer.com\/economiaenserio\/wp-json\/wp\/v2\/types\/post"}],"author":[{"embeddable":true,"href":"https:\/\/economiaconedmer.com\/economiaenserio\/wp-json\/wp\/v2\/users\/5"}],"replies":[{"embeddable":true,"href":"https:\/\/economiaconedmer.com\/economiaenserio\/wp-json\/wp\/v2\/comments?post=17162"}],"version-history":[{"count":2,"href":"https:\/\/economiaconedmer.com\/economiaenserio\/wp-json\/wp\/v2\/posts\/17162\/revisions"}],"predecessor-version":[{"id":17165,"href":"https:\/\/economiaconedmer.com\/economiaenserio\/wp-json\/wp\/v2\/posts\/17162\/revisions\/17165"}],"wp:featuredmedia":[{"embeddable":true,"href":"https:\/\/economiaconedmer.com\/economiaenserio\/wp-json\/wp\/v2\/media\/17164"}],"wp:attachment":[{"href":"https:\/\/economiaconedmer.com\/economiaenserio\/wp-json\/wp\/v2\/media?parent=17162"}],"wp:term":[{"taxonomy":"category","embeddable":true,"href":"https:\/\/economiaconedmer.com\/economiaenserio\/wp-json\/wp\/v2\/categories?post=17162"},{"taxonomy":"post_tag","embeddable":true,"href":"https:\/\/economiaconedmer.com\/economiaenserio\/wp-json\/wp\/v2\/tags?post=17162"}],"curies":[{"name":"wp","href":"https:\/\/api.w.org\/{rel}","templated":true}]}}