{"id":17134,"date":"2025-09-16T19:38:24","date_gmt":"2025-09-17T00:38:24","guid":{"rendered":"https:\/\/economiaconedmer.com\/economiaenserio\/?p=17134"},"modified":"2025-09-16T19:38:49","modified_gmt":"2025-09-17T00:38:49","slug":"el-20-y-21-de-septiembre-feria-de-vivienda-compensar-en-bogota","status":"publish","type":"post","link":"https:\/\/economiaconedmer.com\/economiaenserio\/09\/16\/el-20-y-21-de-septiembre-feria-de-vivienda-compensar-en-bogota\/el_bolsillo\/2025\/","title":{"rendered":"20 y 21 de septiembre, Feria de Vivienda Compensar, en Bogot\u00e1"},"content":{"rendered":"\n<p><strong>Bogot\u00e1, septiembre 16 de 2025<\/strong>. Alcanzar el sue\u00f1o de tener vivienda propia contin\u00faa siendo una de las principales metas de los hogares colombianos. Pues, entre enero y mayo de este a\u00f1o las ventas de vivienda nueva aumentaron 47,5 % frente al mismo periodo de 2024, seg\u00fan un reportede<em>\u00a0Ciencuadras,<\/em>\u00a0consolid\u00e1ndose como uno de los sectores con mayor dinamismo econ\u00f3mico. Adem\u00e1s, la demanda de casas pas\u00f3 del 12,6 % al 21,8 %, especialmente por parte de compradores j\u00f3venes. En particular, la Vivienda de Inter\u00e9s Social (VIS) registr\u00f3 un crecimiento del 71,9 % en unidades vendidas y el segmento No VIS aument\u00f3 20 %<strong>.<\/strong>\u00a0Este repunte se ha generado gracias a diferentes medidas, como subsidios, cr\u00e9ditos con condiciones especiales para diferentes poblaciones y la reducci\u00f3n en las tasas de inter\u00e9s de los cr\u00e9ditos hipotecarios.<\/p>\n\n\n\n<p>Bajo este contexto, y con el prop\u00f3sito de seguir facilitando el acceso a la vivienda,\u00a0Compensar llevar\u00e1 a cabo la segunda edici\u00f3n del a\u00f1o de su \u201cFeria de Vivienda 2025\u201d,\u00a0el s\u00e1bado 20 y domingo 21 de septiembre, en la Plaza de Eventos de Compensar (Av. 68), de 9:00 a. m. a 6:00 p. m. en jornada continua. El encuentro ofrecer\u00e1 en un solo lugar las mejores oportunidades del mercado inmobiliario, con opciones adaptadas a las necesidades de miles de familias, que incluyen alternativas de ahorro, cr\u00e9dito y subsidios. Adem\u00e1s, como es usual, el domingo realizar\u00e1 el\u00a0Madrug\u00f3n de la Feria de Vivienda, de 8:00 a. m. a 9:00 a. m., un espacio exclusivo para separar inmuebles con promociones y descuentos especiales.<\/p>\n\n\n\n<p><em>\u201cCon mucho entusiasmo invitamos a la ciudadan\u00eda a participar en esta nueva edici\u00f3n, en la que podr\u00e1n conocer m\u00e1s de 60 proyectos de vivienda de m\u00e1s de 15 constructoras aliadas y de la Caja. Este a\u00f1o ya hemos acompa\u00f1ado a las familias en la compra de 1.508 unidades de vivienda de los proyectos de Compensar, pues tenemos el firme compromiso de facilitar el acceso a este sue\u00f1o. Por eso, queremos estar a su lado en este camino, ofreciendo beneficios concretos y la seguridad de contar con aliados que hacen de este prop\u00f3sito una realidad posible<\/em>\u201d, asegur\u00f3\u00a0Adriana Bustos, Coordinadora de Vivienda de Compensar.<\/p>\n\n\n\n<p>El evento contar\u00e1 con la participaci\u00f3n de reconocidas constructoras como Ingeurbe, Amarilo, Bol\u00edvar, Capital, Marval, entre otras, adem\u00e1s del apoyo del Fondo Nacional del Ahorro y AV Villas. Adicionalmente, incluir\u00e1 un ciclo de charlas y talleres sobre temas clave para los interesados en adquirir vivienda, entre ellas:\u00a0\u201cABC del Subsidio de Vivienda\u201d, con especialistas de Compensar;\u00a0\u201cMitos y verdades de la vida crediticia\u201d, de DataCr\u00e9dito;\u00a0\u201cConvivencia inteligente: claves para entender la Propiedad Horizontal\u201d, de Desarrollo Social;\u00a0\u201cY la casa pa\u2019 cu\u00e1ndo\u201d, con la conferencista Mabel Quintero; as\u00ed como\u00a0\u201cBeneficios y diferenciales del Fondo Nacional\u201d, del Fondo Nacional del Ahorro;\u00a0\u201cConoce los subsidios de la Secretar\u00eda que te acercan a tu vivienda\u201d, de la Secretar\u00eda del H\u00e1bitat; y\u00a0\u201cPasos para comprar vivienda desde el exterior\u201d, con Quick House.<\/p>\n\n\n\n<p><\/p>\n","protected":false},"excerpt":{"rendered":"<p>Bogot\u00e1, septiembre 16 de 2025. Alcanzar el sue\u00f1o de tener vivienda propia contin\u00faa siendo una de las principales metas de los hogares colombianos. Pues, entre enero y mayo de este a\u00f1o las ventas de vivienda nueva aumentaron 47,5 % frente al mismo periodo de 2024, seg\u00fan un reportede\u00a0Ciencuadras,\u00a0consolid\u00e1ndose como uno de los sectores con mayor&#8230;<\/p>\n","protected":false},"author":5,"featured_media":17135,"comment_status":"closed","ping_status":"closed","sticky":false,"template":"","format":"standard","meta":{"_FSMCFIC_featured_image_caption":"","_FSMCFIC_featured_image_nocaption":"","_FSMCFIC_featured_image_hide":"","footnotes":""},"categories":[2],"tags":[],"class_list":["post-17134","post","type-post","status-publish","format-standard","has-post-thumbnail","hentry","category-el_bolsillo"],"_links":{"self":[{"href":"https:\/\/economiaconedmer.com\/economiaenserio\/wp-json\/wp\/v2\/posts\/17134","targetHints":{"allow":["GET"]}}],"collection":[{"href":"https:\/\/economiaconedmer.com\/economiaenserio\/wp-json\/wp\/v2\/posts"}],"about":[{"href":"https:\/\/economiaconedmer.com\/economiaenserio\/wp-json\/wp\/v2\/types\/post"}],"author":[{"embeddable":true,"href":"https:\/\/economiaconedmer.com\/economiaenserio\/wp-json\/wp\/v2\/users\/5"}],"replies":[{"embeddable":true,"href":"https:\/\/economiaconedmer.com\/economiaenserio\/wp-json\/wp\/v2\/comments?post=17134"}],"version-history":[{"count":2,"href":"https:\/\/economiaconedmer.com\/economiaenserio\/wp-json\/wp\/v2\/posts\/17134\/revisions"}],"predecessor-version":[{"id":17137,"href":"https:\/\/economiaconedmer.com\/economiaenserio\/wp-json\/wp\/v2\/posts\/17134\/revisions\/17137"}],"wp:featuredmedia":[{"embeddable":true,"href":"https:\/\/economiaconedmer.com\/economiaenserio\/wp-json\/wp\/v2\/media\/17135"}],"wp:attachment":[{"href":"https:\/\/economiaconedmer.com\/economiaenserio\/wp-json\/wp\/v2\/media?parent=17134"}],"wp:term":[{"taxonomy":"category","embeddable":true,"href":"https:\/\/economiaconedmer.com\/economiaenserio\/wp-json\/wp\/v2\/categories?post=17134"},{"taxonomy":"post_tag","embeddable":true,"href":"https:\/\/economiaconedmer.com\/economiaenserio\/wp-json\/wp\/v2\/tags?post=17134"}],"curies":[{"name":"wp","href":"https:\/\/api.w.org\/{rel}","templated":true}]}}