{"id":17128,"date":"2025-09-16T06:49:51","date_gmt":"2025-09-16T11:49:51","guid":{"rendered":"https:\/\/economiaconedmer.com\/economiaenserio\/?p=17128"},"modified":"2025-09-16T19:27:32","modified_gmt":"2025-09-17T00:27:32","slug":"abb-presenta-soluciones-tecnologicas-al-sector-de-petroleo-gas-y-energia","status":"publish","type":"post","link":"https:\/\/economiaconedmer.com\/economiaenserio\/09\/16\/abb-presenta-soluciones-tecnologicas-al-sector-de-petroleo-gas-y-energia\/digital\/2025\/","title":{"rendered":"ABB\u00a0presenta soluciones\u00a0tecnol\u00f3gicas\u00a0al sector\u00a0de petr\u00f3leo, gas y energ\u00eda"},"content":{"rendered":"\n<p><strong>Bogot\u00e1, septiembre 15 de 2025. <\/strong>Con un prop\u00f3sito enfocado en contribuir a la aceleraci\u00f3n en la transici\u00f3n energ\u00e9tica en Colombia, ABB, l\u00edder global en electrificaci\u00f3n, automatizaci\u00f3n y digitalizaci\u00f3n industrial, participa de del Congreso colombiano de petr\u00f3leo, energ\u00eda y gas organizado por la asociaci\u00f3n colombiana de ingenieros de petr\u00f3leos (ACIPET), que se realizar\u00e1 del 16 al 18 de septiembre en el centro de convenciones Puerta de Oro de la ciudad de Barranquilla, siendo este uno de los eventos m\u00e1s importantes del sector en el pa\u00eds. Este espacio es una oportunidad para ABB como vitrina para mostrar sus innovaciones tecnol\u00f3gicas, orientadas a llevar sustentablemente m\u00e1s all\u00e1 los l\u00edmites productivos de las empresas del sector del petr\u00f3leo, gas y energ\u00eda. Adicionalmente, este evento ofrece una agenda \u00fanica, que incluye la presentaci\u00f3n de trabajos t\u00e9cnicos, conferencias magistrales, foros, paneles y seminarios; y que adicionalmente otorga un espacio de rueda de negocios para la promoci\u00f3n de nuevas alianzas y colaboraciones entre compa\u00f1\u00edas que buscan y ofrecen soluciones, entre las cuales ABB es protagonista.<\/p>\n\n\n\n<p>Para 2030, el&nbsp;<a rel=\"noreferrer noopener\" target=\"_blank\" href=\"https:\/\/urldefense.com\/v3\/__https:\/www.minambiente.gov.co\/colombia-esta-comprometida-con-la-accion-climatica-global-ministro-de-ambiente\/*:*:text=agosto*209*2C*202021-,**BColombia*20est**B20comprometida*20con*20la*20acci**An*20clim**Atica*20global**B:*20Ministro,ambientales*20m**As*20ambiciosas*20del*20mundo.__;I34lJSXigJwlw6ElJSUlw7Mlw6El4oCdJSXDoSUlJQ!!N96JrnIq8IfO5w!kQ2RuQNEx0e1sZv86H6qb0iCoqPjTtguxX_WQvy7JWEFSyaT5MHGrYZg0t75BUK5-V4oExZaHUeAZwgwTzkWWg3MazyhSlZqag$%20\/o%20https:\/\/urldefense.com\/v3\/__https:\/\/www.minambiente.gov.co\/colombia-esta-comprometida-con-la-accion-climatica-global-ministro-de-ambiente\/*:*:text=agosto*209*2C*202021-,**BColombia*20est**B20comprometida*20con*20la*20acci**An*20clim**Atica*20global**B:*20Ministro,ambientales*20m**As*20ambiciosas*20del*20mundo.__;I34lJSXigJwlw6ElJSUlw7Mlw6El4oCdJSXDoSUlJQ!!N96JrnIq8IfO5w!kQ2RuQNEx0e1sZv86H6qb0iCoqPjTtguxX_WQvy7JWEFSyaT5MHGrYZg0t75BUK5-V4oExZaHUeAZwgwTzkWWg3MazyhSlZqag$\">Ministerio de Ambiente de Colombia<\/a>&nbsp;se propuso la meta de reducir en un 51% las emisiones de gases de efecto invernadero y lograr que m\u00e1s del 50% del consumo energ\u00e9tico en el pa\u00eds provenga de fuentes limpias (*). Para contribuir con este objetivo, ABB presenta en el Congreso organizado por la ACIPET un&nbsp;portafolio de soluciones avanzadas de sus unidades de negocio:&nbsp;Electrification&nbsp;(EL),&nbsp;Motion&nbsp;(MO),&nbsp;ProcessAutomation&nbsp;Energy Industries (PAEN) y&nbsp;Process&nbsp;Automation&nbsp;Measurement&amp;&nbsp;Analytics&nbsp;(PAMA), dise\u00f1adas para acelerar la transici\u00f3n hacia un modelo energ\u00e9tico m\u00e1s sostenible, seguro y eficiente.&nbsp;El enfoque en sostenibilidad se alinea con su estrategia global \u201cEngineered To Outrun \u2013 leaner and cleaner\u201d, que impulsa la reducci\u00f3n de emisiones y la eficiencia energ\u00e9tica. A nivel global, la compa\u00f1\u00eda ya logr\u00f3 reducir en un 78% sus propias emisiones de Gases de Efecto Invernadero (alcance 1 y 2) respecto de 2019 y, a trav\u00e9s de sus soluciones, ha contribuido a evitar 66 millones de toneladas de emisiones de CO\u2082.<\/p>\n\n\n\n<p><\/p>\n","protected":false},"excerpt":{"rendered":"<p>Bogot\u00e1, septiembre 15 de 2025. Con un prop\u00f3sito enfocado en contribuir a la aceleraci\u00f3n en la transici\u00f3n energ\u00e9tica en Colombia, ABB, l\u00edder global en electrificaci\u00f3n, automatizaci\u00f3n y digitalizaci\u00f3n industrial, participa de del Congreso colombiano de petr\u00f3leo, energ\u00eda y gas organizado por la asociaci\u00f3n colombiana de ingenieros de petr\u00f3leos (ACIPET), que se realizar\u00e1 del 16 al&#8230;<\/p>\n","protected":false},"author":5,"featured_media":17130,"comment_status":"closed","ping_status":"closed","sticky":false,"template":"","format":"standard","meta":{"_FSMCFIC_featured_image_caption":"","_FSMCFIC_featured_image_nocaption":"","_FSMCFIC_featured_image_hide":"","footnotes":""},"categories":[5],"tags":[],"class_list":["post-17128","post","type-post","status-publish","format-standard","has-post-thumbnail","hentry","category-digital"],"_links":{"self":[{"href":"https:\/\/economiaconedmer.com\/economiaenserio\/wp-json\/wp\/v2\/posts\/17128","targetHints":{"allow":["GET"]}}],"collection":[{"href":"https:\/\/economiaconedmer.com\/economiaenserio\/wp-json\/wp\/v2\/posts"}],"about":[{"href":"https:\/\/economiaconedmer.com\/economiaenserio\/wp-json\/wp\/v2\/types\/post"}],"author":[{"embeddable":true,"href":"https:\/\/economiaconedmer.com\/economiaenserio\/wp-json\/wp\/v2\/users\/5"}],"replies":[{"embeddable":true,"href":"https:\/\/economiaconedmer.com\/economiaenserio\/wp-json\/wp\/v2\/comments?post=17128"}],"version-history":[{"count":1,"href":"https:\/\/economiaconedmer.com\/economiaenserio\/wp-json\/wp\/v2\/posts\/17128\/revisions"}],"predecessor-version":[{"id":17129,"href":"https:\/\/economiaconedmer.com\/economiaenserio\/wp-json\/wp\/v2\/posts\/17128\/revisions\/17129"}],"wp:featuredmedia":[{"embeddable":true,"href":"https:\/\/economiaconedmer.com\/economiaenserio\/wp-json\/wp\/v2\/media\/17130"}],"wp:attachment":[{"href":"https:\/\/economiaconedmer.com\/economiaenserio\/wp-json\/wp\/v2\/media?parent=17128"}],"wp:term":[{"taxonomy":"category","embeddable":true,"href":"https:\/\/economiaconedmer.com\/economiaenserio\/wp-json\/wp\/v2\/categories?post=17128"},{"taxonomy":"post_tag","embeddable":true,"href":"https:\/\/economiaconedmer.com\/economiaenserio\/wp-json\/wp\/v2\/tags?post=17128"}],"curies":[{"name":"wp","href":"https:\/\/api.w.org\/{rel}","templated":true}]}}