{"id":17126,"date":"2025-09-15T21:42:21","date_gmt":"2025-09-16T02:42:21","guid":{"rendered":"https:\/\/economiaconedmer.com\/economiaenserio\/?p=17126"},"modified":"2025-09-15T21:42:21","modified_gmt":"2025-09-16T02:42:21","slug":"desafios-de-la-transicion-sostenible-de-empresas","status":"publish","type":"post","link":"https:\/\/economiaconedmer.com\/economiaenserio\/09\/15\/desafios-de-la-transicion-sostenible-de-empresas\/destacados\/2025\/","title":{"rendered":"Desaf\u00edos de la transici\u00f3n sostenible de empresas"},"content":{"rendered":"\n<p><strong>Medell\u00edn, septiembre 15 e 2025.<\/strong>\u00a0M\u00e1s de 25 empresas y entidades t\u00e9cnicas\u00a0participaron en la Mesa de Trabajo y Networking Empresarial en Sostenibilidad\u00a0de Medell\u00edn, un espacio que dej\u00f3 sobre la mesa los principales desaf\u00edos y l\u00edneas de acci\u00f3n para acelerar la transici\u00f3n hacia modelos m\u00e1s sostenibles en la regi\u00f3n.<\/p>\n\n\n\n<p>La jornada, realizada en las instalaciones de Alico S.A.S. BIC y moderada por Armando Russi,&nbsp;gerente&nbsp;de sostenibilidad de AJE y presidente ejecutivo de la C\u00e1mara Internacional de Negocios Clim\u00e1ticos (CINC), permiti\u00f3 identificar los&nbsp;5&nbsp;retos m\u00e1s cr\u00edticos que enfrentan hoy las empresas:<\/p>\n\n\n\n<p>\u2022&nbsp;<strong>Desfase entre infraestructura y regulaci\u00f3n:<\/strong>&nbsp;la velocidad de la legislaci\u00f3n supera la capacidad t\u00e9cnica de la industria para responder.<\/p>\n\n\n\n<p>\u2022&nbsp;<strong>Escasez de incentivos reales:<\/strong>&nbsp;se requieren est\u00edmulos tributarios que garanticen la competitividad de los modelos circulares y el uso de energ\u00edas limpias.<\/p>\n\n\n\n<p>\u2022&nbsp;<strong>Cadenas de recolecci\u00f3n insuficientes:<\/strong>&nbsp;urge fortalecer y formalizar a los prestadores de servicios de recolecci\u00f3n y clasificaci\u00f3n de materiales.<\/p>\n\n\n\n<p>\u2022&nbsp;<strong>Baja cultura ambiental en consumidores:<\/strong>&nbsp;persiste un desconocimiento del costo real del reciclaje y del valor de los productos con atributos ambientales.<\/p>\n\n\n\n<p>\u2022&nbsp;<strong>Resistencia a la innovaci\u00f3n:<\/strong>&nbsp;equipos y procesos productivos a\u00fan muestran baja capacidad de adaptaci\u00f3n a nuevas tecnolog\u00edas.<\/p>\n\n\n\n<p>Durante el encuentro, los asistentes coincidieron en&nbsp;que es necesario&nbsp;promover&nbsp;conocimiento a l\u00edderes&nbsp;de sostenibilidad, l\u00edderes&nbsp;financieros y CEO,&nbsp;para&nbsp;que comprendan el valor estrat\u00e9gico de la sostenibilidad y la circularidad para el mediano y largo plazo de sus organizaciones.&nbsp;Esto debido a que los indicadores de sostenibilidad deben integrarse mejor con la informaci\u00f3n financiera y operativa para tomar decisiones m\u00e1s acertadas y con respaldo en datos.<\/p>\n\n\n\n<p>La jornada&nbsp;evidenci\u00f3 la importancia de un mayor acompa\u00f1amiento gremial y estatal para traer tecnolog\u00edas m\u00e1s eficientes al pa\u00eds y promover pol\u00edticas que impulsen una verdadera econom\u00eda ambiental.&nbsp;Los participantes advirtieron que la industria nacional enfrenta limitaciones de inversi\u00f3n, lo que exige acciones en materia de infraestructura e innovaci\u00f3n.<\/p>\n\n\n\n<p>\u201cEl reto no es solo ambiental, sino estrat\u00e9gico. La sostenibilidad debe hablar el lenguaje de la rentabilidad y de la competitividad. Hoy las empresas tenemos que entender que invertir en circularidad, infraestructura y educaci\u00f3n no es un gasto, sino la clave para garantizar&nbsp;permanencia en el mercado y anticipar riesgos regulatorios y financieros\u201d, asegur\u00f3&nbsp;<strong>Armando Russi, gerente de sostenibilidad de AJE<\/strong>.<\/p>\n\n\n\n<p>Tambi\u00e9n se resalt\u00f3 la urgencia&nbsp;de impulsar procesos de educaci\u00f3n y sensibilizaci\u00f3n ciudadana, ya que el consumidor sigue privilegiando el precio por encima de atributos ambientales o sociales. En este sentido, se plante\u00f3 la importancia de aclarar los conceptos asociados a los empaques reciclados o reciclables, que en ocasiones generan confusi\u00f3n y afectan la percepci\u00f3n de marca.<\/p>\n\n\n\n<p>Con esta iniciativa, AJE, Alico, Fractal y Circulab ratifican su compromiso con la construcci\u00f3n de soluciones colectivas que fortalezcan la transici\u00f3n empresarial hacia un futuro m\u00e1s responsable y competitivo.<\/p>\n\n\n\n<p><\/p>\n","protected":false},"excerpt":{"rendered":"<p>Medell\u00edn, septiembre 15 e 2025.\u00a0M\u00e1s de 25 empresas y entidades t\u00e9cnicas\u00a0participaron en la Mesa de Trabajo y Networking Empresarial en Sostenibilidad\u00a0de Medell\u00edn, un espacio que dej\u00f3 sobre la mesa los principales desaf\u00edos y l\u00edneas de acci\u00f3n para acelerar la transici\u00f3n hacia modelos m\u00e1s sostenibles en la regi\u00f3n. La jornada, realizada en las instalaciones de Alico&#8230;<\/p>\n","protected":false},"author":5,"featured_media":0,"comment_status":"closed","ping_status":"closed","sticky":false,"template":"","format":"standard","meta":{"_FSMCFIC_featured_image_caption":"","_FSMCFIC_featured_image_nocaption":"","_FSMCFIC_featured_image_hide":"","footnotes":""},"categories":[21],"tags":[],"class_list":["post-17126","post","type-post","status-publish","format-standard","hentry","category-destacados"],"_links":{"self":[{"href":"https:\/\/economiaconedmer.com\/economiaenserio\/wp-json\/wp\/v2\/posts\/17126","targetHints":{"allow":["GET"]}}],"collection":[{"href":"https:\/\/economiaconedmer.com\/economiaenserio\/wp-json\/wp\/v2\/posts"}],"about":[{"href":"https:\/\/economiaconedmer.com\/economiaenserio\/wp-json\/wp\/v2\/types\/post"}],"author":[{"embeddable":true,"href":"https:\/\/economiaconedmer.com\/economiaenserio\/wp-json\/wp\/v2\/users\/5"}],"replies":[{"embeddable":true,"href":"https:\/\/economiaconedmer.com\/economiaenserio\/wp-json\/wp\/v2\/comments?post=17126"}],"version-history":[{"count":1,"href":"https:\/\/economiaconedmer.com\/economiaenserio\/wp-json\/wp\/v2\/posts\/17126\/revisions"}],"predecessor-version":[{"id":17127,"href":"https:\/\/economiaconedmer.com\/economiaenserio\/wp-json\/wp\/v2\/posts\/17126\/revisions\/17127"}],"wp:attachment":[{"href":"https:\/\/economiaconedmer.com\/economiaenserio\/wp-json\/wp\/v2\/media?parent=17126"}],"wp:term":[{"taxonomy":"category","embeddable":true,"href":"https:\/\/economiaconedmer.com\/economiaenserio\/wp-json\/wp\/v2\/categories?post=17126"},{"taxonomy":"post_tag","embeddable":true,"href":"https:\/\/economiaconedmer.com\/economiaenserio\/wp-json\/wp\/v2\/tags?post=17126"}],"curies":[{"name":"wp","href":"https:\/\/api.w.org\/{rel}","templated":true}]}}