{"id":17107,"date":"2025-09-15T21:09:40","date_gmt":"2025-09-16T02:09:40","guid":{"rendered":"https:\/\/economiaconedmer.com\/economiaenserio\/?p=17107"},"modified":"2025-09-15T21:11:22","modified_gmt":"2025-09-16T02:11:22","slug":"gremca-y-su-sindicato-un-modelo-unico-y-sostenible","status":"publish","type":"post","link":"https:\/\/economiaconedmer.com\/economiaenserio\/09\/15\/gremca-y-su-sindicato-un-modelo-unico-y-sostenible\/el_resto\/2025\/","title":{"rendered":"Industria de palma Gremca\u00a0y\u00a0su\u00a0sindicato, un modelo \u00fanico y sostenible\u00a0"},"content":{"rendered":"\n<p><strong>El Copey, Cesar, septiembre de 2025<\/strong>. Rompiendo los mitos de lo imposible, en los municipios de El Copey, Cesar\u00a0y Algarrobo,\u00a0Magdalena, hace treinta a\u00f1os, un grupo de propietarios y trabajadores, aparentemente incompatibles y contra todo pron\u00f3stico, tuvieron la capacidad de despojarse de sus posiciones y paradigmas,\u00a0construyendo\u00a0una visi\u00f3n de futuro compartida, que hoy se materializa en una convenci\u00f3n colectiva por valor de $3.000 millones para la empresa y que le representa dividendos de alrededor de $10 millones al a\u00f1o a los trabajadores-propietarios, cuando hay que repartir utilidades, expres\u00f3 Oscar Cifuentes Vargas, gerente general de Gremca.<\/p>\n\n\n\n<p>Esta&nbsp;sociedad,&nbsp;en la cual el sindicato es due\u00f1o de 20%, genera 400 empleos directos y 250 indirectos&nbsp;y es el resultado de sacar&nbsp;adelante una empresa&nbsp;palmicultora,&nbsp;que estaba en la quiebra,&nbsp;convirti\u00e9ndose en ejemplo&nbsp;de que un sindicato y una compa\u00f1\u00eda s\u00ed se pueden entender cuando se trata de salvar el empleo de la regi\u00f3n y el sustento de numerosas familias.<\/p>\n\n\n\n<p>Este modelo asociativo es&nbsp;una uni\u00f3n sin antecedentes en Colombia y en la que muchos no creyeron,&nbsp;hoy establecido en 8.000 hect\u00e1reas, de las cuales 4.000 son propias y las otras 4.000 corresponden a socios y proveedores.<\/p>\n\n\n\n<p>Desde tiempo atr\u00e1s, en materia de relaciones laborales,&nbsp;los patronos y trabajadores siempre se han considerado opuestos, pero&nbsp;una historia muy distinta fue la que escribieron el sindicato&nbsp;Sintraproaceites&nbsp;y&nbsp;Gremca&nbsp;Agricultura y Energ\u00eda Sostenible S.A., cuando hicieron a un lado&nbsp;la eterna confrontaci\u00f3n entre partes, y en contraste, se dieron a la tarea de trabajar, hombro a hombro,&nbsp;y fortalecer una&nbsp;sociedad que cambiar\u00eda sus vidas.<\/p>\n\n\n\n<p>Apoyado en este modelo de asociatividad, las directivas de Gremca, hicieron una apuesta integral por la sostenibilidad y se dedicaron a conseguir las certificaciones necesarias para ser los primeros, en el mundo, en obtener en 2024,&nbsp;el certificado ISCC Corsia, de acuerdo con el plan de compensaci\u00f3n y reducci\u00f3n de carbono para la aviaci\u00f3n internacional (CORSIA),&nbsp;que habilita a Gremca para la producci\u00f3n de&nbsp;(SAF), \u00abSustainable Aviation Fuels\u00bb,&nbsp;es decir&nbsp;combustible sostenible de aviaci\u00f3n.<\/p>\n\n\n\n<p>Y precisamente por eso, en la ruta de lograr cielos m\u00e1s limpios, en Colombia y en el mundo, se realiz\u00f3 una visita a la plantaci\u00f3n de Gremca por parte de el DG BG (R.A) Jos\u00e9 Henry Pinto, de la Aeron\u00e1utica Civil, quien destac\u00f3 las certificaciones ISCC Corsia y EUDR, claves para producir materias primas y SAF sostenibles, bajos en emisiones.<\/p>\n\n\n\n<p>De igual forma asistieron a esta visita representantes de la Direcci\u00f3n de Hidrocarburos del Ministerio de Minas y Energ\u00eda, quienes manifestaron su apoyo a la iniciativa de descarbonizar los cielos, voceros de la Federaci\u00f3n Nacional de Cultivadores de Palma de Aceite, Fedepalma, quienes consideran que el gremio y el sector palmero, est\u00e1n listos para dar el siguiente paso de trabajar, conjuntamente, con las partes interesadas, para ofrecer el SAF como una oportunidad para alcanzar cielos m\u00e1s verdes en la operaci\u00f3n a\u00e9rea del mundo, y Manuel Juli\u00e1n D\u00e1vila Abondano, presidente y CEO del Grupo Empresarial Daabon, grupo que tiene una participaci\u00f3n accionaria de 20% en Gremca, Pedro Ruano, empresario accionista y Hernando Vergara, Presidente de la Junta de Fedebiocombustibles, entre otros invitados especiales. &nbsp;&nbsp;&nbsp;&nbsp;&nbsp;&nbsp;&nbsp;<\/p>\n\n\n\n<p>El gerente general continu\u00f3 explicando que se trata de un modelo empresarial diferente,&nbsp;fundamentado en&nbsp;un esquema gana-gana de c\u00f3mo las empresas&nbsp;\u201cen lugar de quebrarse&nbsp;o acabarse&nbsp;por un sindicato, son salvadas por \u00e9l y tambi\u00e9n de c\u00f3mo \u201cel agua y el aceite\u201d pueden mezclarse hasta llegar a una f\u00f3rmula donde trabajadores-socios e inversionistas se sientan a la mesa, con car\u00e1cter de propietarios y dolientes de un mismo negocio\u201d.<\/p>\n\n\n\n<p>\u201cEs as\u00ed como en&nbsp;alianza con el sindicato se ha construido una estrategia integral de sostenibilidad,&nbsp;que busca fortalecer los est\u00e1ndares ambientales, sociales y laborales en toda la cadena de valor de la palma de aceite. Esta iniciativa reafirma el compromiso de ambas partes con la justicia social, el trabajo decente y la conservaci\u00f3n del medio ambiente\u201d, expuso el directivo.<\/p>\n\n\n\n<p>&nbsp;\u201cEste plan no solo refleja nuestras metas como empresa, sino tambi\u00e9n nuestra convicci\u00f3n de que la sostenibilidad solo es posible con el respeto pleno a los derechos de los trabajadores y el di\u00e1logo social,\u201d&nbsp;afirm\u00f3 Cifuentes Vargas.<\/p>\n\n\n\n<p>\u201cCreemos en nuestra gente&nbsp;porque&nbsp;genera y comparte valor,&nbsp;desarrolla sus acciones en forma responsable y&nbsp;contribuye efectivamente a la&nbsp;protecci\u00f3n&nbsp;del ambiente,&nbsp;armonizando&nbsp;sus actividades con las comunidades,&nbsp;en la b\u00fasqueda de un bienestar social, econ\u00f3mico y ambiental\u201d.<\/p>\n\n\n\n<p><strong>Generaci\u00f3n de energ\u00edas limpias<\/strong><strong><\/strong><\/p>\n\n\n\n<p>Como parte de la estrategia&nbsp;empresarial y atendiendo los fundamentos de la transici\u00f3n energ\u00e9tica, se han emprendido acciones en los diferentes pilares de la sostenibilidad, como es el caso de la generaci\u00f3n de energ\u00edas limpias.<\/p>\n\n\n\n<p>La compa\u00f1\u00eda fue pionera en la generaci\u00f3n de energ\u00eda a trav\u00e9s del uso de la&nbsp;biomasa,&nbsp;dado que&nbsp;hace m\u00e1s de 30 a\u00f1os cuenta con este sistema que le proporciona 1MW de energ\u00eda para el uso en su proceso industrial,&nbsp;con lo cual &nbsp;asegura la autosuficiencia, da uso&nbsp;eficiente&nbsp;a los residuos y tiene una fuente renovable de generaci\u00f3n energ\u00e9tica.<\/p>\n\n\n\n<p>De igual forma, en&nbsp;febrero de 2024, Gremca inaugur\u00f3&nbsp;la planta de generaci\u00f3n de energ\u00eda a partir de biog\u00e1s,&nbsp;orientada a la mitigaci\u00f3n del cambio clim\u00e1tico y la sostenibilidad de la agroindustria de la palma,&nbsp;generando 1,2 MW de energ\u00eda, reduciendo directamente las emisiones de di\u00f3xido de carbono (CO<sub>2<\/sub>),&nbsp;al a\u00f1o, en&nbsp;30.000 toneladas.<\/p>\n\n\n\n<p>Por otra tambi\u00e9n instal\u00f3 un parque solar, &nbsp;con el cual se producen 2.8 MW, otra contribuci\u00f3n&nbsp;al&nbsp;ambiente,&nbsp;al utilizar esta energ\u00eda renovable&nbsp;que&nbsp;reduce 3.2 toneladas de CO2 al a\u00f1o de&nbsp;Gases de&nbsp;Efecto&nbsp;Invernadero.<\/p>\n\n\n\n<p>Las inversiones realizadas superan los USD $6 millones y son &nbsp;una apuesta responsable que hace la compa\u00f1\u00eda&nbsp;por&nbsp;minimizar los efectos del impacto del cambio clim\u00e1tico, la obtenci\u00f3n de una huella de carbono neutra para la empresa, la diversificaci\u00f3n con&nbsp;fuentes renovables&nbsp;de energ\u00edas limpias,&nbsp;autosuficiencia para atender los procesos productivos y generaci\u00f3n de excedentes para contribuir con &nbsp;suministro&nbsp;a&nbsp;la matriz energ\u00e9tica del pa\u00eds.&nbsp;<\/p>\n\n\n\n<p><strong>C<\/strong><strong>ertificaciones que aumentan posibilidades en mercados externos<\/strong><strong><\/strong><\/p>\n\n\n\n<p>La empresa cuenta con las principales certificaciones en el mundo, que aseguran el cumplimiento de&nbsp;est\u00e1ndares internacionales ambientales, sociales y legales,&nbsp;tales&nbsp;como: &nbsp;<\/p>\n\n\n\n<p>RSPO &nbsp;(<a rel=\"noreferrer noopener\" target=\"_blank\" href=\"https:\/\/www.google.com\/search?client=safari&amp;sca_esv=cb1e697b99ad7555&amp;rls=en&amp;q=Mesa+Redonda+sobre+Aceite+de+Palma+Sostenible&amp;sa=X&amp;ved=2ahUKEwjP__vlndGPAxVATDABHcgSDKMQxccNegQILRAB&amp;mstk=AUtExfADEmRYi24DCWjTWqRa8L2zMkwGFy_tOSp9DMd3PyXvohc3TAz4fH21trK65mvIKs_R9ncfdiTrti4ZwNYNl5vtcVvZJO5mQr8-ys3NmN3Tp89hH9kF50bWCrXuvp8qgzUCUQvNcfrShKMSO6W-4zlUbrMtRV81bAJ2KWNKtY1lunR_PDqXvZswI1B_bAxNN8OS&amp;csui=3\">Mesa Redonda sobre Aceite de Palma Sostenible<\/a>),&nbsp;una organizaci\u00f3n global,&nbsp;sin fines de lucro,&nbsp;que establece y verifica est\u00e1ndares para la producci\u00f3n de aceite de palma sostenible, su objetivo es asegurar que el aceite de palma no contribuya a la deforestaci\u00f3n ni al da\u00f1o de ecosistemas y comunidades.&nbsp;<\/p>\n\n\n\n<p>ISCC PLUS \u2013 EU,&nbsp;un est\u00e1ndar voluntario de sostenibilidad que verifica el uso de materias primas sostenibles, circulares y de base biol\u00f3gica en diversas industrias, siendo su&nbsp;objetivo asegurar la trazabilidad, la no deforestaci\u00f3n y la sostenibilidad ambiental y social de los productos a lo largo de toda la cadena de suministro.&nbsp;<\/p>\n\n\n\n<p><strong>P<\/strong><strong>rimeros en el mundo<\/strong><strong>&nbsp;logrando hitos empresariales&nbsp;<\/strong><strong>&nbsp;<\/strong><strong><\/strong><\/p>\n\n\n\n<p>\u201cGremca fue la primera empresa de palma en el mundo en obtener en agosto de 2023 la certificaci\u00f3n internacional para la seguridad alimentaria FSS, la cual nos permite contribuir como organizaci\u00f3n y como sector privado, al logro del segundo&nbsp;Objetivo de&nbsp;Desarrollo&nbsp;Sostenible, HAMBRE CERO en el nivel de producci\u00f3n de las cadenas agr\u00edcolas mundiales\u201d, explic\u00f3 el gerente general.<\/p>\n\n\n\n<p><\/p>\n","protected":false},"excerpt":{"rendered":"<p>El Copey, Cesar, septiembre de 2025. Rompiendo los mitos de lo imposible, en los municipios de El Copey, Cesar\u00a0y Algarrobo,\u00a0Magdalena, hace treinta a\u00f1os, un grupo de propietarios y trabajadores, aparentemente incompatibles y contra todo pron\u00f3stico, tuvieron la capacidad de despojarse de sus posiciones y paradigmas,\u00a0construyendo\u00a0una visi\u00f3n de futuro compartida, que hoy se materializa en una&#8230;<\/p>\n","protected":false},"author":5,"featured_media":17108,"comment_status":"closed","ping_status":"closed","sticky":false,"template":"","format":"standard","meta":{"_FSMCFIC_featured_image_caption":"","_FSMCFIC_featured_image_nocaption":"","_FSMCFIC_featured_image_hide":"","footnotes":""},"categories":[22],"tags":[],"class_list":["post-17107","post","type-post","status-publish","format-standard","has-post-thumbnail","hentry","category-el_resto"],"_links":{"self":[{"href":"https:\/\/economiaconedmer.com\/economiaenserio\/wp-json\/wp\/v2\/posts\/17107","targetHints":{"allow":["GET"]}}],"collection":[{"href":"https:\/\/economiaconedmer.com\/economiaenserio\/wp-json\/wp\/v2\/posts"}],"about":[{"href":"https:\/\/economiaconedmer.com\/economiaenserio\/wp-json\/wp\/v2\/types\/post"}],"author":[{"embeddable":true,"href":"https:\/\/economiaconedmer.com\/economiaenserio\/wp-json\/wp\/v2\/users\/5"}],"replies":[{"embeddable":true,"href":"https:\/\/economiaconedmer.com\/economiaenserio\/wp-json\/wp\/v2\/comments?post=17107"}],"version-history":[{"count":2,"href":"https:\/\/economiaconedmer.com\/economiaenserio\/wp-json\/wp\/v2\/posts\/17107\/revisions"}],"predecessor-version":[{"id":17111,"href":"https:\/\/economiaconedmer.com\/economiaenserio\/wp-json\/wp\/v2\/posts\/17107\/revisions\/17111"}],"wp:featuredmedia":[{"embeddable":true,"href":"https:\/\/economiaconedmer.com\/economiaenserio\/wp-json\/wp\/v2\/media\/17108"}],"wp:attachment":[{"href":"https:\/\/economiaconedmer.com\/economiaenserio\/wp-json\/wp\/v2\/media?parent=17107"}],"wp:term":[{"taxonomy":"category","embeddable":true,"href":"https:\/\/economiaconedmer.com\/economiaenserio\/wp-json\/wp\/v2\/categories?post=17107"},{"taxonomy":"post_tag","embeddable":true,"href":"https:\/\/economiaconedmer.com\/economiaenserio\/wp-json\/wp\/v2\/tags?post=17107"}],"curies":[{"name":"wp","href":"https:\/\/api.w.org\/{rel}","templated":true}]}}