{"id":17103,"date":"2025-09-15T21:04:15","date_gmt":"2025-09-16T02:04:15","guid":{"rendered":"https:\/\/economiaconedmer.com\/economiaenserio\/?p=17103"},"modified":"2025-09-15T21:05:23","modified_gmt":"2025-09-16T02:05:23","slug":"bogota-alista-negro-fest-2025-musica-y-moda-afro","status":"publish","type":"post","link":"https:\/\/economiaconedmer.com\/economiaenserio\/09\/15\/bogota-alista-negro-fest-2025-musica-y-moda-afro\/el_resto\/2025\/","title":{"rendered":"Bogot\u00e1 alista su Negro Fest 2025: m\u00fasica, moda afro y gastronom\u00eda"},"content":{"rendered":"\n<p><strong>Bogot\u00e1, septiembre 15 de 2025.\u00a0<\/strong>Tras el \u00e9xito de su primera edici\u00f3n en la capital,\u00a0<strong>Negro Fest<\/strong>\u00a0regresa a Bogot\u00e1 con una propuesta renovada que reunir\u00e1 en un mismo espacio lo mejor de las manifestaciones culturales afro de Colombia y el mundo. El pr\u00f3ximo domingo\u00a0<strong>28 de septiembre, desde las 10:00 a. m., la Plaza de Jubileo de Compensar, en la Av. 68<\/strong>, se convertir\u00e1 en el epicentro de una experiencia que integra la tradici\u00f3n y el presente a trav\u00e9s de la m\u00fasica, el baile, la moda y\u00a0la creatividad de los empresarios afro del pa\u00eds.<\/p>\n\n\n\n<p>El cartel de este a\u00f1o ofrecer\u00e1 un recorrido sonoro por distintos g\u00e9neros afro urbanos, desde la Chirim\u00eda del Choc\u00f3, el rap del artista internacional Apache, el dancehall bogotano&nbsp;con Queenstafari y Eichem, hasta el reggaet\u00f3n y el afrobeat de Rayo y Toby y Dj Africa.<\/p>\n\n\n\n<p><em>\u201cNegro Fest se ha consolidado como una plataforma que impulsa las industrias culturales afro, promueve la excelencia negra y crea un punto de encuentro entre tradici\u00f3n y contemporaneidad. En esta edici\u00f3n, queremos seguir transmitiendo un mensaje de diversidad, inclusi\u00f3n e identidad global a trav\u00e9s del concepto Black Nation, que celebra la cultura afro sin barreras de color ni fronteras\u201d,<\/em>&nbsp;afirm\u00f3&nbsp;<strong>Fabio Arboleda, director del festival<\/strong>.<\/p>\n\n\n\n<p>Adem\u00e1s de m\u00fasica en vivo, el festival presenta, a los m\u00e1s de 2.000 asistentes esperados, una agenda de experiencias como&nbsp;la Feria Gastron\u00f3mica &#8216;Kumb\u00e9&#8217;, un recorrido por los saberes y sabores del Caribe y el Pac\u00edfico colombiano donde las personas podr\u00e1n&nbsp;disfrutar de platos tradicionales y reinterpretaciones contempor\u00e1neas. De igual manera, podr\u00e1n explorar el Mercado Negro, una vitrina&nbsp;de marcas con propuestas de moda \u00e9tnica, joyer\u00eda artesanal y productos de salud y belleza, de creadores afro.<\/p>\n\n\n\n<p>As\u00ed mismo, por primera vez, Bogot\u00e1 ser\u00e1 escenario de la&nbsp;<strong>Pasarela Negra \u201cBlack Nation\u201d<\/strong>, que contar\u00e1 con la participaci\u00f3n de un dise\u00f1ador afro invitado y a las modelos de&nbsp;<em>Negro Fest Models<\/em>. A trav\u00e9s de una vibrante batalla de outfits, demostrar\u00e1n que en esta ciudad y en el pa\u00eds lo negro se vive, se expresa y se cuenta a trav\u00e9s de la moda. Adem\u00e1s, para quienes deseen sumergirse en esta herencia cultural, estar\u00e1 disponible&nbsp;<strong>La Trenzader\u00eda<\/strong>, un espacio creado para conectar con el legado afro mediante la tradici\u00f3n de los peinados.<\/p>\n\n\n\n<p>Finalmente, la energ\u00eda del baile tomar\u00e1 el escenario con la tradicional&nbsp;<strong>batalla de baile<\/strong>, en la que grupos y bailarines competir\u00e1n en coreograf\u00edas de champeta, hip-hop, dancehall, afro beat y otros ritmos urbanos, bajo la evaluaci\u00f3n de jurados expertos en danza.<\/p>\n\n\n\n<p><em>\u201cEn Compensar celebramos con entusiasmo la oportunidad de ser nuevamente anfitriones de un festival que abre las puertas al arte, la tradici\u00f3n y la innovaci\u00f3n. Este escenario no solo fortalece el di\u00e1logo intercultural, sino que tambi\u00e9n aporta a la construcci\u00f3n de una ciudad m\u00e1s incluyente, donde la diversidad no solo se reconoce, sino que se vive y se valora en cada expresi\u00f3n<\/em><em>\u201d,<\/em>&nbsp;se\u00f1al\u00f3&nbsp;<strong>Juan Manuel Rivadeneira, gerente de Recreaci\u00f3n, Cultura y Deporte de Compensar.<\/strong><\/p>\n\n\n\n<p><\/p>\n","protected":false},"excerpt":{"rendered":"<p>Bogot\u00e1, septiembre 15 de 2025.\u00a0Tras el \u00e9xito de su primera edici\u00f3n en la capital,\u00a0Negro Fest\u00a0regresa a Bogot\u00e1 con una propuesta renovada que reunir\u00e1 en un mismo espacio lo mejor de las manifestaciones culturales afro de Colombia y el mundo. El pr\u00f3ximo domingo\u00a028 de septiembre, desde las 10:00 a. m., la Plaza de Jubileo de Compensar,&#8230;<\/p>\n","protected":false},"author":5,"featured_media":17104,"comment_status":"closed","ping_status":"closed","sticky":false,"template":"","format":"standard","meta":{"_FSMCFIC_featured_image_caption":"","_FSMCFIC_featured_image_nocaption":"","_FSMCFIC_featured_image_hide":"","footnotes":""},"categories":[22],"tags":[],"class_list":["post-17103","post","type-post","status-publish","format-standard","has-post-thumbnail","hentry","category-el_resto"],"_links":{"self":[{"href":"https:\/\/economiaconedmer.com\/economiaenserio\/wp-json\/wp\/v2\/posts\/17103","targetHints":{"allow":["GET"]}}],"collection":[{"href":"https:\/\/economiaconedmer.com\/economiaenserio\/wp-json\/wp\/v2\/posts"}],"about":[{"href":"https:\/\/economiaconedmer.com\/economiaenserio\/wp-json\/wp\/v2\/types\/post"}],"author":[{"embeddable":true,"href":"https:\/\/economiaconedmer.com\/economiaenserio\/wp-json\/wp\/v2\/users\/5"}],"replies":[{"embeddable":true,"href":"https:\/\/economiaconedmer.com\/economiaenserio\/wp-json\/wp\/v2\/comments?post=17103"}],"version-history":[{"count":2,"href":"https:\/\/economiaconedmer.com\/economiaenserio\/wp-json\/wp\/v2\/posts\/17103\/revisions"}],"predecessor-version":[{"id":17106,"href":"https:\/\/economiaconedmer.com\/economiaenserio\/wp-json\/wp\/v2\/posts\/17103\/revisions\/17106"}],"wp:featuredmedia":[{"embeddable":true,"href":"https:\/\/economiaconedmer.com\/economiaenserio\/wp-json\/wp\/v2\/media\/17104"}],"wp:attachment":[{"href":"https:\/\/economiaconedmer.com\/economiaenserio\/wp-json\/wp\/v2\/media?parent=17103"}],"wp:term":[{"taxonomy":"category","embeddable":true,"href":"https:\/\/economiaconedmer.com\/economiaenserio\/wp-json\/wp\/v2\/categories?post=17103"},{"taxonomy":"post_tag","embeddable":true,"href":"https:\/\/economiaconedmer.com\/economiaenserio\/wp-json\/wp\/v2\/tags?post=17103"}],"curies":[{"name":"wp","href":"https:\/\/api.w.org\/{rel}","templated":true}]}}