{"id":17090,"date":"2025-09-13T06:48:17","date_gmt":"2025-09-13T11:48:17","guid":{"rendered":"https:\/\/economiaconedmer.com\/economiaenserio\/?p=17090"},"modified":"2025-09-13T06:48:20","modified_gmt":"2025-09-13T11:48:20","slug":"86-de-encuestados-en-a-latina-dice-que-tener-carro-mejora-su-calidad-de-vida","status":"publish","type":"post","link":"https:\/\/economiaconedmer.com\/economiaenserio\/09\/13\/86-de-encuestados-en-a-latina-dice-que-tener-carro-mejora-su-calidad-de-vida\/el_resto\/2025\/","title":{"rendered":"86% de encuestados en A. Latina dice que tener carro mejora su calidad de vida"},"content":{"rendered":"\n<p><strong><em>Estudio revela que en Am\u00e9rica Latina y Asia-Pac\u00edfico, el auto propio es una herramienta que proporciona bienestar, autonom\u00eda y es fuente de inclusi\u00f3n y mayor interacci\u00f3n con la comunidad.<\/em><\/strong><\/p>\n\n\n\n<p>Un estudio realizado por Ipsos en Am\u00e9rica Latina y por Censuswide en Asia-Pac\u00edfico, revelan que el 86% de las personas consultadas en Am\u00e9rica Latina, considera que tener un veh\u00edculo mejora su calidad de vida. Adem\u00e1s, el 81% lo asocia con mejores oportunidades laborales y el 77% con mayor seguridad y una vida social activa. En Am\u00e9rica Latina y Asia-Pac\u00edfico, el auto propio es una herramienta que proporciona bienestar, autonom\u00eda y es fuente de inclusi\u00f3n y mayor interacci\u00f3n con la comunidad.<\/p>\n\n\n\n<p>Sin embargo, la industria automotriz enfrenta un desaf\u00edo complejo: el transporte vial representa el 15% de las emisiones globales de gases de efecto invernadero. El estudio provee algunas l\u00edneas de pensamiento para abordar este dilema a trav\u00e9s de una transici\u00f3n a la medida de cada mercado hacia veh\u00edculos de nuevas tecnolog\u00edas y emisiones m\u00e1s reducidas.<\/p>\n\n\n\n<p>Mauricio Ram\u00edrez, director de la Unidad de Estudios de Marketing e Innovaci\u00f3n de Ipsos, explic\u00f3 que \u201c<em>la relevancia del estudio radica en dos puntos principales: por un lado, logra un robusto diagn\u00f3stico de la situaci\u00f3n actual que experimentan el sector automotriz y la movilidad \u2014una dimensi\u00f3n clave de nuestra vida en sociedad\u2014 y, por otro, sienta las bases para un an\u00e1lisis evolutivo de su progreso en los pr\u00f3ximos a\u00f1os\u201d.<\/em><\/p>\n\n\n\n<p><strong>Disposici\u00f3n al cambio<\/strong><\/p>\n\n\n\n<p>Los consumidores en cada uno de los pa\u00edses muestran diferentes niveles de disposici\u00f3n al cambio, relacionados con actual madurez y penetraci\u00f3n de la categor\u00eda.<\/p>\n\n\n\n<p>El primer contraste entre ambas regiones es el conocimiento de la categor\u00eda. En Asia-Pac\u00edfico, donde el 26% de los encuestados declara ya poseer un vF m\u00e1s del 80% conoce tanto las tecnolog\u00edas totalmente el\u00e9ctricas como las h\u00edbridas, en comparaci\u00f3n con menos del 40% en Am\u00e9rica Latina.<\/p>\n\n\n\n<p>Aun as\u00ed, el 57% de los latinoamericanos valora positivamente los veh\u00edculos de nuevas energ\u00edas (NEVs) a la vez que un 37% se\u00f1ala la conciencia medioambiental como el gran motivador para el cambio. Sin embargo, el 65% indica que se inclinar\u00eda por un auto de combusti\u00f3n tradicional en la pr\u00f3xima compra. Las principales barreras para el cambio provienen del alto precio de compra y la falta de infraestructura de carga.<\/p>\n\n\n\n<p>Los hallazgos de \u201cMotores del Cambio\u201d&nbsp;revelan una oportunidad significativa para que Am\u00e9rica Latina integre los NEVs en sus sistemas de transporte, mostrando que la transici\u00f3n de movilidad puede lograrse de manera m\u00e1s r\u00e1pida y equitativa mediante la colaboraci\u00f3n entre los responsables de las pol\u00edticas p\u00fablicas, los fabricantes automotrices, los distribuidores y la industria energ\u00e9tica. El informe tambi\u00e9n describe soluciones espec\u00edficas, como subsidios y beneficios fiscales y de circulaci\u00f3n para el consumidor y el fomento de la inversi\u00f3n en expansi\u00f3n de la infraestructura. En todos los casos, estas medidas para ser exitosas deben estar alineadas con la realidad del mercado para generar confianza en los consumidores y abordar sus preocupaciones.&nbsp;<\/p>\n\n\n\n<p>Este informe es el primero del&nbsp;<em>Centro para la Movilidad del Futuro&nbsp;<\/em>de Inchcape, un nuevo centro de conocimiento que ofrece informaci\u00f3n pr\u00e1ctica sobre c\u00f3mo lograr que la transici\u00f3n hacia la movilidad global sea sostenible, equitativa y efectiva.<\/p>\n\n\n\n<p><\/p>\n","protected":false},"excerpt":{"rendered":"<p>Estudio revela que en Am\u00e9rica Latina y Asia-Pac\u00edfico, el auto propio es una herramienta que proporciona bienestar, autonom\u00eda y es fuente de inclusi\u00f3n y mayor interacci\u00f3n con la comunidad. Un estudio realizado por Ipsos en Am\u00e9rica Latina y por Censuswide en Asia-Pac\u00edfico, revelan que el 86% de las personas consultadas en Am\u00e9rica Latina, considera que&#8230;<\/p>\n","protected":false},"author":5,"featured_media":17091,"comment_status":"closed","ping_status":"closed","sticky":false,"template":"","format":"standard","meta":{"_FSMCFIC_featured_image_caption":"","_FSMCFIC_featured_image_nocaption":"","_FSMCFIC_featured_image_hide":"","footnotes":""},"categories":[22],"tags":[],"class_list":["post-17090","post","type-post","status-publish","format-standard","has-post-thumbnail","hentry","category-el_resto"],"_links":{"self":[{"href":"https:\/\/economiaconedmer.com\/economiaenserio\/wp-json\/wp\/v2\/posts\/17090","targetHints":{"allow":["GET"]}}],"collection":[{"href":"https:\/\/economiaconedmer.com\/economiaenserio\/wp-json\/wp\/v2\/posts"}],"about":[{"href":"https:\/\/economiaconedmer.com\/economiaenserio\/wp-json\/wp\/v2\/types\/post"}],"author":[{"embeddable":true,"href":"https:\/\/economiaconedmer.com\/economiaenserio\/wp-json\/wp\/v2\/users\/5"}],"replies":[{"embeddable":true,"href":"https:\/\/economiaconedmer.com\/economiaenserio\/wp-json\/wp\/v2\/comments?post=17090"}],"version-history":[{"count":1,"href":"https:\/\/economiaconedmer.com\/economiaenserio\/wp-json\/wp\/v2\/posts\/17090\/revisions"}],"predecessor-version":[{"id":17092,"href":"https:\/\/economiaconedmer.com\/economiaenserio\/wp-json\/wp\/v2\/posts\/17090\/revisions\/17092"}],"wp:featuredmedia":[{"embeddable":true,"href":"https:\/\/economiaconedmer.com\/economiaenserio\/wp-json\/wp\/v2\/media\/17091"}],"wp:attachment":[{"href":"https:\/\/economiaconedmer.com\/economiaenserio\/wp-json\/wp\/v2\/media?parent=17090"}],"wp:term":[{"taxonomy":"category","embeddable":true,"href":"https:\/\/economiaconedmer.com\/economiaenserio\/wp-json\/wp\/v2\/categories?post=17090"},{"taxonomy":"post_tag","embeddable":true,"href":"https:\/\/economiaconedmer.com\/economiaenserio\/wp-json\/wp\/v2\/tags?post=17090"}],"curies":[{"name":"wp","href":"https:\/\/api.w.org\/{rel}","templated":true}]}}