{"id":17079,"date":"2025-09-11T20:14:44","date_gmt":"2025-09-12T01:14:44","guid":{"rendered":"https:\/\/economiaconedmer.com\/economiaenserio\/?p=17079"},"modified":"2025-09-11T20:14:45","modified_gmt":"2025-09-12T01:14:45","slug":"metlife-xcelerator-reconocido-por-democratizar-proteccion-financiera","status":"publish","type":"post","link":"https:\/\/economiaconedmer.com\/economiaenserio\/09\/11\/metlife-xcelerator-reconocido-por-democratizar-proteccion-financiera\/corticas\/2025\/","title":{"rendered":"MetLife Xcelerator, reconocido por democratizar protecci\u00f3n financiera"},"content":{"rendered":"\n<p><strong>Colombia<\/strong><strong>,\u00a0<\/strong><strong>Septiembre<\/strong><strong>\u00a02025<\/strong><strong>\u00a0\u2013<\/strong>\u00a0MetLife\u00a0Xcelerator, la unidad digital de innovaci\u00f3n de MetLife en Am\u00e9rica\u00a0Latina,\u00a0fue reconocida en los\u00a0AIP\u00a0Awards\u00a02025, organizados por la Alianza\u00a0Insurtech\u00a0Panamericana (AIP),\u00a0por su rol en democratizar el acceso a la protecci\u00f3n financiera a trav\u00e9s de soluciones digitales simples, voluntarias y embebidas en plataformas de alto uso, como pagos, cr\u00e9ditos y e-commerce.<\/p>\n\n\n\n<p>Durante la ceremonia de premiaci\u00f3n, que se llev\u00f3 a cabo en el marco del encuentro Evoluci\u00f3n&nbsp;InsurtechLatam&nbsp;(EILA), uno de los eventos m\u00e1s importantes de la industria en la regi\u00f3n, MetLife Xcelerator recibi\u00f3 el galard\u00f3n&nbsp;en las&nbsp;categor\u00edas&nbsp;de&nbsp;\u201cDistribuidor de seguros\u201dy&nbsp;\u201cAseguradoras, reaseguradoras o asistencias tradicionales que se transforman\u201d.&nbsp;<\/p>\n\n\n\n<p><em>\u201cEste reconocimiento reafirma nuestra visi\u00f3n: los seguros deben estar donde est\u00e1n los clientes, de forma transparente, digital y relevante en su d\u00eda a d\u00eda. En MetLife Xcelerator trabajamos para que millones de personas que antes n<\/em><em>i<\/em><em>&nbsp;consideraban acceder a protecci\u00f3n puedan hacerlo ahora, con simplicidad y confianza<\/em>\u201d, destac\u00f3 Javier Cabello, Head de MetLife Xcelerator para Am\u00e9rica Latina.<\/p>\n","protected":false},"excerpt":{"rendered":"<p>Colombia,\u00a0Septiembre\u00a02025\u00a0\u2013\u00a0MetLife\u00a0Xcelerator, la unidad digital de innovaci\u00f3n de MetLife en Am\u00e9rica\u00a0Latina,\u00a0fue reconocida en los\u00a0AIP\u00a0Awards\u00a02025, organizados por la Alianza\u00a0Insurtech\u00a0Panamericana (AIP),\u00a0por su rol en democratizar el acceso a la protecci\u00f3n financiera a trav\u00e9s de soluciones digitales simples, voluntarias y embebidas en plataformas de alto uso, como pagos, cr\u00e9ditos y e-commerce. Durante la ceremonia de premiaci\u00f3n, que se llev\u00f3&#8230;<\/p>\n","protected":false},"author":5,"featured_media":0,"comment_status":"closed","ping_status":"closed","sticky":false,"template":"","format":"standard","meta":{"_FSMCFIC_featured_image_caption":"","_FSMCFIC_featured_image_nocaption":"","_FSMCFIC_featured_image_hide":"","footnotes":""},"categories":[23],"tags":[],"class_list":["post-17079","post","type-post","status-publish","format-standard","hentry","category-corticas"],"_links":{"self":[{"href":"https:\/\/economiaconedmer.com\/economiaenserio\/wp-json\/wp\/v2\/posts\/17079","targetHints":{"allow":["GET"]}}],"collection":[{"href":"https:\/\/economiaconedmer.com\/economiaenserio\/wp-json\/wp\/v2\/posts"}],"about":[{"href":"https:\/\/economiaconedmer.com\/economiaenserio\/wp-json\/wp\/v2\/types\/post"}],"author":[{"embeddable":true,"href":"https:\/\/economiaconedmer.com\/economiaenserio\/wp-json\/wp\/v2\/users\/5"}],"replies":[{"embeddable":true,"href":"https:\/\/economiaconedmer.com\/economiaenserio\/wp-json\/wp\/v2\/comments?post=17079"}],"version-history":[{"count":1,"href":"https:\/\/economiaconedmer.com\/economiaenserio\/wp-json\/wp\/v2\/posts\/17079\/revisions"}],"predecessor-version":[{"id":17080,"href":"https:\/\/economiaconedmer.com\/economiaenserio\/wp-json\/wp\/v2\/posts\/17079\/revisions\/17080"}],"wp:attachment":[{"href":"https:\/\/economiaconedmer.com\/economiaenserio\/wp-json\/wp\/v2\/media?parent=17079"}],"wp:term":[{"taxonomy":"category","embeddable":true,"href":"https:\/\/economiaconedmer.com\/economiaenserio\/wp-json\/wp\/v2\/categories?post=17079"},{"taxonomy":"post_tag","embeddable":true,"href":"https:\/\/economiaconedmer.com\/economiaenserio\/wp-json\/wp\/v2\/tags?post=17079"}],"curies":[{"name":"wp","href":"https:\/\/api.w.org\/{rel}","templated":true}]}}