{"id":17050,"date":"2025-09-10T20:05:09","date_gmt":"2025-09-11T01:05:09","guid":{"rendered":"https:\/\/economiaconedmer.com\/economiaenserio\/?p=17050"},"modified":"2025-09-10T20:05:09","modified_gmt":"2025-09-11T01:05:09","slug":"con-tres-aviones-atr-72-600-satena-proyecta-20-nuevas-rutas-nacionales","status":"publish","type":"post","link":"https:\/\/economiaconedmer.com\/economiaenserio\/09\/10\/con-tres-aviones-atr-72-600-satena-proyecta-20-nuevas-rutas-nacionales\/el_resto\/2025\/","title":{"rendered":"Con tres aviones ATR 72-600 Satena proyecta 20 nuevas rutas nacionales"},"content":{"rendered":"\n<p><strong>Bogot\u00e1, 10 de septiembre de 2025.<\/strong>\u00a0En el marco de su estrategia de modernizaci\u00f3n y expansi\u00f3n, Satena, la aerol\u00ednea de los colombianos, incorporar\u00e1 tres nuevas aeronaves ATR 72-600 que empezar\u00e1n a arribar al pa\u00eds a partir del 16 de septiembre de 2025. Esta renovaci\u00f3n no solo representa un fortalecimiento de la flota, sino tambi\u00e9n una apuesta decidida por llevar progreso, oportunidades y esperanza a las regiones de Colombia.<\/p>\n\n\n\n<p>La\u00a0incorporaci\u00f3n de\u00a0estas aeronaves fortalecer\u00e1 la conectividad en el Pac\u00edfico, la Costa Caribe y la Orinoqu\u00eda, y marcar\u00e1 un hito hist\u00f3rico en La Guajira, un departamento donde Satena no hab\u00eda consolidado operaci\u00f3n comercial regular. Esta expansi\u00f3n abrir\u00e1 nuevas oportunidades para el turismo, dinamizar\u00e1 el comercio y favorecer\u00e1 la integraci\u00f3n de comunidades que dependen de soluciones de transporte a\u00e9reo r\u00e1pidas y seguras.<\/p>\n\n\n\n<p>M\u00e1s que nuevos trayectos, se trata de puentes a\u00e9reos que impulsar\u00e1n el turismo, dinamizar\u00e1n el comercio y permitir\u00e1n la integraci\u00f3n de comunidades que dependen de soluciones de transporte a\u00e9reo r\u00e1pidas y seguras.\u00a0Afirm\u00f3 el Mayor General Oscar Zuluaga Casta\u00f1o,\u00a0presidente de Satena.<\/p>\n\n\n\n<p>Estas tres aeronaves se suman a la actual flota de Satena, conformada por 2 ATR 72, 8 ATR 42, 2 Embraer 145 y 2 Twin Otter, alcanzando un total de 17 aviones al servicio de la conectividad del pa\u00eds. Cada ATR 72-600 cuenta con capacidad para 70 pasajeros, lo que permitir\u00e1 ampliar la cobertura y aumentar la oferta de sillas disponibles en las regiones.<\/p>\n\n\n\n<p>Las aeronaves llegar\u00e1n al pa\u00eds de manera progresiva:<\/p>\n\n\n\n<p>\u2022&nbsp;La primera aeronave&nbsp;de&nbsp;matr\u00edcula HK5464, despegar\u00e1 de&nbsp;M\u00f6nchengladbach, Alemania, el 16 de septiembre de 2025, en un vuelo ferry de aproximadamente cuatro d\u00edas rumbo a Bogot\u00e1.<\/p>\n\n\n\n<p>\u2022&nbsp;La segunda, HK5465, partir\u00e1 de&nbsp;Dinamarca&nbsp;el 26 de septiembre de 2025.<\/p>\n\n\n\n<p>\u2022&nbsp;Finalmente,&nbsp;la tercera, HK5466, despegar\u00e1 de&nbsp;Alemania&nbsp;el 6 de octubre de 2025.<\/p>\n\n\n\n<p>El ATR 72-600, de fabricaci\u00f3n franco-italiana, es reconocido como uno de los turboh\u00e9lices m\u00e1s exitosos del mundo, con m\u00e1s de 1.200 unidades construidas. La serie -600 integra tecnolog\u00eda avanzada, altos est\u00e1ndares de seguridad y costos operativos competitivos, convirti\u00e9ndose en la plataforma ideal para rutas de dif\u00edcil acceso y aer\u00f3dromos con infraestructura limitada.<\/p>\n\n\n\n<p>\u201cCada aeronave que llega representa un puente m\u00e1s entre las comunidades y las oportunidades. La conectividad no es solo un concepto operativo; es parte del progreso social, del acceso a la salud, la educaci\u00f3n y el crecimiento econ\u00f3mico\u201d, afirm\u00f3 Zuluaga.<\/p>\n\n\n\n<p>Con estas acciones, Satena reafirma su compromiso de inclusi\u00f3n a\u00e9rea, desarrollo territorial y construcci\u00f3n de un pa\u00eds m\u00e1s integrado, llevando esperanza y progreso a los territorios donde hist\u00f3ricamente nadie m\u00e1s ha llegado.<\/p>\n\n\n\n<p>Para m\u00e1s informaci\u00f3n sobre rutas, destinos y disponibilidad, los interesados pueden ingresar a&nbsp;<a rel=\"noreferrer noopener\" target=\"_blank\" href=\"http:\/\/www.satena.com\/\">www.satena.com<\/a>&nbsp;o comunicarse con el&nbsp;contact&nbsp;center oficial de la aerol\u00ednea.<\/p>\n\n\n\n<p><\/p>\n","protected":false},"excerpt":{"rendered":"<p>Bogot\u00e1, 10 de septiembre de 2025.\u00a0En el marco de su estrategia de modernizaci\u00f3n y expansi\u00f3n, Satena, la aerol\u00ednea de los colombianos, incorporar\u00e1 tres nuevas aeronaves ATR 72-600 que empezar\u00e1n a arribar al pa\u00eds a partir del 16 de septiembre de 2025. Esta renovaci\u00f3n no solo representa un fortalecimiento de la flota, sino tambi\u00e9n una apuesta&#8230;<\/p>\n","protected":false},"author":5,"featured_media":17051,"comment_status":"closed","ping_status":"closed","sticky":false,"template":"","format":"standard","meta":{"_FSMCFIC_featured_image_caption":"","_FSMCFIC_featured_image_nocaption":"","_FSMCFIC_featured_image_hide":"","footnotes":""},"categories":[22],"tags":[],"class_list":["post-17050","post","type-post","status-publish","format-standard","has-post-thumbnail","hentry","category-el_resto"],"_links":{"self":[{"href":"https:\/\/economiaconedmer.com\/economiaenserio\/wp-json\/wp\/v2\/posts\/17050","targetHints":{"allow":["GET"]}}],"collection":[{"href":"https:\/\/economiaconedmer.com\/economiaenserio\/wp-json\/wp\/v2\/posts"}],"about":[{"href":"https:\/\/economiaconedmer.com\/economiaenserio\/wp-json\/wp\/v2\/types\/post"}],"author":[{"embeddable":true,"href":"https:\/\/economiaconedmer.com\/economiaenserio\/wp-json\/wp\/v2\/users\/5"}],"replies":[{"embeddable":true,"href":"https:\/\/economiaconedmer.com\/economiaenserio\/wp-json\/wp\/v2\/comments?post=17050"}],"version-history":[{"count":1,"href":"https:\/\/economiaconedmer.com\/economiaenserio\/wp-json\/wp\/v2\/posts\/17050\/revisions"}],"predecessor-version":[{"id":17052,"href":"https:\/\/economiaconedmer.com\/economiaenserio\/wp-json\/wp\/v2\/posts\/17050\/revisions\/17052"}],"wp:featuredmedia":[{"embeddable":true,"href":"https:\/\/economiaconedmer.com\/economiaenserio\/wp-json\/wp\/v2\/media\/17051"}],"wp:attachment":[{"href":"https:\/\/economiaconedmer.com\/economiaenserio\/wp-json\/wp\/v2\/media?parent=17050"}],"wp:term":[{"taxonomy":"category","embeddable":true,"href":"https:\/\/economiaconedmer.com\/economiaenserio\/wp-json\/wp\/v2\/categories?post=17050"},{"taxonomy":"post_tag","embeddable":true,"href":"https:\/\/economiaconedmer.com\/economiaenserio\/wp-json\/wp\/v2\/tags?post=17050"}],"curies":[{"name":"wp","href":"https:\/\/api.w.org\/{rel}","templated":true}]}}