{"id":16992,"date":"2025-09-08T18:36:00","date_gmt":"2025-09-08T23:36:00","guid":{"rendered":"https:\/\/economiaconedmer.com\/economiaenserio\/?p=16992"},"modified":"2025-09-08T18:37:32","modified_gmt":"2025-09-08T23:37:32","slug":"deficit-de-talento-en-logistica-es-del-66-en-el-pais","status":"publish","type":"post","link":"https:\/\/economiaconedmer.com\/economiaenserio\/09\/08\/deficit-de-talento-en-logistica-es-del-66-en-el-pais\/el_resto\/2025\/","title":{"rendered":"D\u00e9ficit de talento en log\u00edstica: 66%"},"content":{"rendered":"\n<p><strong>Bogot\u00e1, septiembre 8 de 2025.<\/strong> Recientemente se celebr\u00f3 en Colombia el <em>D\u00eda del Log\u00edstico<\/em>, una fecha a\u00fan poco conocida, pero que desde hace 16 a\u00f1os conmemora la relevancia de esta profesi\u00f3n para el desarrollo del pa\u00eds, como factor determinante para el crecimiento de la econom\u00eda y de los distintos sectores productivos.<\/p>\n\n\n\n<p>De acuerdo con el Departamento Nacional de Planeaci\u00f3n (DNP), la log\u00edstica representa aproximadamente el <strong>8% del PIB colombiano<\/strong>, mientras que el Ministerio de Transporte estima que esta industria genera m\u00e1s de <strong>1,6 millones de empleos al a\u00f1o<\/strong>. Sin embargo, el pa\u00eds a\u00fan enfrenta grandes desaf\u00edos en este \u00e1mbito: altos costos, infraestructura insuficiente, crisis de contenedores, competitividad, sostenibilidad y adopci\u00f3n de nuevas tecnolog\u00edas. Todo ello repercute en el \u00cdndice de Desempe\u00f1o Log\u00edstico (IDL), donde Colombia cay\u00f3 del puesto 58 al 66 en 2023 seg\u00fan el Banco Mundial.<\/p>\n\n\n\n<h3 class=\"wp-block-heading\"><a><\/a><strong>El desaf\u00edo de la formaci\u00f3n de talento<\/strong><\/h3>\n\n\n\n<p>La escasez de profesionales especializados es uno de los retos m\u00e1s cr\u00edticos. El Informe de Escasez de Talento 2025 de ManpowerGroup revela que en Colombia existe un <strong>d\u00e9ficit del 66% de talento en log\u00edstica<\/strong>, con necesidades urgentes de conductores, t\u00e9cnicos operativos, personal de mantenimiento y especialistas en automatizaci\u00f3n. Esta brecha educativa y laboral limita la capacidad del pa\u00eds para responder a la demanda de un sector en constante transformaci\u00f3n.<\/p>\n\n\n\n<p>Para <strong>Juan \u00c1ngel, Country Manager de Drivin en Colombia<\/strong>, <em>\u201cla aceleraci\u00f3n del comercio electr\u00f3nico ha llevado a que la log\u00edstica se diversifique y que la digitalizaci\u00f3n sea hoy una necesidad transversal. La adopci\u00f3n de soluciones tecnol\u00f3gicas y el avance hacia una log\u00edstica m\u00e1s sostenible deben ir de la mano de la formaci\u00f3n desde las aulas, garantizando m\u00e1s y mejores profesionales para el sector\u201d<\/em>.<\/p>\n\n\n\n<p><strong>La educaci\u00f3n como impulso para el crecimiento del sector <\/strong><strong><\/strong><\/p>\n\n\n\n<p>Consciente de este panorama, <strong>Drivin<\/strong> impulsa desde hace cuatro a\u00f1os el programa <strong>Drivin Academy<\/strong>, una iniciativa dirigida a instituciones educativas vinculadas a la log\u00edstica. A trav\u00e9s de charlas, talleres y capacitaciones pr\u00e1cticas, el programa ha formado a m\u00e1s de <strong>12.000 estudiantes y docentes de la regi\u00f3n<\/strong>, entregando herramientas tecnol\u00f3gicas que fortalecen su desarrollo acad\u00e9mico y profesional.<\/p>\n\n\n\n<p>La propuesta no solo impacta a los estudiantes, tambi\u00e9n incluye a los docentes, quienes acceden a recursos que les permiten enriquecer sus metodolog\u00edas y aprovechar al m\u00e1ximo las oportunidades de la digitalizaci\u00f3n. De esta manera, las aulas se convierten en espacios de aprendizaje m\u00e1s cercanos a la realidad del sector productivo.<\/p>\n\n\n\n<h3 class=\"wp-block-heading\"><a><\/a><strong>Una invitaci\u00f3n a las instituciones educativas<\/strong><\/h3>\n\n\n\n<p>Entender la importancia de la formaci\u00f3n de profesionales para el sector es tambi\u00e9n un recordatorio a las instituciones. Incorporar programas y herramientas tecnol\u00f3gicas en las aulas no solo contribuye a cerrar brechas de conocimiento, sino que prepara a los futuros profesionales para enfrentar los retos de competitividad, sostenibilidad y digitalizaci\u00f3n que demanda el pa\u00eds.<\/p>\n\n\n\n<p>En palabras de Juan \u00c1ngel, <em>\u201chablar de log\u00edsticos no es solo reconocer el presente de la profesi\u00f3n, sino tambi\u00e9n asumir la responsabilidad de fortalecer su futuro a trav\u00e9s de la educaci\u00f3n y la innovaci\u00f3n\u201d<\/em>.<\/p>\n\n\n\n<p><\/p>\n","protected":false},"excerpt":{"rendered":"<p>Bogot\u00e1, septiembre 8 de 2025. Recientemente se celebr\u00f3 en Colombia el D\u00eda del Log\u00edstico, una fecha a\u00fan poco conocida, pero que desde hace 16 a\u00f1os conmemora la relevancia de esta profesi\u00f3n para el desarrollo del pa\u00eds, como factor determinante para el crecimiento de la econom\u00eda y de los distintos sectores productivos. De acuerdo con el&#8230;<\/p>\n","protected":false},"author":5,"featured_media":16993,"comment_status":"closed","ping_status":"closed","sticky":false,"template":"","format":"standard","meta":{"_FSMCFIC_featured_image_caption":"","_FSMCFIC_featured_image_nocaption":"","_FSMCFIC_featured_image_hide":"","footnotes":""},"categories":[22],"tags":[],"class_list":["post-16992","post","type-post","status-publish","format-standard","has-post-thumbnail","hentry","category-el_resto"],"_links":{"self":[{"href":"https:\/\/economiaconedmer.com\/economiaenserio\/wp-json\/wp\/v2\/posts\/16992","targetHints":{"allow":["GET"]}}],"collection":[{"href":"https:\/\/economiaconedmer.com\/economiaenserio\/wp-json\/wp\/v2\/posts"}],"about":[{"href":"https:\/\/economiaconedmer.com\/economiaenserio\/wp-json\/wp\/v2\/types\/post"}],"author":[{"embeddable":true,"href":"https:\/\/economiaconedmer.com\/economiaenserio\/wp-json\/wp\/v2\/users\/5"}],"replies":[{"embeddable":true,"href":"https:\/\/economiaconedmer.com\/economiaenserio\/wp-json\/wp\/v2\/comments?post=16992"}],"version-history":[{"count":3,"href":"https:\/\/economiaconedmer.com\/economiaenserio\/wp-json\/wp\/v2\/posts\/16992\/revisions"}],"predecessor-version":[{"id":16997,"href":"https:\/\/economiaconedmer.com\/economiaenserio\/wp-json\/wp\/v2\/posts\/16992\/revisions\/16997"}],"wp:featuredmedia":[{"embeddable":true,"href":"https:\/\/economiaconedmer.com\/economiaenserio\/wp-json\/wp\/v2\/media\/16993"}],"wp:attachment":[{"href":"https:\/\/economiaconedmer.com\/economiaenserio\/wp-json\/wp\/v2\/media?parent=16992"}],"wp:term":[{"taxonomy":"category","embeddable":true,"href":"https:\/\/economiaconedmer.com\/economiaenserio\/wp-json\/wp\/v2\/categories?post=16992"},{"taxonomy":"post_tag","embeddable":true,"href":"https:\/\/economiaconedmer.com\/economiaenserio\/wp-json\/wp\/v2\/tags?post=16992"}],"curies":[{"name":"wp","href":"https:\/\/api.w.org\/{rel}","templated":true}]}}