{"id":16887,"date":"2025-08-31T21:05:42","date_gmt":"2025-09-01T02:05:42","guid":{"rendered":"https:\/\/economiaconedmer.com\/economiaenserio\/?p=16887"},"modified":"2025-10-04T09:51:59","modified_gmt":"2025-10-04T14:51:59","slug":"alza-del-salario-minimo-de-2026-rondaria-el-7","status":"publish","type":"post","link":"https:\/\/economiaconedmer.com\/economiaenserio\/08\/31\/alza-del-salario-minimo-de-2026-rondaria-el-7\/el_bolsillo\/2025\/","title":{"rendered":"Alza del m\u00ednimo de 2026 deber\u00eda ser de 6,5%, pero Petro quiere aumentar el 11%"},"content":{"rendered":"\n<p><strong>Por \u00c9dmer Tova Mart\u00ednez, director de Econom\u00eda en Serio.<\/strong><\/p>\n\n\n\n<p>\u00abTengo la oportunidad de hacer otro aumento del salario m\u00ednimo durante mi Gobierno: el que regir\u00e1 en 2026. Voy a aprovechar\u00bb. As\u00ed lo anticip\u00f3 hace unos d\u00edas el presidente Gustavo Petro, en una de las recientes alocuciones presidenciales, al se\u00f1alar que en su administraci\u00f3n ha habido una considerable mejora del ingreso de los colombianos que devengan el salario m\u00ednimo. Es m\u00e1s, algunos medios aseguran que Petro dijo recientemente que su Gobierno subir\u00eda 11% el ingreso m\u00ednimo para alrededor de cuatro millones de colombianos.<\/p>\n\n\n\n<p>Este panorama le agrega incertidumbre a la econom\u00eda, pues mientras el banco de la Rep\u00fablica dice que no baja su tasa de referencia porque la inflaci\u00f3n sigue siendo alta, el Gobierno sostiene que si las tasas no ceden terreno, tendr\u00e1 que subir el salario m\u00ednimo varios puntos por encima de la inflaci\u00f3n para que a los hogares les alcance la plata para cubrir sus necesidades m\u00ednimas de consumo.  <\/p>\n\n\n\n<p>En efecto, las cifras de los \u00faltimos tres a\u00f1os indican que el salario m\u00ednimo ha aumentado varios puntos por encima de la inflaci\u00f3n causada, m\u00e1s la productividad, es decir, que desde 2022 se rompi\u00f3 esta f\u00f3rmula aplicada por los gobiernos de turno, y que han defendido los empresarios y los analistas econ\u00f3micos. <\/p>\n\n\n\n<p>Por ejemplo, en 2022 la inflaci\u00f3n termin\u00f3 en 13,12% y el aumento del salario m\u00ednimo que rigi\u00f3 en 2023 fue de 16%. As\u00ed mismo, en 2023, el \u00cdndice Precios al Consumidor (IPC) cerr\u00f3 en 9,28% y el incremento del salario m\u00ednimo del 2024 fue de 12%. Igualmente, la inflaci\u00f3n del 2024 fue de 5,20% y el Gobierno decret\u00f3 un incremento salarial de 9,53% para 2025.<\/p>\n\n\n\n<p>Es m\u00e1s, el panorama del 2025 y 2026 parece que se comportar\u00e1 de la misma manera. Mientras la inflaci\u00f3n de 2025 podr\u00eda terminar en alrededor del 4,5%, el incremento del salario m\u00ednimo rondar\u00eda el 7%, porque as\u00ed lo ha manifestado el presidente Gustavo Petro, quien sin hacer referencia a una cifra, ya advirti\u00f3 que \u00abaprovechar\u00e1\u00bb el aumento del 2026 para seguir en la senda de mejorar la capacidad adquisitiva de quienes devengan el salario m\u00ednimo en Colombia, es decir unos cuatro millones de personas.<\/p>\n\n\n\n<p> No hay duda de que estos aumentos de salario tienen un impacto positivo en la capacidad de compra de quienes se benefician de ellos, pues est\u00e1 claro que si alguien tiene un mayor ingreso y una menor inflaci\u00f3n, el dinero le alcanza para comprar m\u00e1s cosas.<\/p>\n\n\n\n<p>Esta realidad ha acompa\u00f1ado al Gobierno actual, que a su vez se ha visto respaldado por la reducci\u00f3n del desempleo, indicador que este a\u00f1o regres\u00f3 a un d\u00edgito, y que en julio pasado se ubic\u00f3 en 8,8%, una de las cifras m\u00e1s bajas de la \u00faltima d\u00e9cada. Tal comportamiento ha dejado sin argumentos, por lo menos temporalmente, a quienes afirman que cuando el salario aumenta por encima de la inflaci\u00f3n, m\u00e1s la productividad, esto afecta el empleo, pues se dice que las empresas se abstienen de contratar personal porque la n\u00f3mina les sale muy costosa. La realidad en los \u00faltimos tres a\u00f1os el salario ha subido varios puntos encima del IPC, y el desempleo, a cambio de aumentar, ha disminuido.<\/p>\n\n\n\n<p><strong>No todo es color de rosa<\/strong><\/p>\n\n\n\n<p>Como est\u00e1n las cosas, cualquiera podr\u00eda decir que la fiesta esta buena, pero el problema va a ser la &#8216;resaca&#8217;. En medio de este panorama aparentemente positivo, las cosas no van bien en lo que respecta al crecimiento del PIB, al comportamiento de la inflaci\u00f3n y las tasas de inter\u00e9s.<\/p>\n\n\n\n<p>En buena medida, estos indicadores, aunque no se puede negar que han mejorado, s\u00ed se han afectado por el elevado incremento del salario m\u00ednimo de los \u00faltimos tres a\u00f1os, porque cuando los hogares tienen m\u00e1s dinero para comprar productos, la inflaci\u00f3n sube, o baja menor ritmo de lo que lo podr\u00eda hacer. Esto ha impedido que el Banco de la Rep\u00fablica baje m\u00e1s sus tasas y, por esa v\u00eda, el crecimiento de la econom\u00eda se hace m\u00e1s lento.<\/p>\n\n\n\n<p>Lo anterior evidencia la contradicci\u00f3n del Gobierno, en el sentido de que mientras, por un lado pide bajar las tasas de inter\u00e9s para dinamizar la econom\u00eda, por el otro atiza la inflaci\u00f3n por la v\u00eda del aumento del salario m\u00ednimo, y eso frena cualquier posibilidad de que las tasas de inter\u00e9s bajen, con lo cual el ciclo econ\u00f3mico cae en un c\u00edrculo vicioso que perjudica la din\u00e1mica del crecimiento.<\/p>\n\n\n\n<p>Esta situaci\u00f3n tambi\u00e9n ha sido alimentada por el gasto del Gobierno, el incremento de los contratos de prestaci\u00f3n de servicios en entidades p\u00fablicas, el d\u00e9ficit fiscal que encarece el endeudamiento, y el ingreso de remesas que env\u00edan al pa\u00eds los colombianos que residen en el exterior, entre otros factores.   <\/p>\n\n\n\n<p>En conclusi\u00f3n, la econom\u00eda no crece m\u00e1s porque las tasas de inter\u00e9s est\u00e1n altas, y las tasas est\u00e1n altas porque la inflaci\u00f3n no disminuye, pero la inflaci\u00f3n no disminuye porque el Gobierno y la gente han aumentado su gasto. Todo indica que lo dif\u00edcil est\u00e1 por venir.  Por ahora, la fiesta pasa la prueba, pero el problema est\u00e1 en el &#8216;guayabo&#8217; que nos espera.  <\/p>\n\n\n\n<p>\u00a1Ah\u00ed les dejo la inquietud!<\/p>\n\n\n\n<p><\/p>\n","protected":false},"excerpt":{"rendered":"<p>Por \u00c9dmer Tova Mart\u00ednez, director de Econom\u00eda en Serio. \u00abTengo la oportunidad de hacer otro aumento del salario m\u00ednimo durante mi Gobierno: el que regir\u00e1 en 2026. Voy a aprovechar\u00bb. As\u00ed lo anticip\u00f3 hace unos d\u00edas el presidente Gustavo Petro, en una de las recientes alocuciones presidenciales, al se\u00f1alar que en su administraci\u00f3n ha habido&#8230;<\/p>\n","protected":false},"author":5,"featured_media":16889,"comment_status":"closed","ping_status":"closed","sticky":false,"template":"","format":"standard","meta":{"_FSMCFIC_featured_image_caption":"","_FSMCFIC_featured_image_nocaption":"","_FSMCFIC_featured_image_hide":"","footnotes":""},"categories":[2],"tags":[],"class_list":["post-16887","post","type-post","status-publish","format-standard","has-post-thumbnail","hentry","category-el_bolsillo"],"_links":{"self":[{"href":"https:\/\/economiaconedmer.com\/economiaenserio\/wp-json\/wp\/v2\/posts\/16887","targetHints":{"allow":["GET"]}}],"collection":[{"href":"https:\/\/economiaconedmer.com\/economiaenserio\/wp-json\/wp\/v2\/posts"}],"about":[{"href":"https:\/\/economiaconedmer.com\/economiaenserio\/wp-json\/wp\/v2\/types\/post"}],"author":[{"embeddable":true,"href":"https:\/\/economiaconedmer.com\/economiaenserio\/wp-json\/wp\/v2\/users\/5"}],"replies":[{"embeddable":true,"href":"https:\/\/economiaconedmer.com\/economiaenserio\/wp-json\/wp\/v2\/comments?post=16887"}],"version-history":[{"count":10,"href":"https:\/\/economiaconedmer.com\/economiaenserio\/wp-json\/wp\/v2\/posts\/16887\/revisions"}],"predecessor-version":[{"id":17520,"href":"https:\/\/economiaconedmer.com\/economiaenserio\/wp-json\/wp\/v2\/posts\/16887\/revisions\/17520"}],"wp:featuredmedia":[{"embeddable":true,"href":"https:\/\/economiaconedmer.com\/economiaenserio\/wp-json\/wp\/v2\/media\/16889"}],"wp:attachment":[{"href":"https:\/\/economiaconedmer.com\/economiaenserio\/wp-json\/wp\/v2\/media?parent=16887"}],"wp:term":[{"taxonomy":"category","embeddable":true,"href":"https:\/\/economiaconedmer.com\/economiaenserio\/wp-json\/wp\/v2\/categories?post=16887"},{"taxonomy":"post_tag","embeddable":true,"href":"https:\/\/economiaconedmer.com\/economiaenserio\/wp-json\/wp\/v2\/tags?post=16887"}],"curies":[{"name":"wp","href":"https:\/\/api.w.org\/{rel}","templated":true}]}}